{"id":10547,"date":"2020-08-04T09:00:00","date_gmt":"2020-08-04T12:00:00","guid":{"rendered":"https:\/\/cndl.org.br\/varejosa\/?p=10547"},"modified":"2024-03-07T20:38:34","modified_gmt":"2024-03-07T23:38:34","slug":"empresarios-faturam-como-influenciadores-digitais","status":"publish","type":"post","link":"https:\/\/cndl.org.br\/varejosa\/empresarios-faturam-como-influenciadores-digitais\/","title":{"rendered":"Empres\u00e1rios faturam como influenciadores digitais"},"content":{"rendered":"\n<p class=\"has-text-align-center\"><em><strong>Especialista em comunica\u00e7\u00e3o e influ\u00eancia digital fala sobre como a capacita\u00e7\u00e3o para vender nas redes sociais pode manter um neg\u00f3cio \u00e0 prova de crises<\/strong><\/em><\/p>\n\n\n\n<p>Enquanto a maioria das empresas demite, a empres\u00e1ria de moda Luciane Cachinski conta que passou de 4 para 18 funcion\u00e1rias para acompanhar a demanda que aumentou quatro vezes, mesmo durante a pandemia.&nbsp;<em>\u201cLogo em mar\u00e7o tivemos em minha cidade 14 dias de lockdown e fiquei preocupada pelo fato de vestu\u00e1rio n\u00e3o ser segmento essencial. Comecei a postar diariamente v\u00eddeos com diferentes looks. Quando voltamos do lockdown, cheguei a demitir uma das costureiras com medo da crise, mas tive que chamar de volta em virtude do resultado das postagens que havia feito. Passados quatro meses, aumentamos tamb\u00e9m a linha de produ\u00e7\u00e3o\u201d, <\/em>conta a empres\u00e1ria que se prepara para ocupar nesta semana um espa\u00e7o de 500 m\u00b2 de \u00e1rea fabril, ante os antigos 150m\u00b2.<\/p>\n\n\n\n<p>&nbsp;Ela credita o resultado a um investimento em cursos de capacita\u00e7\u00e3o de como usar a marca pessoal nos neg\u00f3cios e ser uma influenciadora para seu nicho. A cria\u00e7\u00e3o de um canal no Youtube, lembra, foi a grande virada que a fez reativar a loja online que estava parada h\u00e1 um ano. Hoje, com 318 mil inscritos no YouTube e quase 59 mil seguidores no Instagram, diz ter descoberto que uma verdadeira paix\u00e3o al\u00e9m da moda: a comunica\u00e7\u00e3o.<\/p>\n\n\n\n<div class=\"wp-block-image\"><figure class=\"alignleft size-large is-resized\"><img loading=\"lazy\" decoding=\"async\" src=\"https:\/\/cndl.org.br\/varejosa\/wp-content\/uploads\/2020\/08\/pod\u00f3loga-Alexsandra-Nogueira-1.jpeg\" alt=\"\" class=\"wp-image-10559\" width=\"312\" height=\"416\"\/><figcaption><em><strong>A pod\u00f3loga e esteticista Alexsandra Nogueira<\/strong><\/em><\/figcaption><\/figure><\/div>\n\n\n\n<p>A influ\u00eancia nas redes sociais tamb\u00e9m foi um porto seguro para a pod\u00f3loga e esteticista Alexsandra Nogueira. Ela, assim como Luciane, estava investindo em um posicionamento profissional nas redes sociais \u2013 hoje com aproximados 9 mil seguidores no Instagram e 1 mil no Youtube, criado recentemente \u2013 e diz ter descoberto durante o isolamento como j\u00e1 influenciava os profissionais da \u00e1rea. \u201c<em>Eu n\u00e3o tinha como atender clientes, nem realizar meus cursos presencialmente. Me perguntei: como oferecer cursos, mesmo que virtualmente, para outros profissionais que estavam com a renda comprometida pelo fechamento dos sal\u00f5es? Reduzi os valores das inscri\u00e7\u00f5es e ofereci uma turma. Vendi 118 vagas em 48 horas. Desde mar\u00e7o, j\u00e1 foram 415 inscri\u00e7\u00f5es feitas<\/em>\u201d, relata.<\/p>\n\n\n\n<p>Al\u00ea Nogueira, como \u00e9 conhecida pelas seguidoras, viu a renda aumentar de R$ 6 mil para R$ 18 mil e atualmente negocia com marcas da ind\u00fastria de podologia o lan\u00e7amento de um kit de hidrata\u00e7\u00e3o podal que levar\u00e1 seu nome. Sobre ter ficado famosa entre colegas da \u00e1rea, comenta: \u201c<em>tem aluna que diz ficar emocionada quando fala comigo. Eu mesma n\u00e3o acredito no que est\u00e1 acontecendo<\/em>\u201d.&nbsp;<\/p>\n\n\n\n<div class=\"wp-block-image\"><figure class=\"alignright size-large is-resized\"><img loading=\"lazy\" decoding=\"async\" src=\"https:\/\/cndl.org.br\/varejosa\/wp-content\/uploads\/2020\/08\/especialista-influenciadora-1-682x1024.jpeg\" alt=\"\" class=\"wp-image-10557\" width=\"328\" height=\"492\" srcset=\"https:\/\/cndl.org.br\/varejosa\/wp-content\/uploads\/2020\/08\/especialista-influenciadora-1-682x1024.jpeg 682w, https:\/\/cndl.org.br\/varejosa\/wp-content\/uploads\/2020\/08\/especialista-influenciadora-1-200x300.jpeg 200w, https:\/\/cndl.org.br\/varejosa\/wp-content\/uploads\/2020\/08\/especialista-influenciadora-1-768x1152.jpeg 768w, https:\/\/cndl.org.br\/varejosa\/wp-content\/uploads\/2020\/08\/especialista-influenciadora-1.jpeg 853w\" sizes=\"auto, (max-width: 328px) 100vw, 328px\" \/><figcaption><em><strong>Dani Almeida, especialista em comunica\u00e7\u00e3o e influ\u00eancia digital<\/strong><\/em><\/figcaption><\/figure><\/div>\n\n\n\n<p>Dani Almeida, especialista em comunica\u00e7\u00e3o e influ\u00eancia digital, que chegou \u00e0 casa de 4.950 alunos de cursos e mentorias sobre como ser reconhecido no mundo digital, conta que, apenas nos \u00faltimos quatro meses, recebeu cerca de 300 solicita\u00e7\u00f5es de pessoas que desejam se fortalecer nas redes sociais para alavancar vendas de produtos e servi\u00e7os e se manterem economicamente seguras.<\/p>\n\n\n\n<p>Em um levantamento feito pela especialista, com 1.108 entre donos de pequenos e m\u00e9dios neg\u00f3cios, profissionais liberais e gestores de redes sociais (social media), foi registrado que 83,7% acredita que as redes sociais podem ajudar a faturar, mas n\u00e3o sabe como fazer vendas usando a internet. Quando perguntados se eles s\u00e3o a imagem do seu neg\u00f3cio nas redes (influenciadores do pr\u00f3prio neg\u00f3cio), s\u00f3 metade afirma ter uma comunica\u00e7\u00e3o humanizada. O mesmo levantamento mostrou que 75,7% n\u00e3o sabe como atrair clientes no online e 88,7% diz n\u00e3o saber que tipo de conte\u00fado gerar para faturar online.<\/p>\n\n\n\n<p>&nbsp;\u201c<em>Em um cen\u00e1rio onde todo mundo j\u00e1 entendeu que precisa influenciar para faturar, a pesquisa indica como as pessoas ainda n\u00e3o est\u00e3o preparadas. Os consumidores est\u00e3o buscando se conectar cada vez mais com pessoas no mundo digital, n\u00e3o com logotipos. Isso \u00e9 imprescind\u00edvel para estabelecer um elo de confian\u00e7a. Pessoas confiam em pessoas. Ainda mais em momentos de crise. \u00c9 preciso especializa\u00e7\u00e3o\u201d, <\/em>destaca a especialista que h\u00e1 tr\u00eas anos vem orientando esses pequenos e m\u00e9dios empres\u00e1rios com aulas que v\u00e3o desde profissionalizar suas redes sociais, desenvolvendo estrat\u00e9gias de vendas em diferentes canais, at\u00e9 conquistar autoridade no mundo online.<\/p>\n\n\n\n<p>&nbsp;Ela conta que 53% dos alunos que procuram por suas aulas afirmam precisar das redes sociais para vender, 31% almeja apenas criar conte\u00fado sem foco em vendas, enquanto 16% s\u00e3o de pessoas que desejam trabalhar com m\u00eddias digitais. Segundo a especialista, um universo oposto se considerar anos atr\u00e1s, quando o perfil de alunos era, majoritariamente, de pessoas que buscavam se tornar embaixadores de marcas. \u201cTodos somos influenciadores. <em>A din\u00e2mica de oferta, atendimento e vendas mudou e a pandemia est\u00e1 aqui para provar que os profissionais que se reinventaram conseguiram manter ou aumentar sua renda como empreendedores influenciadores<\/em>\u201d, completa.<\/p>\n","protected":false},"excerpt":{"rendered":"<p>Especialista em comunica\u00e7\u00e3o e influ\u00eancia digital fala sobre como a capacita\u00e7\u00e3o para vender nas redes sociais pode manter um neg\u00f3cio \u00e0 prova de crises Enquanto [&hellip;]<\/p>\n","protected":false},"author":7,"featured_media":10548,"comment_status":"open","ping_status":"open","sticky":false,"template":"","format":"standard","meta":{"footnotes":""},"categories":[1836],"tags":[5110,694,2882,249],"class_list":["post-10547","post","type-post","status-publish","format-standard","has-post-thumbnail","hentry","category-marketing-e-vendas","tag-dani-almeida","tag-digitalizacao","tag-influenciadores","tag-varejo"],"_links":{"self":[{"href":"https:\/\/cndl.org.br\/varejosa\/wp-json\/wp\/v2\/posts\/10547","targetHints":{"allow":["GET"]}}],"collection":[{"href":"https:\/\/cndl.org.br\/varejosa\/wp-json\/wp\/v2\/posts"}],"about":[{"href":"https:\/\/cndl.org.br\/varejosa\/wp-json\/wp\/v2\/types\/post"}],"author":[{"embeddable":true,"href":"https:\/\/cndl.org.br\/varejosa\/wp-json\/wp\/v2\/users\/7"}],"replies":[{"embeddable":true,"href":"https:\/\/cndl.org.br\/varejosa\/wp-json\/wp\/v2\/comments?post=10547"}],"version-history":[{"count":0,"href":"https:\/\/cndl.org.br\/varejosa\/wp-json\/wp\/v2\/posts\/10547\/revisions"}],"wp:featuredmedia":[{"embeddable":true,"href":"https:\/\/cndl.org.br\/varejosa\/wp-json\/wp\/v2\/media\/10548"}],"wp:attachment":[{"href":"https:\/\/cndl.org.br\/varejosa\/wp-json\/wp\/v2\/media?parent=10547"}],"wp:term":[{"taxonomy":"category","embeddable":true,"href":"https:\/\/cndl.org.br\/varejosa\/wp-json\/wp\/v2\/categories?post=10547"},{"taxonomy":"post_tag","embeddable":true,"href":"https:\/\/cndl.org.br\/varejosa\/wp-json\/wp\/v2\/tags?post=10547"}],"curies":[{"name":"wp","href":"https:\/\/api.w.org\/{rel}","templated":true}]}}