{"id":10747,"date":"2020-09-03T05:00:00","date_gmt":"2020-09-03T08:00:00","guid":{"rendered":"https:\/\/cndl.org.br\/varejosa\/?p=10747"},"modified":"2024-03-07T20:38:25","modified_gmt":"2024-03-07T23:38:25","slug":"marcelo-silva-o-varejo-precisa-acreditar-que-e-possivel-mudar-o-cenario","status":"publish","type":"post","link":"https:\/\/cndl.org.br\/varejosa\/marcelo-silva-o-varejo-precisa-acreditar-que-e-possivel-mudar-o-cenario\/","title":{"rendered":"Presidente do IDV fala sobre a Semana Brasil"},"content":{"rendered":"\n<p><strong><em>Acreditamos que chegou a hora da retomada, com consci\u00eancia e responsabilidade por parte de lojistas e consumidores<\/em><\/strong><\/p>\n\n\n\n<p>Desenvolvida para aquecer as vendas durante a semana em que se comemora a independ\u00eancia do pa\u00eds, a Semana Brasil 2020 come\u00e7a nesta quinta-feira (3) e vai at\u00e9 13 de setembro. A a\u00e7\u00e3o re\u00fane lojas de diferentes setores, como alimenta\u00e7\u00e3o, eletr\u00f4nicos e eletrodom\u00e9sticos, que se prop\u00f5em a oferecer descontos aos consumidores e \u00e9 vista com grande expectativa pelo com\u00e9rcio, que ter\u00e1 a sua primeira data comemorativa do varejo ap\u00f3s a abertura do com\u00e9rcio.<\/p>\n\n\n\n<p>Articulada pela Secretaria de Comunica\u00e7\u00e3o do governo federal (Secom), a a\u00e7\u00e3o tem parceria e coordena\u00e7\u00e3o do Instituto para Desenvolvimento do Varejo (IDV), que preparou as a\u00e7\u00f5es de comunica\u00e7\u00e3o e mobiliza\u00e7\u00e3o junto \u00e1s entidades representativas do com\u00e9rcio e servi\u00e7o.<\/p>\n\n\n\n<p>O presidente do IDV, Marcelo Silva, concedeu uma entrevista para o Portal Varejo S.A e falou das expectativas para as duas semanas da campanha e da import\u00e2ncia da Semana Brasil para a retomada do setor varejista.<\/p>\n\n\n\n<p><strong>Muitos falam que por conta da pandemia a Semana Brasil n\u00e3o deveria acontecer. Por que a decis\u00e3o de manter a data no calend\u00e1rio?<\/strong><br>A crise ocasionada pela Covid-19 gerou enorme impacto em todos os setores da economia brasileira, e fatores econ\u00f4micos e sociais modificaram profundamente a rela\u00e7\u00e3o com o consumo, tornando-o mais racional e menos emocional. As pessoas est\u00e3o mobilizadas para salvar neg\u00f3cios e empregos, alguns indicadores t\u00eam mostrado uma rea\u00e7\u00e3o da economia e que h\u00e1 uma demanda reprimida. Muitos consumidores est\u00e3o ansiosos para retomar a rotina das compras, mas de forma mais consciente. Acreditamos que chegou a hora da retomada, mas com muita consci\u00eancia e responsabilidade tanto por parte de lojistas quanto dos consumidores.<\/p>\n\n\n\n<p><strong>O tema da Semana Brasil deste ano \u00e9 \u201cTodos juntos com seguran\u00e7a pela retomada e o emprego\u201d. De que forma a campanha pode ajudar os comerciantes a seguirem os protocolos de seguran\u00e7a<\/strong>?<br>Na retomada gradual do com\u00e9rcio, os empres\u00e1rios implementaram todos os protocolos para garantir a seguran\u00e7a de funcion\u00e1rios e clientes. Al\u00e9m disso, o IDV elaborou um guia completo com todas as recomenda\u00e7\u00f5es visando, sempre, a sa\u00fade de todos. O guia est\u00e1 na p\u00e1gina do IDV.<strong> <a href=\"https:\/\/www.idv.org.br\/wp-content\/uploads\/2020\/06\/GUIA-DE-BOAS-PRATICAS-PARA-RETOMADA-DAS-ATIVIDADES_Edicao-02_v2020.05.05-19h20.pdf\">Confira no link<\/a> <\/strong><\/p>\n\n\n\n<p><strong>Qual o principal objetivo da campanha em 2020? Consolidar a data no calend\u00e1rio ou ajudar a retomada das atividades comerciais?<\/strong><br>Com base na campanha do ano anterior, que teve uma resposta muito positiva, mas de 11% de ades\u00e3o do varejo convencional e mais de 30% do com\u00e9rcio online, achamos que a Semana Brasil poderia motivar uma retomada por parte dos consumidores e dos varejistas. Desta forma, o principal objetivo desta a\u00e7\u00e3o \u00e9 a retomada da economia, pois esta ser\u00e1 a primeira grande data do varejo ap\u00f3s a reabertura do com\u00e9rcio.<\/p>\n\n\n\n<p><strong>Porque a campanha est\u00e1 maior esse ano?<\/strong><br>Aumentamos o prazo da campanha justamente para evitar a correria e as aglomera\u00e7\u00f5es, t\u00e3o comuns nessas datas. O que precisamos agora \u00e9 criar um clima de motiva\u00e7\u00e3o para reduzirmos o impacto dessa crise nas pequenas e m\u00e9dias empresas que, aos poucos, vem mostrando recupera\u00e7\u00e3o, primeiro em junho depois em julho e agosto. Esse evento \u00e9 uma retomada, um rein\u00edcio.<\/p>\n\n\n\n<p><strong>Em que a Semana Brasil pode impactar na economia nesse momento de crise<\/strong>?<br>Como disse, esta&nbsp;ser\u00e1 a primeira grande data do varejo ap\u00f3s a reabertura do com\u00e9rcio, e muitos empres\u00e1rios est\u00e3o preparando a\u00e7\u00f5es para levar vantagens reais aos consumidores e estimular o consumo. Ser\u00e1 uma grande oportunidade para o varejo minimizar um pouco as perdas ocorridas desde mar\u00e7o, in\u00edcio da pandemia no pa\u00eds. O que precisamos agora \u00e9 criar um clima de motiva\u00e7\u00e3o para reduzirmos o impacto dessa crise nas pequenas e m\u00e9dias empresas que, aos poucos, vem mostrando recupera\u00e7\u00e3o, primeiro em junho depois em julho e agosto. Os varejistas j\u00e1 est\u00e3o trabalhando com as ind\u00fastrias. Eles, mais do que ningu\u00e9m, precisam acreditar que \u00e9 poss\u00edvel melhorar esse cen\u00e1rio. Quando o consumo aumenta a ind\u00fastria ganha, os empregos s\u00e3o preservados e a economia volta a girar\u201d<\/p>\n\n\n\n<p><strong>Como est\u00e1 sendo a ades\u00e3o do varejo neste ano?<\/strong><br>A Semana Brasil tem o apoio de diversas entidades e unir\u00e1 todos os setores econ\u00f4micos e concorrentes. S\u00e3o quase cem institui\u00e7\u00f5es envolvidas nessa campanha. Todo o varejo se uniu para realizar o evento deste ano, amplificando o seu alcance e dando condi\u00e7\u00f5es para que pequenas e m\u00e9dias empresas tamb\u00e9m possam se engajar e tirar proveito desta retomada.<\/p>\n\n\n\n<p><strong>O com\u00e9rcio se digitalizou por conta da pandemia. Como isso vai influir na Semana Brasil?<\/strong><br>A pandemia nos mostrou que as empresas que ainda n\u00e3o est\u00e3o no mundo digital devem entrar urgentemente. O digital \u00e9 uma cultura, e quem estiver inserido nele est\u00e1 fadado ao insucesso. O consumidor se acostumou a comprar no conforto de seu lar, por isso, as empresas que est\u00e3o no digital tendem a ter mais sucesso do que aquelas que n\u00e3o est\u00e3o. Esta \u00e9 uma tend\u00eancia irrevers\u00edvel, que ficar\u00e1 ainda mais em evid\u00eancia na Semana Brasil.<\/p>\n\n\n\n<p>Mas tamb\u00e9m entendemos que o online o offline se combinam. Achamos que o consumidor deve ter mais confian\u00e7a para irem \u00e0s lojas f\u00edsicas tamb\u00e9m. A experi\u00eancia na loja, o contato com os produtos e os vendedores continua sendo essencial. J\u00e1 existe um cuidado muito grande dos comerciantes de adotarem todos os protocolos de seguran\u00e7a.<\/p>\n\n\n\n<p><\/p>\n","protected":false},"excerpt":{"rendered":"<p>Acreditamos que chegou a hora da retomada, com consci\u00eancia e responsabilidade por parte de lojistas e consumidores Desenvolvida para aquecer as vendas durante a semana [&hellip;]<\/p>\n","protected":false},"author":5,"featured_media":10748,"comment_status":"open","ping_status":"open","sticky":false,"template":"","format":"standard","meta":{"footnotes":""},"categories":[1836],"tags":[5118,3779,249,272],"class_list":["post-10747","post","type-post","status-publish","format-standard","has-post-thumbnail","hentry","category-marketing-e-vendas","tag-marcelo-silva","tag-semana-brasil","tag-varejo","tag-varejo-sa"],"_links":{"self":[{"href":"https:\/\/cndl.org.br\/varejosa\/wp-json\/wp\/v2\/posts\/10747","targetHints":{"allow":["GET"]}}],"collection":[{"href":"https:\/\/cndl.org.br\/varejosa\/wp-json\/wp\/v2\/posts"}],"about":[{"href":"https:\/\/cndl.org.br\/varejosa\/wp-json\/wp\/v2\/types\/post"}],"author":[{"embeddable":true,"href":"https:\/\/cndl.org.br\/varejosa\/wp-json\/wp\/v2\/users\/5"}],"replies":[{"embeddable":true,"href":"https:\/\/cndl.org.br\/varejosa\/wp-json\/wp\/v2\/comments?post=10747"}],"version-history":[{"count":0,"href":"https:\/\/cndl.org.br\/varejosa\/wp-json\/wp\/v2\/posts\/10747\/revisions"}],"wp:featuredmedia":[{"embeddable":true,"href":"https:\/\/cndl.org.br\/varejosa\/wp-json\/wp\/v2\/media\/10748"}],"wp:attachment":[{"href":"https:\/\/cndl.org.br\/varejosa\/wp-json\/wp\/v2\/media?parent=10747"}],"wp:term":[{"taxonomy":"category","embeddable":true,"href":"https:\/\/cndl.org.br\/varejosa\/wp-json\/wp\/v2\/categories?post=10747"},{"taxonomy":"post_tag","embeddable":true,"href":"https:\/\/cndl.org.br\/varejosa\/wp-json\/wp\/v2\/tags?post=10747"}],"curies":[{"name":"wp","href":"https:\/\/api.w.org\/{rel}","templated":true}]}}