{"id":10950,"date":"2020-10-08T12:52:14","date_gmt":"2020-10-08T15:52:14","guid":{"rendered":"https:\/\/cndl.org.br\/varejosasa\/?p=10950"},"modified":"2024-01-18T15:01:31","modified_gmt":"2024-01-18T18:01:31","slug":"vendas-no-varejo-crescem-34-em-agosto","status":"publish","type":"post","link":"https:\/\/cndl.org.br\/varejosa\/vendas-no-varejo-crescem-34-em-agosto\/","title":{"rendered":"Vendas no varejo crescem 3,4% em agosto"},"content":{"rendered":"\n<p>O com\u00e9rcio varejista teve a quarta alta mensal seguida em agosto com o crescimento de 3,4% no per\u00edodo. Na compara\u00e7\u00e3o com o mesmo per\u00edodo no ano passado, o com\u00e9rcio cresceu 6,1%, terceiro resultado positivo seguido. Os dados s\u00e3o da Pesquisa Mensal do Com\u00e9rcio (PMC), divulgada nesta quinta-feira (8) pelo IBGE.<\/p>\n\n\n\n<p>Com o resultado, o setor atinge o maior patamar de vendas desde 2000, ficando 2,6% acima do recorde anterior, de outubro de 2014, como conta o gerente da pesquisa, Cristiano Santos.<\/p>\n\n\n\n<p>\u201cO varejo em abril teve o pior momento, com o indicador se situando 18,7% abaixo do n\u00edvel de fevereiro, per\u00edodo pr\u00e9-pandemia. Esses n\u00fameros foram sendo rebatidos nos meses seguintes, at\u00e9 que em agosto o setor ficou 8,2% acima de fevereiro\u201d, explica o gerente da PMC, Cristiano Santos.<\/p>\n\n\n\n<p>Para o presidente da Confedera\u00e7\u00e3o Nacional de Dirigentes Lojistas (CNDL), Jos\u00e9 C\u00e9sar da Costa, o resultado da pesquisa n\u00e3o foi uma surpresa. \u201cSab\u00edamos que a flexibiliza\u00e7\u00e3o das medidas de restri\u00e7\u00e3o traria f\u00f4lego ao setor varejistas e, ao mesmo tempo, j\u00e1 t\u00ednhamos verificado que a ajuda proporcionada pelo Aux\u00edlio Emergencial estava surtindo um efeito virtuoso na economia\u201d, diz Jos\u00e9 C\u00e9sar.<\/p>\n\n\n\n<p>Segundo o presidente da CNDL, as medidas governamentais tiveram grande apoio das entidades representativas do com\u00e9rcio e servi\u00e7o, que atuaram ativamente para aprova\u00e7\u00e3o e aperfei\u00e7oamento das propostas. \u201cAs lideran\u00e7as empresariais, como as da CNDL, fizeram um grande esfor\u00e7o junto aos parlamentares para encontrarem as melhores sa\u00eddas para a crise\u201d, diz. \u201cEssa parceria foi fundamental para o resultado fant\u00e1stico que vemos agora\u201d. &nbsp;&nbsp;&nbsp;&nbsp;<\/p>\n\n\n\n<p>Para o dirigente, a capacidade de adapta\u00e7\u00e3o do varejo brasileiro \u00e0s novas necessidades do consumidor deve ser destacada. \u201cO comerciante foi r\u00e1pido ao perceber que a digitaliza\u00e7\u00e3o e a ado\u00e7\u00e3o de novos servi\u00e7os como o delivery seriam determinantes para a continua\u00e7\u00e3o dos neg\u00f3cios\u201d, explica o dirigente.<\/p>\n\n\n\n<p><strong>Desempenho por atividade<br><\/strong>Cinco das 8 atividades pesquisadas tiveram alta na passagem de julho para agosto. Entre as que apresentaram maior crescimento est\u00e3o tecidos, vestu\u00e1rio e cal\u00e7ados (30,5%), outros artigos de uso pessoal e dom\u00e9stico (10,4%), m\u00f3veis e eletrodom\u00e9sticos (4,6%), equipamentos e material para escrit\u00f3rio, inform\u00e1tica e comunica\u00e7\u00e3o (1,5%) e combust\u00edveis e lubrificantes (1,3%).<\/p>\n\n\n\n<p>Livros, jornais, revistas e papelaria recuaram 24,7%. O jornaleiro Maur\u00edcio Souza diz que est\u00e1 sem esperan\u00e7a de melhora nas vendas.<\/p>\n\n\n\n<p>No com\u00e9rcio varejista ampliado, o volume de vendas cresceu 4,6% frente a julho de 2020. Nos \u00faltimos 12 meses, o com\u00e9rcio varejista acumula alta de 0,5%.<\/p>\n\n\n\n<p><strong>Com informa\u00e7\u00f5es da Ag\u00eancia IBGE<\/strong><\/p>\n","protected":false},"excerpt":{"rendered":"<p>O com\u00e9rcio varejista teve a quarta alta mensal seguida em agosto com o crescimento de 3,4% no per\u00edodo. Na compara\u00e7\u00e3o com o mesmo per\u00edodo no [&hellip;]<\/p>\n","protected":false},"author":7,"featured_media":10951,"comment_status":"open","ping_status":"open","sticky":false,"template":"","format":"standard","meta":{"footnotes":""},"categories":[26],"tags":[279,290,249,272],"class_list":["post-10950","post","type-post","status-publish","format-standard","has-post-thumbnail","hentry","category-negocios-e-economia","tag-cndl","tag-jose-cesar-da-costa","tag-varejo","tag-varejo-sa"],"_links":{"self":[{"href":"https:\/\/cndl.org.br\/varejosa\/wp-json\/wp\/v2\/posts\/10950","targetHints":{"allow":["GET"]}}],"collection":[{"href":"https:\/\/cndl.org.br\/varejosa\/wp-json\/wp\/v2\/posts"}],"about":[{"href":"https:\/\/cndl.org.br\/varejosa\/wp-json\/wp\/v2\/types\/post"}],"author":[{"embeddable":true,"href":"https:\/\/cndl.org.br\/varejosa\/wp-json\/wp\/v2\/users\/7"}],"replies":[{"embeddable":true,"href":"https:\/\/cndl.org.br\/varejosa\/wp-json\/wp\/v2\/comments?post=10950"}],"version-history":[{"count":0,"href":"https:\/\/cndl.org.br\/varejosa\/wp-json\/wp\/v2\/posts\/10950\/revisions"}],"wp:featuredmedia":[{"embeddable":true,"href":"https:\/\/cndl.org.br\/varejosa\/wp-json\/wp\/v2\/media\/10951"}],"wp:attachment":[{"href":"https:\/\/cndl.org.br\/varejosa\/wp-json\/wp\/v2\/media?parent=10950"}],"wp:term":[{"taxonomy":"category","embeddable":true,"href":"https:\/\/cndl.org.br\/varejosa\/wp-json\/wp\/v2\/categories?post=10950"},{"taxonomy":"post_tag","embeddable":true,"href":"https:\/\/cndl.org.br\/varejosa\/wp-json\/wp\/v2\/tags?post=10950"}],"curies":[{"name":"wp","href":"https:\/\/api.w.org\/{rel}","templated":true}]}}