{"id":11022,"date":"2020-10-19T20:37:04","date_gmt":"2020-10-19T23:37:04","guid":{"rendered":"https:\/\/cndl.org.br\/varejosa\/?p=11022"},"modified":"2024-03-07T20:37:39","modified_gmt":"2024-03-07T23:37:39","slug":"cndl-comemora-o-passado-olhando-para-o-futuro","status":"publish","type":"post","link":"https:\/\/cndl.org.br\/varejosa\/cndl-comemora-o-passado-olhando-para-o-futuro\/","title":{"rendered":"CNDL comemora sua hist\u00f3ria olhando para o futuro"},"content":{"rendered":"\n<p class=\"has-text-align-center\"><strong>Com tecnologia e apre\u00e7o pela sua hist\u00f3ria, Confedera\u00e7\u00e3o Nacional de Dirigentes Lojistas celebra 60 anos de contribui\u00e7\u00e3o para o varejo<\/strong> <\/p>\n\n\n\n<p>Nesta quarta-feira (21), a Confedera\u00e7\u00e3o Nacional de Dirigentes Lojistas (CNDL) vai celebrar seus 60 anos de exist\u00eancia. O evento ser\u00e1 transmitido ao vivo de Belo Horizonte, a partir das 19h, pelos canais da CNDL no Youtube e Facebook. O vice-presidente da Rep\u00fablica, Hamilton Mour\u00e3o, participar\u00e1 da cerim\u00f4nia, que contar\u00e1 ainda com a presen\u00e7a virtual de governadores, ministros e autoridades de todo o pa\u00eds.<\/p>\n\n\n\n<p>Os planos de uma grande festa presencial foram suspensos por conta dos protocolos de seguran\u00e7a da pandemia da Covid-19. Ainda assim, espera-se uma bela cerim\u00f4nia que vai relembrar os momentos marcantes da mais importante entidade representativa do com\u00e9rcio e servi\u00e7o do Brasil.<\/p>\n\n\n\n<p>Criada em outubro de 1960, a CNDL nasceu para defender os interesses de um setor que ao longo dos anos criou corpo e ganhou em import\u00e2ncia significativa na economia nacional. Hoje, calcula-se que ela seja respons\u00e1vel por 76% do PIB nacional e por 17 milh\u00f5es de trabalhadores com carteira assinada.<\/p>\n\n\n\n<p>A Confedera\u00e7\u00e3o \u00e9 composta por duas mil entidades aut\u00f4nomas, as chamadas C\u00e2maras de Diretores Lojistas (CDLs), que juntas re\u00fanem 500 mil empresas em 1,4 milh\u00e3o de pontos de venda, e s\u00e3o respons\u00e1veis por 5% do PIB nacional, algo como R$ 340 bilh\u00f5es por ano e cinco milh\u00f5es de empregos formais.<\/p>\n\n\n\n<p>\u201cA ideia desse evento \u00e9 homenagear essa institui\u00e7\u00e3o que tanto fez pelo varejo e que, ao longo dos anos, acabou ganhando uma import\u00e2ncia que a coloca entre os atores das grandes decis\u00f5es nacionais\u201d, explica o presidente da CNDL, Jos\u00e9 C\u00e9sar da Costa. \u201cEssa \u00e9 a hora relembrar de onde viemos e o que nos tornamos. Sabemos que hoje bandeiras importantes s\u00e3o compartilhadas por grande parte da popula\u00e7\u00e3o e temos um papel importante nessa conscientiza\u00e7\u00e3o\u201d, diz o presidente da CNDL.<\/p>\n\n\n\n<div class=\"wp-block-image\"><figure class=\"alignleft size-large is-resized\"><img loading=\"lazy\" decoding=\"async\" src=\"https:\/\/cndl.org.br\/varejosa\/wp-content\/uploads\/2020\/07\/abril_desenvolvendvarejopag_14_15c.jpg\" alt=\"\" class=\"wp-image-2100\" width=\"384\" height=\"256\" srcset=\"https:\/\/cndl.org.br\/varejosa\/wp-content\/uploads\/2020\/07\/abril_desenvolvendvarejopag_14_15c.jpg 1000w, https:\/\/cndl.org.br\/varejosa\/wp-content\/uploads\/2020\/07\/abril_desenvolvendvarejopag_14_15c-300x200.jpg 300w, https:\/\/cndl.org.br\/varejosa\/wp-content\/uploads\/2020\/07\/abril_desenvolvendvarejopag_14_15c-768x512.jpg 768w\" sizes=\"auto, (max-width: 384px) 100vw, 384px\" \/><figcaption><strong><em>Reuni\u00e3o do PP 4.0 realizado no Piau\u00ed em abril.<\/em><\/strong><em><strong> De branco, o deputado Efraim Filho<\/strong><\/em>: <strong><em>&#8220;Projeto desperta a import\u00e2ncia de se organizar uma agenda que fale de empreendedorismo&#8221;.<\/em><\/strong><\/figcaption><\/figure><\/div>\n\n\n\n<p><strong>A\u00e7\u00f5es de desenvolvimento do varejo<\/strong><br>Se nas primeiras d\u00e9cadas da sua hist\u00f3ria a CNDL se preocupava em expandir o n\u00famero de associados, hoje ela busca consolidar e modernizar a rede que integra o seu sistema. \u201cA atua\u00e7\u00e3o da CNDL no territ\u00f3rio nacional possibilita que varejistas de todos os estados da Federa\u00e7\u00e3o tenham voz na luta pelas causas do setor\u201d, diz o presidente da CDL-DF, Jos\u00e9 Carlos Magalh\u00e3es Pinto.<\/p>\n\n\n\n<p>Um exemplo desse trabalho \u00e9 o projeto Pol\u00edticas P\u00fablicas 4.0, conv\u00eanio t\u00e9cnico-financeiro celebrado entre a CNDL e o Sebrae Nacional que leva qualifica\u00e7\u00e3o \u00e0s lideran\u00e7as do varejo de todo o Brasil. Com um or\u00e7amento de R$ 3,7 milh\u00f5es para ser executado ao longo de dois anos, o PP 4.0 oferece compet\u00eancia nas \u00e1reas de Rela\u00e7\u00f5es Institucionais e Governamentais, encontros para fomento ao desenvolvimento local e regional, al\u00e9m de encontros para mobiliza\u00e7\u00e3o empresarial.<\/p>\n\n\n\n<p>\u201cEssa a\u00e7\u00e3o do PP 4.0, que tem rodado todo o pa\u00eds, \u00e9 importante para aproximar nossas institui\u00e7\u00f5es do poder p\u00fablico. \u00c9 fundamental que a gente mantenha uma rela\u00e7\u00e3o institucional com os governantes, tanto para o nosso setor como para a administra\u00e7\u00e3o p\u00fablica\u201d, diz o presidente da FCDL-PB, Jos\u00e9 Lopes da Silva Neto. \u201cN\u00f3s somos tamb\u00e9m atores essenciais na constru\u00e7\u00e3o da boa pol\u00edtica. Esse encontro do PP 4.0 nos ajuda a estreitar esses la\u00e7os para a constru\u00e7\u00e3o de pol\u00edticas p\u00fablicas eficazes\u201d, afirma Silva Neto.<\/p>\n\n\n\n<p>Desde 2019, o PP 4.0 j\u00e1 fez 28 a\u00e7\u00f5es em 17 estados e capacitou mais de tr\u00eas mil lideran\u00e7as lojistas e \u00e9 visto com simpatia e por pol\u00edtico de peso, como deputado federal Efraim Filho, que tamb\u00e9m \u00e9 presidente da Frente Parlamentar Mista em Defesa do Com\u00e9rcio e Servi\u00e7o. \u201cO PP 4.0 desperta na comunidade local e nos munic\u00edpios a import\u00e2ncia de se organizar com uma agenda que fale de empreendedorismo\u201d, diz.<\/p>\n\n\n\n<div class=\"wp-block-image\"><figure class=\"alignleft size-large is-resized\"><img loading=\"lazy\" decoding=\"async\" src=\"https:\/\/cndl.org.br\/varejosa\/wp-content\/uploads\/2020\/10\/1-FIRA-1.jpeg\" alt=\"\" class=\"wp-image-11024\" width=\"383\" height=\"287\" srcset=\"https:\/\/cndl.org.br\/varejosa\/wp-content\/uploads\/2020\/10\/1-FIRA-1.jpeg 1024w, https:\/\/cndl.org.br\/varejosa\/wp-content\/uploads\/2020\/10\/1-FIRA-1-300x225.jpeg 300w, https:\/\/cndl.org.br\/varejosa\/wp-content\/uploads\/2020\/10\/1-FIRA-1-768x576.jpeg 768w\" sizes=\"auto, (max-width: 383px) 100vw, 383px\" \/><figcaption><strong><em>O presidente da CNDL, Jos\u00e9 C\u00e9sar da Costa, e o presidente da NRF, Matt Shay.<\/em><\/strong><\/figcaption><\/figure><\/div>\n\n\n\n<p><strong>Entidade do seu tempo<\/strong><br>Se internamente a CNDL trabalha para o desenvolvimento pol\u00edtico e institucional dos seus associados \u00e9 porque existe um olhar da entidade para o que h\u00e1 de mais moderno no campo do varejo. H\u00e1 d\u00e9cadas que a entidade visita as edi\u00e7\u00f5es anuais da NRF, a maior feira do varejo do mundo, realizada todos os anos em Nova York. \u00c9 de l\u00e1 que partem ideias de organiza\u00e7\u00e3o e gest\u00e3o que mais tarde s\u00e3o aplicadas pelos varejistas.<\/p>\n\n\n\n<p>As comitivas da CNDL j\u00e1 s\u00e3o tradicionais e esperadas pela organiza\u00e7\u00e3o do evento. Desde 1998 a entidade faz parte da Federa\u00e7\u00e3o das Associa\u00e7\u00f5es Internacionais de Varejo (FIRA), uma associa\u00e7\u00e3o que conta com 40 associa\u00e7\u00f5es, de 24 pa\u00edses, dos seis continentes que, juntas, discutem as principais quest\u00f5es relacionadas ao varejo no mundo.<\/p>\n\n\n\n<p>\u201cA CNDL \u00e9 um membro ativo e importante da NRF. Sempre \u00e9 um prazer trabalhar com eles\u201d, diz Matt Shay, presidente e CEO da Federa\u00e7\u00e3o Nacional do Varejo (NRF). Matt diz que considera importante o apoio que recebe da CNDL e que reconhece o trabalho das miss\u00f5es da institui\u00e7\u00e3o em Nova York. \u201cSomos muito orgulhosos de ajudar a CNDL a promover a crescente e diversificada ind\u00fastria de varejo no Brasil. Eles merecem os parab\u00e9ns pelos 60 anos\u201d, diz.<\/p>\n\n\n\n<p>\u00c9 desses encontros que a Confedera\u00e7\u00e3o prepara relat\u00f3rios, organiza reuni\u00f5es, produz material e realiza eventos internos para compartilhar conhecimento com seus associados, que recebem as mais avan\u00e7adas t\u00e9cnicas de gest\u00e3o e inova\u00e7\u00f5es na \u00e1rea de venda, marketing e tecnologia.<\/p>\n\n\n\n<p>&nbsp;\u201cRealmente, temos na NRF um evento preferencial em nosso calend\u00e1rio\u201d, diz Jos\u00e9 C\u00e9sar. \u201c\u00c9 ali que nos abastecemos das novidades e criamos impulsos para grandes avan\u00e7os do nosso setor no Brasil\u201d, diz.<\/p>\n\n\n\n<div class=\"wp-block-image\"><figure class=\"alignleft size-large is-resized\"><img loading=\"lazy\" decoding=\"async\" src=\"https:\/\/cndl.org.br\/varejosa\/wp-content\/uploads\/2020\/10\/est\u00fadio-1-768x1024.jpeg\" alt=\"\" class=\"wp-image-11026\" width=\"339\" height=\"452\"\/><figcaption><strong><em>Est\u00fadio da CNDL: tecnologioa e corpo t\u00e9cnico qualififcado a servi\u00e7o do varejo<\/em><\/strong> <\/figcaption><\/figure><\/div>\n\n\n\n<p><strong>O futuro bate \u00e0 porta<\/strong><br>Esse<em> know how<\/em> internacional p\u00f4de ser percebido em 2020, quando o com\u00e9rcio e o servi\u00e7o tiveram que se reinventar para n\u00e3o sucumbirem. Com tantas restri\u00e7\u00f5es impostas pelo isolamento social e pelas medidas de conten\u00e7\u00e3o do Coronav\u00edrus, a CNDL teve se organizar para manter seu sistema unido e informado.<\/p>\n\n\n\n<p>\u201cAntes mesmo da pandemia, n\u00f3s da CNDL j\u00e1 est\u00e1vamos nos preparando para trabalhar de forma on-line\u201d, conta Jos\u00e9 C\u00e9sar. \u201cN\u00f3s temos tecnologia para falar diretamente com os nossos associados. Ent\u00e3o essa pandemia, para n\u00f3s, teve um sentido contr\u00e1rio. Crescemos mais, nos aproximar mais e interagir mais\u201d, diz o presidente.<\/p>\n\n\n\n<p>Isso foi visto quando a CNDL utilizou um sistema sofisticado de comunica\u00e7\u00e3o, que inclui, al\u00e9m das redes sociais, um conjunto composto por equipe especializada e equipamento de ponta, como um est\u00fadio pr\u00f3prio no qual s\u00e3o preparados comunicados e programas de interesse da institui\u00e7\u00e3o.<\/p>\n\n\n\n<p>\u201cAo longo da pandemia, a CNDL usou os seus recursos para manter o sisitema ativo. Hoje transformamos completamente nosso modelo de gest\u00e3o para viver essa nova forma de ver mundo\u201d, diz Jos\u00e9 C\u00e9sar.<\/p>\n\n\n\n<div class=\"wp-block-image\"><figure class=\"alignleft size-large is-resized\"><img loading=\"lazy\" decoding=\"async\" src=\"https:\/\/cndl.org.br\/varejosa\/wp-content\/uploads\/2020\/10\/marc_cndl6-_projetomemoriaIBANEIS-1024x683-1.jpg\" alt=\"\" class=\"wp-image-11027\" width=\"428\" height=\"285\" srcset=\"https:\/\/cndl.org.br\/varejosa\/wp-content\/uploads\/2020\/10\/marc_cndl6-_projetomemoriaIBANEIS-1024x683-1.jpg 1024w, https:\/\/cndl.org.br\/varejosa\/wp-content\/uploads\/2020\/10\/marc_cndl6-_projetomemoriaIBANEIS-1024x683-1-300x200.jpg 300w, https:\/\/cndl.org.br\/varejosa\/wp-content\/uploads\/2020\/10\/marc_cndl6-_projetomemoriaIBANEIS-1024x683-1-768x512.jpg 768w\" sizes=\"auto, (max-width: 428px) 100vw, 428px\" \/><figcaption><strong><em>O presidente da CNDL. Jos\u00e9 C\u00e9sar da Costa, o governador do Distrito Federal, Ibaneis Rocha, e o presidente da CDL-DF, Jos\u00e9 Carlos Magalh\u00e3es Pinto. Projeto audacioso para a mem\u00f3ria do Varejo<\/em><\/strong>.<\/figcaption><\/figure><\/div>\n\n\n\n<p><strong>Projetos<\/strong><br>Do auge dos 60 anos, a entidade j\u00e1 tra\u00e7a os pr\u00f3ximos passos. Um deles \u00e9 a constru\u00e7\u00e3o de um memorial que guardar\u00e1 a hist\u00f3ria e a import\u00e2ncia do setor varejista na hist\u00f3ria do Brasil. \u201cTemos um projeto ambicioso em Bras\u00edlia. Conseguimos a proposta de cess\u00e3o de um terreno e n\u00f3s queremos fazer o grande Memorial do Varejo, um marco para todo o sistema\u201d, revela Jos\u00e9 C\u00e9sar.<\/p>\n\n\n\n<p>A ideia j\u00e1 foi compartilhada e aceita pelo Governador de Bras\u00edlia, Ibaneis Rocha, e a CNDL j\u00e1 possui um projeto inicial do edif\u00edcio. \u201cPretendemos ter um memorial com muita tecnologia, mas que contenha um olhar para a hist\u00f3ria do com\u00e9rcio no Brasil, que come\u00e7a desde o seu descobrimento\u201d, explica o presidente.<\/p>\n\n\n\n<p>Enquanto o museu n\u00e3o chega, a CNDL iniciou um projeto de recupera\u00e7\u00e3o da pr\u00f3pria mem\u00f3ria. Desde o in\u00edcio do ano, a entidade trabalha com historiadores para recuperar material iconogr\u00e1fico, documentos e a recupera\u00e7\u00e3o da hist\u00f3ria oral da entidade. Al\u00e9m da utiliza\u00e7\u00e3o do material que a entidade j\u00e1 possui, os pesquisadores mergulharam nos arquivos dos estados, institutos hist\u00f3ricos e centros de documenta\u00e7\u00e3o de peri\u00f3dicos. A pesquisa come\u00e7ou em fevereiro e chegar\u00e1 \u00e0 primeira parte do programa com a publica\u00e7\u00e3o de um livro sobre a entidade.<\/p>\n\n\n\n<p>Paralelo a isso, foi encomendado um projeto de gest\u00e3o de mem\u00f3ria, um protocolo de guarda de docuemntos e imagens que propiciar\u00e1 \u00e0s futuras gera\u00e7\u00f5es informa\u00e7\u00f5es importatnes sobre a CNDL. \u201cN\u00f3s, representantes da CNDL, temos muita vontade, coragem e projetos. Uma vez fizemos um discurso que falava assim: \u201co homem pensa, Deus quer, a obra aparece\u201d. Ent\u00e3o \u00e9 nesse objetivo que a gente caminha e pensa\u201d, conta Jos\u00e9 C\u00e9sar. \u201cN\u00f3s temos que idealizar sonhos, sonhar todos os dias\u201d, encerra o presidente.<\/p>\n","protected":false},"excerpt":{"rendered":"<p>Com tecnologia e apre\u00e7o pela sua hist\u00f3ria, Confedera\u00e7\u00e3o Nacional de Dirigentes Lojistas celebra 60 anos de contribui\u00e7\u00e3o para o varejo Nesta quarta-feira (21), a Confedera\u00e7\u00e3o [&hellip;]<\/p>\n","protected":false},"author":5,"featured_media":11028,"comment_status":"open","ping_status":"open","sticky":false,"template":"","format":"standard","meta":{"footnotes":""},"categories":[1836],"tags":[4760,279,5136,290,249,272],"class_list":["post-11022","post","type-post","status-publish","format-standard","has-post-thumbnail","hentry","category-marketing-e-vendas","tag-60-anos-da-cndl","tag-cndl","tag-hamilton-mourao","tag-jose-cesar-da-costa","tag-varejo","tag-varejo-sa"],"_links":{"self":[{"href":"https:\/\/cndl.org.br\/varejosa\/wp-json\/wp\/v2\/posts\/11022","targetHints":{"allow":["GET"]}}],"collection":[{"href":"https:\/\/cndl.org.br\/varejosa\/wp-json\/wp\/v2\/posts"}],"about":[{"href":"https:\/\/cndl.org.br\/varejosa\/wp-json\/wp\/v2\/types\/post"}],"author":[{"embeddable":true,"href":"https:\/\/cndl.org.br\/varejosa\/wp-json\/wp\/v2\/users\/5"}],"replies":[{"embeddable":true,"href":"https:\/\/cndl.org.br\/varejosa\/wp-json\/wp\/v2\/comments?post=11022"}],"version-history":[{"count":0,"href":"https:\/\/cndl.org.br\/varejosa\/wp-json\/wp\/v2\/posts\/11022\/revisions"}],"wp:featuredmedia":[{"embeddable":true,"href":"https:\/\/cndl.org.br\/varejosa\/wp-json\/wp\/v2\/media\/11028"}],"wp:attachment":[{"href":"https:\/\/cndl.org.br\/varejosa\/wp-json\/wp\/v2\/media?parent=11022"}],"wp:term":[{"taxonomy":"category","embeddable":true,"href":"https:\/\/cndl.org.br\/varejosa\/wp-json\/wp\/v2\/categories?post=11022"},{"taxonomy":"post_tag","embeddable":true,"href":"https:\/\/cndl.org.br\/varejosa\/wp-json\/wp\/v2\/tags?post=11022"}],"curies":[{"name":"wp","href":"https:\/\/api.w.org\/{rel}","templated":true}]}}