{"id":11099,"date":"2020-11-05T16:22:28","date_gmt":"2020-11-05T18:22:28","guid":{"rendered":"https:\/\/cndl.org.br\/varejosa\/?p=11099"},"modified":"2024-03-07T20:37:37","modified_gmt":"2024-03-07T23:37:37","slug":"pequenos-negocios-mostram-recuperacao-de-emprego","status":"publish","type":"post","link":"https:\/\/cndl.org.br\/varejosa\/pequenos-negocios-mostram-recuperacao-de-emprego\/","title":{"rendered":"Pequenos neg\u00f3cios mostram recupera\u00e7\u00e3o de emprego"},"content":{"rendered":"\n<p class=\"has-text-align-center\"><strong>Entre julho e setembro, as micro e pequenas empresas geraram 443 mil postos de trabalho, contra 245 mil das m\u00e9dias e grandes<\/strong><\/p>\n\n\n\n<p>As micro e pequenas empresas (MPE) foram as que mais demitiram no pior momento da pandemia do coronav\u00edrus no Brasil. Entre os meses de mar\u00e7o e junho, elas fecharam pouco mais de 1 milh\u00e3o de postos de trabalho, contra aproximadamente 605 mil das m\u00e9dias e grandes (MGE). Por outro lado, os pequenos neg\u00f3cios foram os que reagiram mais rapidamente \u00e0 crise, recuperando cerca de 443 mil empregos nos meses de julho, agosto e setembro, enquanto as MGE criaram quase a metade dessas vagas (245 mil), no mesmo per\u00edodo.<\/p>\n\n\n\n<p>A an\u00e1lise feita pelo Sebrae, a partir de dados do Minist\u00e9rio da Economia, mostra que no m\u00eas de julho o saldo das micro e pequenas empresas foi 2.4 vezes maior que o das MGE. J\u00e1 nos meses de agosto e setembro, os saldos das MPE foram 76% e 66% maiores que as m\u00e9dias e grandes, respectivamente. Considerando o acumulado do ano (incluindo os meses anteriores \u00e0 chegada da Covid-19), os dados mostram que, entre demiss\u00f5es e contrata\u00e7\u00f5es, as pequenas empresas tiveram um saldo melhor, com cerca de 40 mil demiss\u00f5es a menos que as MGE. No conjunto da economia, entre janeiro e setembro, o saldo foi negativo em 559 mil vagas.<\/p>\n\n\n\n<p>Para o presidente do Sebrae, Carlos Melles, os n\u00fameros confirmam um comportamento hist\u00f3rico j\u00e1 observado a respeito dos pequenos neg\u00f3cios: a resili\u00eancia e a enorme capacidade de recupera\u00e7\u00e3o desse perfil de empreendedores. \u201cAs micro e pequenas empresas s\u00e3o o motor da economia. Para sairmos mais rapidamente da crise, ser\u00e1 fundamental continuar apoiando esses empres\u00e1rios. Isso passa por uma s\u00e9rie de medidas, desde o apoio para que as empresas consigam digitalizar suas vendas at\u00e9 a amplia\u00e7\u00e3o da oferta de cr\u00e9dito, que \u00e9 um oxig\u00eanio vital para manter essas empresas operando\u201d, comenta Melles.<\/p>\n\n\n\n<p><strong>Confira os n\u00fameros do emprego<\/strong><\/p>\n\n\n\n<p>* Nos meses de mar\u00e7o a junho, as micro e pequenas empresas demitiram cerca de 1 milh\u00e3o de trabalhadores. No mesmo per\u00edodo, as m\u00e9dias e grandes encerraram 605 mil postos de trabalho.<\/p>\n\n\n\n<p>* Entre julho e setembro, os pequenos neg\u00f3cios admitiram 445 mil pessoas, enquanto as m\u00e9dias e grandes abriram 245 mil vagas.<\/p>\n\n\n\n<p>* No acumulado, entre janeiro e setembro, as micro e pequenas demitiram 294 mil pessoas, contra 333 mil demitidos nas m\u00e9dias e grandes.<\/p>\n\n\n\n<p>* A Administra\u00e7\u00e3o P\u00fablica gerou saldo positivo de 13,4 mil vagas em 2020.<\/p>\n","protected":false},"excerpt":{"rendered":"<p>Entre julho e setembro, as micro e pequenas empresas geraram 443 mil postos de trabalho, contra 245 mil das m\u00e9dias e grandes As micro e [&hellip;]<\/p>\n","protected":false},"author":11,"featured_media":11105,"comment_status":"open","ping_status":"open","sticky":false,"template":"","format":"standard","meta":{"footnotes":""},"categories":[1836],"tags":[302],"class_list":["post-11099","post","type-post","status-publish","format-standard","has-post-thumbnail","hentry","category-marketing-e-vendas","tag-emprego"],"_links":{"self":[{"href":"https:\/\/cndl.org.br\/varejosa\/wp-json\/wp\/v2\/posts\/11099","targetHints":{"allow":["GET"]}}],"collection":[{"href":"https:\/\/cndl.org.br\/varejosa\/wp-json\/wp\/v2\/posts"}],"about":[{"href":"https:\/\/cndl.org.br\/varejosa\/wp-json\/wp\/v2\/types\/post"}],"author":[{"embeddable":true,"href":"https:\/\/cndl.org.br\/varejosa\/wp-json\/wp\/v2\/users\/11"}],"replies":[{"embeddable":true,"href":"https:\/\/cndl.org.br\/varejosa\/wp-json\/wp\/v2\/comments?post=11099"}],"version-history":[{"count":0,"href":"https:\/\/cndl.org.br\/varejosa\/wp-json\/wp\/v2\/posts\/11099\/revisions"}],"wp:featuredmedia":[{"embeddable":true,"href":"https:\/\/cndl.org.br\/varejosa\/wp-json\/wp\/v2\/media\/11105"}],"wp:attachment":[{"href":"https:\/\/cndl.org.br\/varejosa\/wp-json\/wp\/v2\/media?parent=11099"}],"wp:term":[{"taxonomy":"category","embeddable":true,"href":"https:\/\/cndl.org.br\/varejosa\/wp-json\/wp\/v2\/categories?post=11099"},{"taxonomy":"post_tag","embeddable":true,"href":"https:\/\/cndl.org.br\/varejosa\/wp-json\/wp\/v2\/tags?post=11099"}],"curies":[{"name":"wp","href":"https:\/\/api.w.org\/{rel}","templated":true}]}}