{"id":11556,"date":"2021-01-22T12:13:16","date_gmt":"2021-01-22T14:13:16","guid":{"rendered":"https:\/\/cndl.org.br\/varejosa\/?p=11556"},"modified":"2026-01-29T10:43:09","modified_gmt":"2026-01-29T13:43:09","slug":"cndl-debate-emprego-e-renda-com-secretaria-do-trabalho","status":"publish","type":"post","link":"https:\/\/cndl.org.br\/varejosa\/cndl-debate-emprego-e-renda-com-secretaria-do-trabalho\/","title":{"rendered":"CNDL debate emprego e renda com Secretaria do Trabalho"},"content":{"rendered":"\n<p>O presidente da CNDL, Jos\u00e9 C\u00e9sar da Costa, se reuniu nesta quinta-feira (21) com o Secret\u00e1rio de Trabalho, vinculado \u00e0 Secretaria Especial da Previd\u00eancia e Trabalho do Minist\u00e9rio da Economia, Bruno Dalcolmo, para tratar da atual situa\u00e7\u00e3o econ\u00f4mica dos estados e sugerir a\u00e7\u00f5es de suporte ao emprego e renda no pa\u00eds.<\/p>\n\n\n\n<p>A reuni\u00e3o aconteceu por videoconfer\u00eancia e contou com a participa\u00e7\u00e3o da profissional de Rela\u00e7\u00f5es Institucionais e Governamentais da CNDL, Karoline Lima, e dos assessores do minist\u00e9rio da Economia, Tatiana Vasconcelos, Daniela Pic e Sylvio Medeiros.<\/p>\n\n\n\n<p>O presidente da CNDL apresentou um diagn\u00f3stico dos impactos da pandemia da Covid-19 no setor de com\u00e9rcio e servi\u00e7os e as propostas da Entidade para atenuar os efeitos da crise nas empresas varejistas do pa\u00eds.<\/p>\n\n\n\n<p>Costa destacou a import\u00e2ncia da renova\u00e7\u00e3o do Programa de Preserva\u00e7\u00e3o de Renda e do Emprego (BEm), que permite a suspens\u00e3o de contrato e a redu\u00e7\u00e3o de jornada e sal\u00e1rio do trabalhador e um novo adiamento de pagamentos de tributos federais, al\u00e9m da prorroga\u00e7\u00e3o do Simples Nacional nos meses de janeiro, fevereiro e mar\u00e7o deste ano.<\/p>\n\n\n\n<p>\u201cO per\u00edodo do Natal, considerado o mais importante para vendas no setor foi duramente impactado pela pandemia da Covid-19\u201d, destacou Jos\u00e9 C\u00e9sar. \u201cAl\u00e9m disso, os empres\u00e1rios acumulam perdas h\u00e1 muitos meses, o que tamb\u00e9m afetou a abertura de novas vagas de emprego. Sabemos do momento delicado que o pa\u00eds enfrenta, por isso torna-se ainda mais importante que as medidas adotadas no ano passado sejam estendidas para 2021\u201d, afirmou o presidente da CNDL.<\/p>\n\n\n\n<p>Bruno&nbsp;Dalcolmo falou sobre a import\u00e2ncia da participa\u00e7\u00e3o da CNDL e das entidades do setor varejista na constru\u00e7\u00e3o de propostas de aux\u00edlio aos empres\u00e1rios. O secret\u00e1rio destacou a abertura das consultas p\u00fablicas que reformulam legisla\u00e7\u00f5es e normativas trabalhistas atuais e afirmou que em breve ser\u00e3o lan\u00e7ados pacotes de medidas de moderniza\u00e7\u00e3o do trabalho e de desburocratiza\u00e7\u00e3o.<\/p>\n\n\n\n<p>\u201cHoje temos um desfio ainda maior que \u00e9 o or\u00e7amento. Sabemos da dificuldade do governo em manter medidas emerg\u00eancias adotadas no ano passado, mas estamos trabalhando para o lan\u00e7amento desses pacotes que trar\u00e3o al\u00edvio ao setor\u201d, disse. \u201c\u00c9 fundamental manter a economia rodando para que o processo de retomada seja efetivo\u201d, destacou Dalcomo.<\/p>\n","protected":false},"excerpt":{"rendered":"<p>O presidente da CNDL, Jos\u00e9 C\u00e9sar da Costa, se reuniu nesta quinta-feira (21) com o Secret\u00e1rio de Trabalho, vinculado \u00e0 Secretaria Especial da Previd\u00eancia e [&hellip;]<\/p>\n","protected":false},"author":10,"featured_media":11557,"comment_status":"open","ping_status":"open","sticky":false,"template":"","format":"standard","meta":{"footnotes":""},"categories":[5891],"tags":[4145,290,4146,339,4147],"class_list":["post-11556","post","type-post","status-publish","format-standard","has-post-thumbnail","hentry","category-empreendedorismo","tag-bruno-dalcolmo","tag-jose-cesar-da-costa","tag-karoline-lima","tag-ministerio-da-economia","tag-secretaria-do-trabalho"],"_links":{"self":[{"href":"https:\/\/cndl.org.br\/varejosa\/wp-json\/wp\/v2\/posts\/11556","targetHints":{"allow":["GET"]}}],"collection":[{"href":"https:\/\/cndl.org.br\/varejosa\/wp-json\/wp\/v2\/posts"}],"about":[{"href":"https:\/\/cndl.org.br\/varejosa\/wp-json\/wp\/v2\/types\/post"}],"author":[{"embeddable":true,"href":"https:\/\/cndl.org.br\/varejosa\/wp-json\/wp\/v2\/users\/10"}],"replies":[{"embeddable":true,"href":"https:\/\/cndl.org.br\/varejosa\/wp-json\/wp\/v2\/comments?post=11556"}],"version-history":[{"count":0,"href":"https:\/\/cndl.org.br\/varejosa\/wp-json\/wp\/v2\/posts\/11556\/revisions"}],"wp:featuredmedia":[{"embeddable":true,"href":"https:\/\/cndl.org.br\/varejosa\/wp-json\/wp\/v2\/media\/11557"}],"wp:attachment":[{"href":"https:\/\/cndl.org.br\/varejosa\/wp-json\/wp\/v2\/media?parent=11556"}],"wp:term":[{"taxonomy":"category","embeddable":true,"href":"https:\/\/cndl.org.br\/varejosa\/wp-json\/wp\/v2\/categories?post=11556"},{"taxonomy":"post_tag","embeddable":true,"href":"https:\/\/cndl.org.br\/varejosa\/wp-json\/wp\/v2\/tags?post=11556"}],"curies":[{"name":"wp","href":"https:\/\/api.w.org\/{rel}","templated":true}]}}