{"id":11559,"date":"2021-01-22T17:43:13","date_gmt":"2021-01-22T19:43:13","guid":{"rendered":"https:\/\/cndl.org.br\/varejosa\/?p=11559"},"modified":"2024-02-04T17:27:29","modified_gmt":"2024-02-04T20:27:29","slug":"posicionamento-da-cndl-em-relacao-a-vacinacao-contra-a-covid","status":"publish","type":"post","link":"https:\/\/cndl.org.br\/varejosa\/posicionamento-da-cndl-em-relacao-a-vacinacao-contra-a-covid\/","title":{"rendered":"CNDL: vacina\u00e7\u00e3o \u00e9 o caminho para a retomada do crescimento"},"content":{"rendered":"\n<p>A Confedera\u00e7\u00e3o Nacional de Dirigentes Lojistas (CNDL) externa o seu total apoio \u00e0 vacina\u00e7\u00e3o da popula\u00e7\u00e3o brasileira contra a Covid-19 e destaca a import\u00e2ncia da imuniza\u00e7\u00e3o em massa como \u00fanica forma segura e eficaz de combate \u00e0 pandemia do coronav\u00edrus.<\/p>\n\n\n\n<p>Para a CNDL, mais do que solu\u00e7\u00e3o definitiva no combate \u00e0 doen\u00e7a, a vacina\u00e7\u00e3o vai representar a retomada das atividades econ\u00f4micas. Somente com a popula\u00e7\u00e3o imunizada ser\u00e1 poss\u00edvel reaver as atividades do dia a dia da popula\u00e7\u00e3o, a dinamiza\u00e7\u00e3o do consumo e a gera\u00e7\u00e3o de empregos no pa\u00eds.<\/p>\n\n\n\n<p>Exercendo o seu papel de representante de mais de 500 mil empresas brasileiras, a Confedera\u00e7\u00e3o lan\u00e7ar\u00e1 nos pr\u00f3ximos dias uma campanha nacional de est\u00edmulo \u00e0 vacina\u00e7\u00e3o, que contar\u00e1 com o apoio das mais de duas mil C\u00e2maras de Dirigentes Lojistas (CDLs) que, juntas, re\u00fanem 1,4 milh\u00e3o de pontos de venda.<\/p>\n\n\n\n<p>A CNDL acredita que a mobiliza\u00e7\u00e3o \u00e9 um esfor\u00e7o que vale a pena, uma vez que o controle da pandemia, por meio da vacina\u00e7\u00e3o, \u00e9 a maneira mais r\u00e1pida do Brasil resgatar as discuss\u00f5es sobre as reformas e seguir o rumo de transforma\u00e7\u00e3o t\u00e3o desejada pelos brasileiros.<\/p>\n\n\n\n<p>Neste momento delicado, em que os n\u00fameros da Covid-19 crescem em todo o mundo, a CNDL destaca a import\u00e2ncia da popula\u00e7\u00e3o manter os cuidados de distanciamento social, uso das m\u00e1scaras e de higiene das m\u00e3os.<\/p>\n\n\n\n<p>A CNDL segue junto ao Poder P\u00fablico em busca de solu\u00e7\u00f5es que possam, de alguma maneira, amenizar os impactos econ\u00f4micos causados pela pandemia, e entende que n\u00e3o existe mais espa\u00e7o para antagonismos que s\u00f3 fazem estender a agonia que j\u00e1 ceifou mais de 200 mil vidas e retirou o trabalho de milh\u00f5es de brasileiros. \u00c9 hora de agir!<\/p>\n\n\n\n<p>Assim, conclamamos o Sistema CNDL a aderir \u00e0 programa\u00e7\u00e3o oficial de vacina\u00e7\u00e3o a ser definida pelas autoridades sanit\u00e1rias e a servir, se necess\u00e1rio, como apoio log\u00edstico no esfor\u00e7o de imuniza\u00e7\u00e3o da popula\u00e7\u00e3o.<\/p>\n\n\n\n<p>Juntos somos mais fortes!&nbsp;&nbsp;<\/p>\n\n\n\n<p><strong>Jos\u00e9 C\u00e9sar da Costa<br>Presidente da Confedera\u00e7\u00e3o Nacional de Dirigentes Lojistas<\/strong><\/p>\n","protected":false},"excerpt":{"rendered":"<p>A Confedera\u00e7\u00e3o Nacional de Dirigentes Lojistas (CNDL) externa o seu total apoio \u00e0 vacina\u00e7\u00e3o da popula\u00e7\u00e3o brasileira contra a Covid-19 e destaca a import\u00e2ncia da [&hellip;]<\/p>\n","protected":false},"author":8,"featured_media":11560,"comment_status":"open","ping_status":"open","sticky":false,"template":"","format":"standard","meta":{"footnotes":""},"categories":[2234],"tags":[279,323,321],"class_list":["post-11559","post","type-post","status-publish","format-standard","has-post-thumbnail","hentry","category-vozes-do-varejo","tag-cndl","tag-pandemia","tag-vacinacao"],"_links":{"self":[{"href":"https:\/\/cndl.org.br\/varejosa\/wp-json\/wp\/v2\/posts\/11559","targetHints":{"allow":["GET"]}}],"collection":[{"href":"https:\/\/cndl.org.br\/varejosa\/wp-json\/wp\/v2\/posts"}],"about":[{"href":"https:\/\/cndl.org.br\/varejosa\/wp-json\/wp\/v2\/types\/post"}],"author":[{"embeddable":true,"href":"https:\/\/cndl.org.br\/varejosa\/wp-json\/wp\/v2\/users\/8"}],"replies":[{"embeddable":true,"href":"https:\/\/cndl.org.br\/varejosa\/wp-json\/wp\/v2\/comments?post=11559"}],"version-history":[{"count":0,"href":"https:\/\/cndl.org.br\/varejosa\/wp-json\/wp\/v2\/posts\/11559\/revisions"}],"wp:featuredmedia":[{"embeddable":true,"href":"https:\/\/cndl.org.br\/varejosa\/wp-json\/wp\/v2\/media\/11560"}],"wp:attachment":[{"href":"https:\/\/cndl.org.br\/varejosa\/wp-json\/wp\/v2\/media?parent=11559"}],"wp:term":[{"taxonomy":"category","embeddable":true,"href":"https:\/\/cndl.org.br\/varejosa\/wp-json\/wp\/v2\/categories?post=11559"},{"taxonomy":"post_tag","embeddable":true,"href":"https:\/\/cndl.org.br\/varejosa\/wp-json\/wp\/v2\/tags?post=11559"}],"curies":[{"name":"wp","href":"https:\/\/api.w.org\/{rel}","templated":true}]}}