{"id":11625,"date":"2021-01-29T09:26:52","date_gmt":"2021-01-29T11:26:52","guid":{"rendered":"https:\/\/cndl.org.br\/varejosa\/?p=11625"},"modified":"2024-02-04T16:05:14","modified_gmt":"2024-02-04T19:05:14","slug":"brasil-tem-recorde-na-abertura-de-novos-meis","status":"publish","type":"post","link":"https:\/\/cndl.org.br\/varejosa\/brasil-tem-recorde-na-abertura-de-novos-meis\/","title":{"rendered":"Brasil tem recorde na abertura de novos MEIs"},"content":{"rendered":"\n<p>O Brasil registrou 2,6 milh\u00f5es de novos Microempreendedores Individuais (MEIs) em 2020, a maior ades\u00e3o dos \u00faltimos cinco anos, segundo pesquisa do Servi\u00e7o Brasileiro de Apoio \u00e0s Micro e Pequenas Empresas (Sebrae) com dados da Receita Federal. Atualmente, o pa\u00eds tem mais de 11,3 milh\u00f5es de MEIs ativos.<\/p>\n\n\n\n<p>&#8220;Uma a an\u00e1lise da evolu\u00e7\u00e3o das taxas de empreendedorismo no pa\u00eds nos \u00faltimos 20 anos mostra que, em tempos de recess\u00e3o econ\u00f4mica \u00e9 comum que os brasileiros recorram ao empreendedorismo por necessidade, como alternativa de ocupa\u00e7\u00e3o e renda. Isso j\u00e1 ocorreu em per\u00edodos anteriores, a exemplo do que foi verificado entre os anos de 2014 e 2016&#8221;, afirma o analista de gest\u00e3o estrat\u00e9gica do Sebrae, Tomaz Carrijo.<\/p>\n\n\n\n<p>Seguindo a tend\u00eancia de 2019, os setores que lideraram o ranking de atividades com o maior n\u00famero de MEIs criados foram:<\/p>\n\n\n\n<p>&#8211; <strong>Com\u00e9rciovarejista\u00a0de vestu\u00e1rio e acess\u00f3rios (180 mil);<br \/>&#8211; Promo\u00e7\u00e3o de\u00a0vendas\u00a0(140 mil);<br \/>&#8211; Cabeleireiros, manicures e pedicures (131 mil);<br \/>&#8211; Fornecimento de alimentos para consumo domiciliar (106 mil);<br \/>&#8211; Obras de alvenaria (105 mil).<\/strong><\/p>\n\n\n\n<p>J\u00e1 analisando o maior crescimento do n\u00famero de novos MEIs em 2020, em compara\u00e7\u00e3o com o ano anterior, as \u00e1reas que mais se destacaram foram:<\/p>\n\n\n\n<p>&#8211; <strong>Transportes (86%);<br \/>&#8211; Restaurantes e similares (59%);<br \/>&#8211; Fornecimento de alimentos para consumo domiciliar (48%);<br \/>&#8211; Com\u00e9rciovarejista\u00a0de bebidas (41%).<\/strong><\/p>\n\n\n\n<p>&#8220;Estamos vivendo um momento de crise sem precedentes e sabemos como isso tem exigido um esfor\u00e7o ainda maior dos brasileiros que j\u00e1 s\u00e3o donos de pequenos neg\u00f3cios ou que buscam a formaliza\u00e7\u00e3o como uma sa\u00edda para enfrentar os problemas. O aumento no n\u00famero de MEIs mostra o quanto essa figura jur\u00eddica tem se tornado pe\u00e7a fundamental para a economia brasileira ao longo dos \u00faltimos 10 anos&#8221;, afirma o presidente do Sebrae, Carlos Melles.<\/p>\n\n\n\n<p>Do site G1<\/p>\n","protected":false},"excerpt":{"rendered":"<p>O Brasil registrou 2,6 milh\u00f5es de novos Microempreendedores Individuais (MEIs) em 2020, a maior ades\u00e3o dos \u00faltimos cinco anos, segundo pesquisa do Servi\u00e7o Brasileiro de [&hellip;]<\/p>\n","protected":false},"author":8,"featured_media":11626,"comment_status":"open","ping_status":"open","sticky":false,"template":"","format":"standard","meta":{"footnotes":""},"categories":[1836],"tags":[288,289],"class_list":["post-11625","post","type-post","status-publish","format-standard","has-post-thumbnail","hentry","category-marketing-e-vendas","tag-mei","tag-sebrae"],"_links":{"self":[{"href":"https:\/\/cndl.org.br\/varejosa\/wp-json\/wp\/v2\/posts\/11625","targetHints":{"allow":["GET"]}}],"collection":[{"href":"https:\/\/cndl.org.br\/varejosa\/wp-json\/wp\/v2\/posts"}],"about":[{"href":"https:\/\/cndl.org.br\/varejosa\/wp-json\/wp\/v2\/types\/post"}],"author":[{"embeddable":true,"href":"https:\/\/cndl.org.br\/varejosa\/wp-json\/wp\/v2\/users\/8"}],"replies":[{"embeddable":true,"href":"https:\/\/cndl.org.br\/varejosa\/wp-json\/wp\/v2\/comments?post=11625"}],"version-history":[{"count":0,"href":"https:\/\/cndl.org.br\/varejosa\/wp-json\/wp\/v2\/posts\/11625\/revisions"}],"wp:featuredmedia":[{"embeddable":true,"href":"https:\/\/cndl.org.br\/varejosa\/wp-json\/wp\/v2\/media\/11626"}],"wp:attachment":[{"href":"https:\/\/cndl.org.br\/varejosa\/wp-json\/wp\/v2\/media?parent=11625"}],"wp:term":[{"taxonomy":"category","embeddable":true,"href":"https:\/\/cndl.org.br\/varejosa\/wp-json\/wp\/v2\/categories?post=11625"},{"taxonomy":"post_tag","embeddable":true,"href":"https:\/\/cndl.org.br\/varejosa\/wp-json\/wp\/v2\/tags?post=11625"}],"curies":[{"name":"wp","href":"https:\/\/api.w.org\/{rel}","templated":true}]}}