{"id":11696,"date":"2021-02-08T12:06:17","date_gmt":"2021-02-08T14:06:17","guid":{"rendered":"https:\/\/cndl.org.br\/varejosasa\/?p=11696"},"modified":"2024-01-18T15:01:30","modified_gmt":"2024-01-18T18:01:30","slug":"ritmo-da-vacinacao-vai-determinar-crescimento-economico","status":"publish","type":"post","link":"https:\/\/cndl.org.br\/varejosa\/ritmo-da-vacinacao-vai-determinar-crescimento-economico\/","title":{"rendered":"Ritmo da vacina\u00e7\u00e3o vai determinar crescimento econ\u00f4mico"},"content":{"rendered":"\n<p>O ritmo do programa de imuniza\u00e7\u00e3o nacional contra a Covid-19 se tornou um dos principais fatores que est\u00e3o embasando as proje\u00e7\u00f5es de crescimento da economia em 2021.<\/p>\n\n\n\n<p>A avalia\u00e7\u00e3o \u00e9 que n\u00e3o h\u00e1 como separar as duas quest\u00f5es, principalmente diante do recrudescimento da pandemia neste in\u00edcio de ano e da falta de espa\u00e7o no Or\u00e7amento para bancar um programa robusto de est\u00edmulos fiscais.<\/p>\n\n\n\n<p>H\u00e1 diverg\u00eancias, no entanto, em rela\u00e7\u00e3o ao cen\u00e1rio atual na \u00e1rea de sa\u00fade. Algumas institui\u00e7\u00f5es e consultorias est\u00e3o revisando para baixo suas estimativas devido \u00e0 demora no processo de vacina\u00e7\u00e3o e ao aumento no n\u00famero de casos e mortes neste in\u00edcio de ano.<\/p>\n\n\n\n<p>Na avalia\u00e7\u00e3o de outras, o pa\u00eds ter\u00e1 doses suficientes para imunizar rapidamente a parcela mais idosa da popula\u00e7\u00e3o e possui um sistema de sa\u00fade capaz de agilizar esse programa.<\/p>\n\n\n\n<p>A economista Alessandra Ribeiro, da Tend\u00eancias Consultoria, afirma que tem uma proje\u00e7\u00e3o mais cautelosa em rela\u00e7\u00e3o ao crescimento projetado para este ano, de 2,9%, abaixo da mediana do mercado, de 3,5%, apurada pelo Banco Central na pesquisa Focus. Ela considera que somente ao longo do segundo semestre haver\u00e1 um percentual mais expressivo da popula\u00e7\u00e3o vacinada.<\/p>\n\n\n\n<p>\u201cUma das raz\u00f5es \u00e9 justamente a pandemia e o ritmo de vacina\u00e7\u00e3o. Ainda que voc\u00ea consiga vacinar ao longo do primeiro semestre os principais grupos de risco, dado que a maior parte da popula\u00e7\u00e3o ainda n\u00e3o estar\u00e1 vacinada, o receio em rela\u00e7\u00e3o \u00e0 pandemia, inclusive o medo de consumo de alguns servi\u00e7os, ainda estar\u00e1 presente\u201d, afirma Ribeiro.<\/p>\n\n\n\n<p>A proje\u00e7\u00e3o \u00e9 a mesma do Santander Brasil, que anteriormente tinha uma estimativa de crescimento de 3,4%, mas reviu o dado ap\u00f3s o aumento no n\u00famero de infec\u00e7\u00f5es e mortes neste ano.<\/p>\n\n\n\n<p>Lucas Maynard, economista da institui\u00e7\u00e3o, afirma que o ritmo de vacina\u00e7\u00e3o \u00e9 fundamental para permitir a retomada dos segmentos mais afetados pela pandemia.<\/p>\n\n\n\n<p>\u201cO canal para fazer essa ponte entre vacina\u00e7\u00e3o e atividade econ\u00f4mica \u00e9 a mobilidade. Com o recrudescimento da pandemia, j\u00e1 se pode observar a partir de janeiro uma revers\u00e3o daquele processo de reabertura\u201d, afirma Maynard.<\/p>\n\n\n\n<p>\u201cSe a vacina\u00e7\u00e3o atrasar, a gente entende que as medidas restritivas permanecer\u00e3o por mais tempo. Demorar\u00e1 mais para voltar \u00e0 trajet\u00f3ria ascendente que a gente vinha observando no ano passado.\u201d<\/p>\n\n\n\n<p>Gabriel Barros, s\u00f3cio e economista-chefe da RPS Capital, afirma que o plano nacional de imuniza\u00e7\u00e3o est\u00e1 atrasado, mas diz que houve algum progresso nas \u00faltimas semanas e que as informa\u00e7\u00f5es j\u00e1 divulgadas apontam para uma oferta de cerca de 400 mil doses neste ano, entre vacinas que demandam uma ou duas aplica\u00e7\u00f5es.<\/p>\n\n\n\n<p>Segundo Barros, o pa\u00eds tem atualmente uma m\u00e9dia de 250 mil pessoas vacinadas por dia, mas possui capacidade para vacinar at\u00e9 700 mil por dia, desde que tenha as doses.<\/p>\n\n\n\n<p>Para ele, a velocidade do programa \u00e9 importante para que n\u00e3o se perca o esfor\u00e7o de redu\u00e7\u00e3o de jornada e sal\u00e1rio, que preservou cerca de 10 milh\u00f5es de empregos em 2020.<\/p>\n\n\n\n<p>Ele afirma que muitas das empresas que aderiram ao programa, que deu tamb\u00e9m estabilidade tempor\u00e1ria aos trabalhadores, estar\u00e3o livres para cortar esses postos a partir do final deste trimestre. Por isso, \u00e9 importante que elas tenham a perspectiva de retomar suas atividades.<\/p>\n\n\n\n<p>\u201cA previsibilidade da entrega da vacina influencia a decis\u00e3o das empresas de demitir ou n\u00e3o. Como a gente est\u00e1 tendo algum progresso nesse front de vacinas, isso deve influenciar positivamente para que as empresas consigam manter os empregados. Por outro lado, se a vacina\u00e7\u00e3o atrasar, a gente pode jogar fora todo esse esfor\u00e7o que foi feito no ano passado\u201d, afirma Barros, que projeta crescimento de 4% em 2021.<\/p>\n\n\n\n<p>Na semana passada, o novo presidente do Ita\u00fa, Milton Maluhy Filho, afirmou que a institui\u00e7\u00e3o projeta uma alta de 4% neste ano, mas que um atraso no plano de vacina\u00e7\u00e3o de seis meses, por exemplo, pode reduzir o valor pela metade.<\/p>\n\n\n\n<p>O economista do Ita\u00fa Unibanco Luka Barbosa afirma que o avan\u00e7o no programa de vacina\u00e7\u00e3o ser\u00e1 importante para a recupera\u00e7\u00e3o de atividades que respondem por 40% do PIB e que foram as mais afetadas pela queda na atividade devido \u00e0 pandemia, como educa\u00e7\u00e3o, sa\u00fade, alimenta\u00e7\u00e3o fora de casa, entretenimento e cultura.<\/p>\n\n\n\n<p>\u201cPode ser que seja mais r\u00e1pido e voc\u00ea tenha uma normaliza\u00e7\u00e3o j\u00e1 no segundo trimestre. Com certeza esse vai ser um motor de crescimento importante para a economia brasileira e mundial\u201d, afirma Barbosa.<\/p>\n\n\n\n<p>Para ele, outros fatores j\u00e1 puseram o Brasil em uma trajet\u00f3ria de recupera\u00e7\u00e3o econ\u00f4mica, como juros baixos, mercado imobili\u00e1rio em expans\u00e3o, recupera\u00e7\u00e3o da economia global com muito est\u00edmulo fiscal e monet\u00e1rio, com\u00e9rcio global acelerando e puxando pre\u00e7o de commodities.<\/p>\n\n\n\n<p>\u201cN\u00e3o \u00e9 s\u00f3 a vacina que vai gerar a recupera\u00e7\u00e3o. H\u00e1 v\u00e1rios motores contribuindo para o crescimento, compensando a retirada dos est\u00edmulos. N\u00e3o \u00e9 algo que estou projetando, \u00e9 algo que j\u00e1 est\u00e1 acontecendo\u201d, afirma.<\/p>\n\n\n\n<p>O economista Jos\u00e9 M\u00e1rcio Camargo, da Genial Investimentos, tamb\u00e9m est\u00e1 entre os que revisaram a proje\u00e7\u00e3o de crescimento do PIB para este ano, de 3,5% para 3%, devido ao avan\u00e7o da pandemia, mas, em sua avalia\u00e7\u00e3o, as perspectivas para o processo de vacina\u00e7\u00e3o s\u00e3o positivas.<\/p>\n\n\n\n<p>Ele diz que a expectativa \u00e9 ter mais de 300 milh\u00f5es de doses ao longo de 2021 e que a atual trajet\u00f3ria aponta para a imuniza\u00e7\u00e3o de 100% da popula\u00e7\u00e3o com mais de 60 anos em quatro meses.<\/p>\n\n\n\n<p>\u201cSe tiver vacina \u2013esse \u00e9 o ponto mais importante. O processo de vacina\u00e7\u00e3o no Brasil n\u00e3o est\u00e1 t\u00e3o r\u00e1pido quanto todo o mundo gostaria, mas tamb\u00e9m n\u00e3o est\u00e1 t\u00e3o lento. Est\u00e1 muito melhor que em alguns pa\u00edses europeus e da Am\u00e9rica Latina, mas pior que em Israel e nos EUA\u201d, afirma Camargo.<\/p>\n\n\n\n<p>\u201cNosso cen\u00e1rio parte do pressuposto de que o governo vai conseguir vacinas. Os contratos est\u00e3o assinados, os insumos j\u00e1 est\u00e3o vindo. Todos os pa\u00edses t\u00eam algum problema com a oferta de vacina. O Brasil est\u00e1 em uma posi\u00e7\u00e3o relativamente boa em rela\u00e7\u00e3o \u00e0 maior parte dos pa\u00edses\u201d, afirma.<\/p>\n\n\n\n<p><strong>Fonte: Folhapress<\/strong><\/p>\n","protected":false},"excerpt":{"rendered":"<p>O ritmo do programa de imuniza\u00e7\u00e3o nacional contra a Covid-19 se tornou um dos principais fatores que est\u00e3o embasando as proje\u00e7\u00f5es de crescimento da economia [&hellip;]<\/p>\n","protected":false},"author":8,"featured_media":11399,"comment_status":"open","ping_status":"open","sticky":false,"template":"","format":"standard","meta":{"footnotes":""},"categories":[26],"tags":[321],"class_list":["post-11696","post","type-post","status-publish","format-standard","has-post-thumbnail","hentry","category-negocios-e-economia","tag-vacinacao"],"_links":{"self":[{"href":"https:\/\/cndl.org.br\/varejosa\/wp-json\/wp\/v2\/posts\/11696","targetHints":{"allow":["GET"]}}],"collection":[{"href":"https:\/\/cndl.org.br\/varejosa\/wp-json\/wp\/v2\/posts"}],"about":[{"href":"https:\/\/cndl.org.br\/varejosa\/wp-json\/wp\/v2\/types\/post"}],"author":[{"embeddable":true,"href":"https:\/\/cndl.org.br\/varejosa\/wp-json\/wp\/v2\/users\/8"}],"replies":[{"embeddable":true,"href":"https:\/\/cndl.org.br\/varejosa\/wp-json\/wp\/v2\/comments?post=11696"}],"version-history":[{"count":0,"href":"https:\/\/cndl.org.br\/varejosa\/wp-json\/wp\/v2\/posts\/11696\/revisions"}],"wp:featuredmedia":[{"embeddable":true,"href":"https:\/\/cndl.org.br\/varejosa\/wp-json\/wp\/v2\/media\/11399"}],"wp:attachment":[{"href":"https:\/\/cndl.org.br\/varejosa\/wp-json\/wp\/v2\/media?parent=11696"}],"wp:term":[{"taxonomy":"category","embeddable":true,"href":"https:\/\/cndl.org.br\/varejosa\/wp-json\/wp\/v2\/categories?post=11696"},{"taxonomy":"post_tag","embeddable":true,"href":"https:\/\/cndl.org.br\/varejosa\/wp-json\/wp\/v2\/tags?post=11696"}],"curies":[{"name":"wp","href":"https:\/\/api.w.org\/{rel}","templated":true}]}}