{"id":11711,"date":"2021-02-10T07:29:00","date_gmt":"2021-02-10T09:29:00","guid":{"rendered":"https:\/\/cndl.org.br\/varejosa\/?p=11711"},"modified":"2024-02-04T16:05:14","modified_gmt":"2024-02-04T19:05:14","slug":"pagamento-com-cartao-deve-atingir-50-do-consumo-em-2021","status":"publish","type":"post","link":"https:\/\/cndl.org.br\/varejosa\/pagamento-com-cartao-deve-atingir-50-do-consumo-em-2021\/","title":{"rendered":"Pagamento com cart\u00e3o deve atingir 50% do consumo em 2021"},"content":{"rendered":"\n<p>Os meios eletr\u00f4nicos devem pela primeira vez representar metade das\u00a0compras\u00a0do\u00a0varejono Brasil\u00a0em 2021, previu nesta ter\u00e7a-feira o presidente da Abecs, Pedro Coutinho, \u00e0 medida que a economia se recupera dos efeitos da pandemia de Covid-19.<\/p>\n\n\n\n<p>A entidade, que representa emissoras de cart\u00f5es de cr\u00e9dito e de d\u00e9bito, previu nesta ter\u00e7a-feira que os\u00a0pagamentos\u00a0feitos por estes canais devem crescer de 18% a 20% em 2021, para 2,38 trilh\u00f5es de reais.<\/p>\n\n\n\n<p>No ano passado, mesmo com a queda estimada em cerca de 4% do Produto Interno Bruto (PIB) do pa\u00eds, diante da crise provocada pela pandemia, os\u00a0pagamentos\u00a0com cart\u00f5es cresceram 8,2%, para 2 trilh\u00f5es de reais, com impulso do aux\u00edlio emergencial e da migra\u00e7\u00e3o para canais digitais. Deste total, 52,6 bilh\u00f5es de reais deveram-se a\u00a0pagamentos\u00a0feitos com recursos do aux\u00edlio emergencial.<\/p>\n\n\n\n<p>Segundo Coutinho, uma extens\u00e3o deste aux\u00edlio, que foi admitida na v\u00e9spera pelo presidente Jair Bolsonaro, poderia movimentar de 10 bilh\u00f5es a 12 bilh\u00f5es adicionais no mercado de cart\u00f5es neste ano, se feito nos moldes discutidos, de tr\u00eas parcelas de 200 reais e para um p\u00fablico mais restrito.<\/p>\n\n\n\n<p>A extens\u00e3o do aux\u00edlio pode dar um refor\u00e7o para o\u00a0com\u00e9rcio\u00a0e para o consumo , disse ele em teleconfer\u00eancia com jornalistas.<\/p>\n\n\n\n<p>O segmento de eletroeletr\u00f4nicos foi um dos setores que mais sentiram o efeito da redu\u00e7\u00e3o do aux\u00edlio emergencial, chegando a subir 30% no terceiro trimestre de 2020, no comparativo anual, reduzindo a alta para 24% nos \u00faltimos tr\u00eas meses do ano.<\/p>\n\n\n\n<p>No\u00a0varejo\u00a0aliment\u00edcio, ap\u00f3s quatro trimestres seguidos de acelera\u00e7\u00e3o, as\u00a0vendas\u00a0se estabilizaram, tamb\u00e9m em meio \u00e0 redu\u00e7\u00e3o do valor do aux\u00edlio emergencial.<\/p>\n\n\n\n<p><strong>Do Portal Terra<\/strong><\/p>\n","protected":false},"excerpt":{"rendered":"<p>Os meios eletr\u00f4nicos devem pela primeira vez representar metade das\u00a0compras\u00a0do\u00a0varejono Brasil\u00a0em 2021, previu nesta ter\u00e7a-feira o presidente da Abecs, Pedro Coutinho, \u00e0 medida que a [&hellip;]<\/p>\n","protected":false},"author":8,"featured_media":11230,"comment_status":"open","ping_status":"open","sticky":false,"template":"","format":"standard","meta":{"footnotes":""},"categories":[1836],"tags":[351],"class_list":["post-11711","post","type-post","status-publish","format-standard","has-post-thumbnail","hentry","category-marketing-e-vendas","tag-cartao-de-credito"],"_links":{"self":[{"href":"https:\/\/cndl.org.br\/varejosa\/wp-json\/wp\/v2\/posts\/11711","targetHints":{"allow":["GET"]}}],"collection":[{"href":"https:\/\/cndl.org.br\/varejosa\/wp-json\/wp\/v2\/posts"}],"about":[{"href":"https:\/\/cndl.org.br\/varejosa\/wp-json\/wp\/v2\/types\/post"}],"author":[{"embeddable":true,"href":"https:\/\/cndl.org.br\/varejosa\/wp-json\/wp\/v2\/users\/8"}],"replies":[{"embeddable":true,"href":"https:\/\/cndl.org.br\/varejosa\/wp-json\/wp\/v2\/comments?post=11711"}],"version-history":[{"count":0,"href":"https:\/\/cndl.org.br\/varejosa\/wp-json\/wp\/v2\/posts\/11711\/revisions"}],"wp:featuredmedia":[{"embeddable":true,"href":"https:\/\/cndl.org.br\/varejosa\/wp-json\/wp\/v2\/media\/11230"}],"wp:attachment":[{"href":"https:\/\/cndl.org.br\/varejosa\/wp-json\/wp\/v2\/media?parent=11711"}],"wp:term":[{"taxonomy":"category","embeddable":true,"href":"https:\/\/cndl.org.br\/varejosa\/wp-json\/wp\/v2\/categories?post=11711"},{"taxonomy":"post_tag","embeddable":true,"href":"https:\/\/cndl.org.br\/varejosa\/wp-json\/wp\/v2\/tags?post=11711"}],"curies":[{"name":"wp","href":"https:\/\/api.w.org\/{rel}","templated":true}]}}