{"id":11731,"date":"2021-02-17T05:25:00","date_gmt":"2021-02-17T07:25:00","guid":{"rendered":"https:\/\/cndl.org.br\/varejosa\/?p=11731"},"modified":"2024-02-04T17:17:56","modified_gmt":"2024-02-04T20:17:56","slug":"cdl-bh-adere-ao-movimento-unidos-pela-vacina","status":"publish","type":"post","link":"https:\/\/cndl.org.br\/varejosa\/cdl-bh-adere-ao-movimento-unidos-pela-vacina\/","title":{"rendered":"CDL\/BH adere ao movimento &#8216;Unidos pela Vacina&#8217;"},"content":{"rendered":"\n<div class=\"wp-block-image\"><figure class=\"alignleft size-large is-resized\"><img loading=\"lazy\" decoding=\"async\" src=\"https:\/\/cndl.org.br\/varejosa\/wp-content\/uploads\/2021\/02\/Unidos-pela-vacia-1024x696.jpg\" alt=\"\" class=\"wp-image-11732\" width=\"350\" height=\"238\" srcset=\"https:\/\/cndl.org.br\/varejosa\/wp-content\/uploads\/2021\/02\/Unidos-pela-vacia-1024x696.jpg 1024w, https:\/\/cndl.org.br\/varejosa\/wp-content\/uploads\/2021\/02\/Unidos-pela-vacia-300x204.jpg 300w, https:\/\/cndl.org.br\/varejosa\/wp-content\/uploads\/2021\/02\/Unidos-pela-vacia-768x522.jpg 768w, https:\/\/cndl.org.br\/varejosa\/wp-content\/uploads\/2021\/02\/Unidos-pela-vacia.jpg 1035w\" sizes=\"auto, (max-width: 350px) 100vw, 350px\" \/><figcaption>O movimento Unidos pela Vacina re\u00fane grandes empresas privadas e entidades sociais como associa\u00e7\u00f5es de farm\u00e1cias, varejo e institui\u00e7\u00f5es banc\u00e1rias.<\/figcaption><\/figure><\/div>\n\n\n\n<p>A C\u00e2mara de Dirigentes Lojistas de Belo Horizonte (CDL\/BH) aderiu ao movimento \u2018Unidos pela Vacina\u2019, que tem o objetivo vacinar todos os brasileiros at\u00e9 setembro deste ano. O movimento foi lan\u00e7ado no dia 10 deste m\u00eas pela empres\u00e1ria Luiza Trajano, presidente do Conselho de Administra\u00e7\u00e3o do grupo Magazine Luiza, e conta com a participa\u00e7\u00e3o de outros empreendedores e de entidades nacionais. O objetivo \u00e9 oferecer um suporte \u00e0s autoridades para ajudar a resolver os entraves que impedem as vacinas de chegar \u00e0 popula\u00e7\u00e3o.<\/p>\n\n\n\n<p>\u201cO Unidos pela Vacina deseja ajudar o Sistema \u00danico de Sa\u00fade a facilitar os processos de vacina\u00e7\u00e3o. Podemos oferecer, por exemplo, o custeio do transporte para a chegada das vacinas, disponibilizar locais para vacina\u00e7\u00e3o drive-thru, pessoal para trabalhar nos pontos de imuniza\u00e7\u00e3o, entre outros\u201d, destaca o presidente da CDL\/BH, Marcelo de Souza e Silva. O movimento re\u00fane grandes empresas privadas e entidades sociais como associa\u00e7\u00f5es de farm\u00e1cias, varejo e institui\u00e7\u00f5es banc\u00e1rias. Em Belo Horizonte, a CDL\/BH \u00e9 uma das primeiras a manifestar ades\u00e3o ao projeto.<\/p>\n\n\n\n<p>Desde o in\u00edcio da pandemia, a CDL\/BH tem atuado de forma constante para ajudar o com\u00e9rcio e, principalmente, a popula\u00e7\u00e3o. A entidade j\u00e1 afixou mais de mil faixas educativas pela cidade, instalou t\u00faneis de higieniza\u00e7\u00e3o em esta\u00e7\u00f5es de \u00f4nibus e totens de \u00e1lcool em gel. Al\u00e9m disso, tamb\u00e9m testou centenas de motociclistas e fechou parceria com o laborat\u00f3rio Hermes Pardini para que os comerciantes e seus colaboradores tenham acesso ao teste do coronav\u00edrus a pre\u00e7os mais acess\u00edveis.<\/p>\n\n\n\n<p>Nesta semana, a CDL\/BH deu in\u00edcio a mais uma campanha educativa para conscientizar a popula\u00e7\u00e3o sobre a necessidade de continuar adotando os procedimentos para prevenir a doen\u00e7a: usar a m\u00e1scara e evitar aglomera\u00e7\u00f5es.<\/p>\n","protected":false},"excerpt":{"rendered":"<p>A C\u00e2mara de Dirigentes Lojistas de Belo Horizonte (CDL\/BH) aderiu ao movimento \u2018Unidos pela Vacina\u2019, que tem o objetivo vacinar todos os brasileiros at\u00e9 setembro [&hellip;]<\/p>\n","protected":false},"author":18,"featured_media":11732,"comment_status":"open","ping_status":"open","sticky":false,"template":"","format":"standard","meta":{"footnotes":""},"categories":[1371],"tags":[2603,4636,321],"class_list":["post-11731","post","type-post","status-publish","format-standard","has-post-thumbnail","hentry","category-noticias-cndl","tag-cdl-belo-horizonte","tag-cdl-bh","tag-vacinacao"],"_links":{"self":[{"href":"https:\/\/cndl.org.br\/varejosa\/wp-json\/wp\/v2\/posts\/11731","targetHints":{"allow":["GET"]}}],"collection":[{"href":"https:\/\/cndl.org.br\/varejosa\/wp-json\/wp\/v2\/posts"}],"about":[{"href":"https:\/\/cndl.org.br\/varejosa\/wp-json\/wp\/v2\/types\/post"}],"author":[{"embeddable":true,"href":"https:\/\/cndl.org.br\/varejosa\/wp-json\/wp\/v2\/users\/18"}],"replies":[{"embeddable":true,"href":"https:\/\/cndl.org.br\/varejosa\/wp-json\/wp\/v2\/comments?post=11731"}],"version-history":[{"count":0,"href":"https:\/\/cndl.org.br\/varejosa\/wp-json\/wp\/v2\/posts\/11731\/revisions"}],"wp:featuredmedia":[{"embeddable":true,"href":"https:\/\/cndl.org.br\/varejosa\/wp-json\/wp\/v2\/media\/11732"}],"wp:attachment":[{"href":"https:\/\/cndl.org.br\/varejosa\/wp-json\/wp\/v2\/media?parent=11731"}],"wp:term":[{"taxonomy":"category","embeddable":true,"href":"https:\/\/cndl.org.br\/varejosa\/wp-json\/wp\/v2\/categories?post=11731"},{"taxonomy":"post_tag","embeddable":true,"href":"https:\/\/cndl.org.br\/varejosa\/wp-json\/wp\/v2\/tags?post=11731"}],"curies":[{"name":"wp","href":"https:\/\/api.w.org\/{rel}","templated":true}]}}