{"id":11752,"date":"2021-02-22T08:03:00","date_gmt":"2021-02-22T11:03:00","guid":{"rendered":"https:\/\/cndl.org.br\/varejosa\/?p=11752"},"modified":"2024-02-04T16:05:14","modified_gmt":"2024-02-04T19:05:14","slug":"sebrae-faz-campanha-para-continuidade-dos-protocolos-de-seguranca","status":"publish","type":"post","link":"https:\/\/cndl.org.br\/varejosa\/sebrae-faz-campanha-para-continuidade-dos-protocolos-de-seguranca\/","title":{"rendered":"Sebrae faz campanha para continuidade dos protocolos de seguran\u00e7a"},"content":{"rendered":"\n<p>O Sebrae iniciou, nesta semana, a campanha Cuidados de mobiliza\u00e7\u00e3o dos donos de pequenos neg\u00f3cios e clientes para que eles continuem atentos \u00e0s medidas de seguran\u00e7a e higiene para a preven\u00e7\u00e3o da Covid-19. A ideia \u00e9 refor\u00e7ar a import\u00e2ncia da ado\u00e7\u00e3o dos protocolos de sa\u00fade e seguran\u00e7a para que n\u00e3o haja um retrocesso no enfrentamento da pandemia e, consequentemente, preju\u00edzos para o funcionamento das micro e pequenas empresas.<\/p>\n\n\n\n<p>Para o presidente do Sebrae, Carlos Melles, embora muitos pequenos neg\u00f3cios j\u00e1 estejam funcionando, observa-se que ainda n\u00e3o houve uma recupera\u00e7\u00e3o total da demanda. \u201cManter a atividade funcionando \u00e9 vital para a pequena empresa, ent\u00e3o \u00e9 preciso uma conscientiza\u00e7\u00e3o de que n\u00e3o podemos retroceder neste movimento e que a retomada consistente das atividades tamb\u00e9m depende disso\u201d, explica.<\/p>\n\n\n\n<p>Desde o in\u00edcio da pandemia, o Sebrae tem refor\u00e7ado que quanto mais cuidado houver na preven\u00e7\u00e3o da Covid-19 menos ondas de cont\u00e1gio haver\u00e1 e mais r\u00e1pida ser\u00e1 a retomada das atividades econ\u00f4micas. \u201cPercebemos que muitos empres\u00e1rios adotaram os protocolos e sabemos que muitas medidas podem causar um certo inc\u00f4modo no atendimento, como o uso de m\u00e1scaras e o distanciamento social. Mas n\u00e3o podemos correr o risco de sofrer revezes. Isso acabaria sufocando a economia, principalmente nos munic\u00edpios que dependem muito da atividade dos pequenos neg\u00f3cios\u201d, alerta.<\/p>\n\n\n\n<p>No ano passado, as micro e pequenas empresas foram respons\u00e1veis por manter o saldo positivo dos empregos no pa\u00eds. Segundo levantamento do Sebrae, a partir de dados do Minist\u00e9rio da Economia, os pequenos neg\u00f3cios geraram 293,2 mil novos empregos, enquanto as m\u00e9dias e grandes empresas foram na contram\u00e3o, extinguindo 193,6 mil postos de trabalho. No c\u00e1lculo geral, as pequenas empresas foram as grandes respons\u00e1veis pelo saldo final de 142,7 mil empregos gerados no Brasil durante o ano, evitando que o desemprego atingisse um n\u00famero ainda maior de trabalhadores.<\/p>\n\n\n\n<p>Para Melles, ainda que a vacina\u00e7\u00e3o contra a Covid-19 j\u00e1 tenha come\u00e7ado, os cuidados devem continuar sendo responsabilidade de todos, sejam empreendedores, colaboradores, clientes ou poder p\u00fablico. \u201cTamb\u00e9m contamos com o apoio das novas administra\u00e7\u00f5es municipais para que ajudem na ado\u00e7\u00e3o dos protocolos e ofere\u00e7am servi\u00e7os e orienta\u00e7\u00f5es para que as empresas e os cidad\u00e3os tenham conhecimento e adotem os protocolos de seguran\u00e7a\u201d, complementa.<\/p>\n\n\n\n<p>No Portal Sebrae, o empres\u00e1rio encontra uma p\u00e1gina exclusiva com conte\u00fados personalizados por segmento, v\u00eddeos orientativos, infogr\u00e1ficos, modelos de materiais de sinaliza\u00e7\u00e3o para download, al\u00e9m de acesso aos e-books dos protocolos de retomada segura de 36 atividades econ\u00f4micas no setor de alimenta\u00e7\u00e3o, automotivo, varejo, servi\u00e7os educacionais, economia criativa, log\u00edstica e transporte, ind\u00fastria, turismo, artesanato, constru\u00e7\u00e3o civil, sa\u00fade e bem-estar, beleza, moda, neg\u00f3cios pet. Todo material est\u00e1 dispon\u00edvel. <a href=\"https:\/\/www.sebrae.com.br\/sites\/PortalSebrae\/protocolosderetomada\"><strong>Clique aqui para conhecer<\/strong><\/a><\/p>\n\n\n\n<p><strong>Fonte: Ag\u00eancia Sebrae de Not\u00edcias<\/strong><\/p>\n","protected":false},"excerpt":{"rendered":"<p>O Sebrae iniciou, nesta semana, a campanha Cuidados de mobiliza\u00e7\u00e3o dos donos de pequenos neg\u00f3cios e clientes para que eles continuem atentos \u00e0s medidas de [&hellip;]<\/p>\n","protected":false},"author":11,"featured_media":11753,"comment_status":"open","ping_status":"open","sticky":false,"template":"","format":"standard","meta":{"footnotes":""},"categories":[1836],"tags":[256,289],"class_list":["post-11752","post","type-post","status-publish","format-standard","has-post-thumbnail","hentry","category-marketing-e-vendas","tag-covid-19","tag-sebrae"],"_links":{"self":[{"href":"https:\/\/cndl.org.br\/varejosa\/wp-json\/wp\/v2\/posts\/11752","targetHints":{"allow":["GET"]}}],"collection":[{"href":"https:\/\/cndl.org.br\/varejosa\/wp-json\/wp\/v2\/posts"}],"about":[{"href":"https:\/\/cndl.org.br\/varejosa\/wp-json\/wp\/v2\/types\/post"}],"author":[{"embeddable":true,"href":"https:\/\/cndl.org.br\/varejosa\/wp-json\/wp\/v2\/users\/11"}],"replies":[{"embeddable":true,"href":"https:\/\/cndl.org.br\/varejosa\/wp-json\/wp\/v2\/comments?post=11752"}],"version-history":[{"count":0,"href":"https:\/\/cndl.org.br\/varejosa\/wp-json\/wp\/v2\/posts\/11752\/revisions"}],"wp:featuredmedia":[{"embeddable":true,"href":"https:\/\/cndl.org.br\/varejosa\/wp-json\/wp\/v2\/media\/11753"}],"wp:attachment":[{"href":"https:\/\/cndl.org.br\/varejosa\/wp-json\/wp\/v2\/media?parent=11752"}],"wp:term":[{"taxonomy":"category","embeddable":true,"href":"https:\/\/cndl.org.br\/varejosa\/wp-json\/wp\/v2\/categories?post=11752"},{"taxonomy":"post_tag","embeddable":true,"href":"https:\/\/cndl.org.br\/varejosa\/wp-json\/wp\/v2\/tags?post=11752"}],"curies":[{"name":"wp","href":"https:\/\/api.w.org\/{rel}","templated":true}]}}