{"id":11768,"date":"2021-02-24T05:57:00","date_gmt":"2021-02-24T08:57:00","guid":{"rendered":"https:\/\/cndl.org.br\/varejosa\/?p=11768"},"modified":"2024-02-04T17:17:56","modified_gmt":"2024-02-04T20:17:56","slug":"cdl-blumenau-lanca-selo-pelos-55-anos-de-sua-fundacao","status":"publish","type":"post","link":"https:\/\/cndl.org.br\/varejosa\/cdl-blumenau-lanca-selo-pelos-55-anos-de-sua-fundacao\/","title":{"rendered":"CDL Blumenau lan\u00e7a selo pelos 55 anos de sua funda\u00e7\u00e3o"},"content":{"rendered":"\n<p>Em 22 de julho de 2021, a CDL Blumenau completar\u00e1 55 anos. Para celebrar essa trajet\u00f3ria repleta de desafios e conquistas, a entidade desenvolver\u00e1 uma s\u00e9rie de a\u00e7\u00f5es ao longo do ano. A primeira delas \u00e9 o lan\u00e7amento do selo comemorativo: \u201cCDL Blumenau 55 anos: associativismo \u00e9 o que nos move\u201d. O selo ser\u00e1 usado em todos os materiais da entidade ao longo do ano como forma de refor\u00e7ar esta importante data.<\/p>\n\n\n\n<p>O presidente da CDL Blumenau, Eduardo Soares, conta que desde o ano passado a equipe est\u00e1 programando a\u00e7\u00f5es para celebrar os 55 anos da entidade. \u201cTeremos in\u00fameras atividades direcionadas aos associados, mas tamb\u00e9m a\u00e7\u00f5es que envolvem a comunidade blumenauense e at\u00e9 mesmo a imprensa. Nossa hist\u00f3ria de associativismo \u00e9 com todas as pessoas de Blumenau, por isso, queremos comemorar com todos\u201d, conta Soares.<\/p>\n\n\n\n<p>Est\u00e3o previstas atividades nos bairros, a\u00e7\u00f5es sociais, promo\u00e7\u00f5es, concursos, produ\u00e7\u00e3o de materiais impressos e camisetas comemorativas, homenagens, entre outras atividades. A programa\u00e7\u00e3o ser\u00e1 amplamente divulgada nos canais oficiais da CDL Blumenau. Para acompanhar basta acessar o site e as redes sociais da CDL Blumenau, como o Facebook, Instagram e YouTube.<\/p>\n","protected":false},"excerpt":{"rendered":"<p>Em 22 de julho de 2021, a CDL Blumenau completar\u00e1 55 anos. Para celebrar essa trajet\u00f3ria repleta de desafios e conquistas, a entidade desenvolver\u00e1 uma [&hellip;]<\/p>\n","protected":false},"author":18,"featured_media":11770,"comment_status":"open","ping_status":"open","sticky":false,"template":"","format":"standard","meta":{"footnotes":""},"categories":[1371],"tags":[],"class_list":["post-11768","post","type-post","status-publish","format-standard","has-post-thumbnail","hentry","category-noticias-cndl"],"_links":{"self":[{"href":"https:\/\/cndl.org.br\/varejosa\/wp-json\/wp\/v2\/posts\/11768","targetHints":{"allow":["GET"]}}],"collection":[{"href":"https:\/\/cndl.org.br\/varejosa\/wp-json\/wp\/v2\/posts"}],"about":[{"href":"https:\/\/cndl.org.br\/varejosa\/wp-json\/wp\/v2\/types\/post"}],"author":[{"embeddable":true,"href":"https:\/\/cndl.org.br\/varejosa\/wp-json\/wp\/v2\/users\/18"}],"replies":[{"embeddable":true,"href":"https:\/\/cndl.org.br\/varejosa\/wp-json\/wp\/v2\/comments?post=11768"}],"version-history":[{"count":0,"href":"https:\/\/cndl.org.br\/varejosa\/wp-json\/wp\/v2\/posts\/11768\/revisions"}],"wp:featuredmedia":[{"embeddable":true,"href":"https:\/\/cndl.org.br\/varejosa\/wp-json\/wp\/v2\/media\/11770"}],"wp:attachment":[{"href":"https:\/\/cndl.org.br\/varejosa\/wp-json\/wp\/v2\/media?parent=11768"}],"wp:term":[{"taxonomy":"category","embeddable":true,"href":"https:\/\/cndl.org.br\/varejosa\/wp-json\/wp\/v2\/categories?post=11768"},{"taxonomy":"post_tag","embeddable":true,"href":"https:\/\/cndl.org.br\/varejosa\/wp-json\/wp\/v2\/tags?post=11768"}],"curies":[{"name":"wp","href":"https:\/\/api.w.org\/{rel}","templated":true}]}}