{"id":11786,"date":"2021-02-25T19:37:24","date_gmt":"2021-02-25T22:37:24","guid":{"rendered":"https:\/\/cndl.org.br\/varejosa\/?p=11786"},"modified":"2026-01-29T10:42:44","modified_gmt":"2026-01-29T13:42:44","slug":"com-atuacao-do-sistema-cndl-senado-aprova-pl-317-2021","status":"publish","type":"post","link":"https:\/\/cndl.org.br\/varejosa\/com-atuacao-do-sistema-cndl-senado-aprova-pl-317-2021\/","title":{"rendered":"Com atua\u00e7\u00e3o do sistema CNDL, Senado aprova PL 317\/2021"},"content":{"rendered":"\n<p class=\"has-text-align-center\"><em>O texto, conhecido como o do Governo Digital, segue agora para san\u00e7\u00e3o presidencial<\/em><\/p>\n\n\n\n<div class=\"wp-block-image\"><figure class=\"alignleft size-large is-resized\"><img loading=\"lazy\" decoding=\"async\" src=\"https:\/\/cndl.org.br\/varejosa\/wp-content\/uploads\/2021\/02\/senador-rodrigo-pacheco-1.jpg\" alt=\"\" class=\"wp-image-11789\" width=\"394\" height=\"263\" srcset=\"https:\/\/cndl.org.br\/varejosa\/wp-content\/uploads\/2021\/02\/senador-rodrigo-pacheco-1.jpg 799w, https:\/\/cndl.org.br\/varejosa\/wp-content\/uploads\/2021\/02\/senador-rodrigo-pacheco-1-300x200.jpg 300w, https:\/\/cndl.org.br\/varejosa\/wp-content\/uploads\/2021\/02\/senador-rodrigo-pacheco-1-768x512.jpg 768w\" sizes=\"auto, (max-width: 394px) 100vw, 394px\" \/><figcaption><em>Presidente do Senado Federal, Senador Rodrigo Pacheco. Foto Ag\u00eancia Senado<\/em><\/figcaption><\/figure><\/div>\n\n\n\n<p>O presidente do Senado Federal, Rodrigo Pacheco (DEM\/MG), acatou na tarde desta quinta-feira (25), a quest\u00e3o de ordem apresentada pelo senador Esperidi\u00e3o Amin (PP\/SC) quanto \u00e0 prejudicialidade do inciso VI, do par\u00e1grafo 1\u00ba do artigo 7\u00ba do PL, que fazia refer\u00eancia \u00e0 Lei 14.063\/2020. A decis\u00e3o garante o uso das assinaturas eletr\u00f4nicas qualificadas na emiss\u00e3o das notas fiscais eletr\u00f4nicas, que possibilitam, assim, processos robustos de seguran\u00e7a para a emiss\u00e3o de notas fiscais.<\/p>\n\n\n\n<p>A decis\u00e3o contou com o apoio da Frente Parlamentar Mista em Defesa do Com\u00e9rcio, Servi\u00e7os e Empreendedorismo (FCS), representada por seu vice-presidente no Senado, o senador Izalci Lucas (PSDB\/DF).<\/p>\n\n\n\n<p>A decis\u00e3o atendeu \u00e0 solicita\u00e7\u00e3o do Sistema CNDL, que mobilizou lideran\u00e7as de todo o pa\u00eds pela retirada do referido artigo da proposta. O trabalho desenvolvido pelas CDLs foi citado por parlamentares no plen\u00e1rio do Senado, que destacaram a import\u00e2ncia da decis\u00e3o para o combate \u00e0s fraudes e para a seguran\u00e7a de empres\u00e1rios, consumidores e do pr\u00f3prio Estado.<\/p>\n\n\n\n<p>O presidente da CNDL, Jos\u00e9 C\u00e9sar da Costa, falou da import\u00e2ncia da mobiliza\u00e7\u00e3o do Sistema CNDL pela retirada do trecho prejudicial do projeto de lei.<\/p>\n\n\n\n<div class=\"wp-block-image\"><figure class=\"alignleft size-large is-resized\"><img loading=\"lazy\" decoding=\"async\" src=\"https:\/\/cndl.org.br\/varejosa\/wp-content\/uploads\/2021\/02\/jose-cesar2-1006x1024.jpg\" alt=\"\" class=\"wp-image-11648\" width=\"361\" height=\"367\"\/><figcaption><em>Presidente da CNDL, Jos\u00e9 C\u00e9sar da Costa: &#8220;Assinatura Eletr\u00f4nica Qualificada \u00e9 a \u00fanica capaz de dar todas as garantias t\u00e9cnicas e jur\u00eddicas de autoria&#8221;.<\/em><\/figcaption><\/figure><\/div>\n\n\n\n<p>\u201dFoi uma vit\u00f3ria dos empres\u00e1rios de todo o pa\u00eds que estavam preocupados com a fragiliza\u00e7\u00e3o dos processos de seguran\u00e7a no uso de dados. A Assinatura Eletr\u00f4nica Qualificada \u00e9 a \u00fanica capaz de dar todas as garantias t\u00e9cnicas e jur\u00eddicas de autoria, n\u00e3o rep\u00fadio e de integridade&#8221;, disse o presidente.<br><br>Segundo o Jos\u00e9 C\u00e9sar, flexibilizar a seguran\u00e7a no ambiente digital colocaria em risco todo um processo de confiabilidade constru\u00eddo ao longo dos \u00faltimos anos. &#8220;Isso  seria um grande retrocesso no que diz respeito \u00e0 integralidade das informa\u00e7\u00f5es que transitam no ambiente meio digital por empresas e por \u00f3rg\u00e3o p\u00fablicos\u201d, destacou Costa.<\/p>\n\n\n\n<p>O PL, conhecido como \u201cGoverno Digital\u201d, relatado pelo senador Rodrigo Cunha (PSDB\/AL), desburocratiza e institui mecanismos para melhorar a efici\u00eancia da administra\u00e7\u00e3o p\u00fablica no atendimento ao cidad\u00e3o. \u201cA proposta \u00e9 um avan\u00e7o para o pa\u00eds, principalmente no que diz respeito \u00e0 desburocratiza\u00e7\u00e3o e \u00e0 efici\u00eancia na administra\u00e7\u00e3o p\u00fablica\u201d, afirma o presidente da CNDL.<\/p>\n","protected":false},"excerpt":{"rendered":"<p>O texto, conhecido como o do Governo Digital, segue agora para san\u00e7\u00e3o presidencial O presidente do Senado Federal, Rodrigo Pacheco (DEM\/MG), acatou na tarde desta [&hellip;]<\/p>\n","protected":false},"author":7,"featured_media":11787,"comment_status":"open","ping_status":"open","sticky":false,"template":"","format":"standard","meta":{"footnotes":""},"categories":[5891],"tags":[279,4158,290,4159],"class_list":["post-11786","post","type-post","status-publish","format-standard","has-post-thumbnail","hentry","category-empreendedorismo","tag-cndl","tag-governo-digital","tag-jose-cesar-da-costa","tag-pl-317-2021"],"_links":{"self":[{"href":"https:\/\/cndl.org.br\/varejosa\/wp-json\/wp\/v2\/posts\/11786","targetHints":{"allow":["GET"]}}],"collection":[{"href":"https:\/\/cndl.org.br\/varejosa\/wp-json\/wp\/v2\/posts"}],"about":[{"href":"https:\/\/cndl.org.br\/varejosa\/wp-json\/wp\/v2\/types\/post"}],"author":[{"embeddable":true,"href":"https:\/\/cndl.org.br\/varejosa\/wp-json\/wp\/v2\/users\/7"}],"replies":[{"embeddable":true,"href":"https:\/\/cndl.org.br\/varejosa\/wp-json\/wp\/v2\/comments?post=11786"}],"version-history":[{"count":0,"href":"https:\/\/cndl.org.br\/varejosa\/wp-json\/wp\/v2\/posts\/11786\/revisions"}],"wp:featuredmedia":[{"embeddable":true,"href":"https:\/\/cndl.org.br\/varejosa\/wp-json\/wp\/v2\/media\/11787"}],"wp:attachment":[{"href":"https:\/\/cndl.org.br\/varejosa\/wp-json\/wp\/v2\/media?parent=11786"}],"wp:term":[{"taxonomy":"category","embeddable":true,"href":"https:\/\/cndl.org.br\/varejosa\/wp-json\/wp\/v2\/categories?post=11786"},{"taxonomy":"post_tag","embeddable":true,"href":"https:\/\/cndl.org.br\/varejosa\/wp-json\/wp\/v2\/tags?post=11786"}],"curies":[{"name":"wp","href":"https:\/\/api.w.org\/{rel}","templated":true}]}}