{"id":11793,"date":"2021-02-26T10:24:11","date_gmt":"2021-02-26T13:24:11","guid":{"rendered":"https:\/\/cndl.org.br\/varejosa\/?p=11793"},"modified":"2026-01-29T10:42:44","modified_gmt":"2026-01-29T13:42:44","slug":"entidades-lancam-manifesto-em-favor-da-pec-emergencial","status":"publish","type":"post","link":"https:\/\/cndl.org.br\/varejosa\/entidades-lancam-manifesto-em-favor-da-pec-emergencial\/","title":{"rendered":"Entidades lan\u00e7am manifesto em favor da PEC Emergencial"},"content":{"rendered":"\n<p class=\"has-text-align-center\"><em>O documento, elaborado pela Abrainc, e apoiado, entre outros, pela CNDL, pede a redu\u00e7\u00e3o do gasto p\u00fablico, incentivo a investimentos<\/em><\/p>\n\n\n\n<p>Entidades que representam diferentes segmentos da economia brasileira divulgaram um manifesto nesta quinta-feira (25) listando a\u00e7\u00f5es governamentais que consideram priorit\u00e1rias. Entre elas est\u00e3o a redu\u00e7\u00e3o dos gastos p\u00fablicos com a aprova\u00e7\u00e3o da PEC Emergencial, o incentivo a investimentos e uma agenda de reformas.<\/p>\n\n\n\n<p>O manifesto foi elaborado pela Associa\u00e7\u00e3o Brasileira de Incorporadoras Imobili\u00e1rias (Abrainc) e \u00e9 apoiado por dezenas de entidades, entre as quais est\u00e1 a Confedera\u00e7\u00e3o Nacional de Dirigentes Lojistas.<\/p>\n\n\n\n<p>Segundo o documento, este \u00e9 um momento de oportunidade para \u201cmudar o Brasil, fazer o pa\u00eds avan\u00e7ar na dire\u00e7\u00e3o de uma vida melhor, com mais emprego e renda.\u201d<\/p>\n\n\n\n<p>Para tanto, s\u00e3o elencadas as seguintes prioridades:<\/p>\n\n\n\n<ul class=\"wp-block-list\"><li>Garantir recursos para o Aux\u00edlio Emergencial para atender aos mais vulner\u00e1veis aos efeitos econ\u00f4micos da pandemia;<\/li><li>Conter o gasto p\u00fablico, que j\u00e1 alcan\u00e7ou quase 90% do PIB;<\/li><li>Incentivar investimentos e gerar empregos, reduzindo a carga tribut\u00e1ria e o d\u00e9ficit nas contas p\u00fablicas;<\/li><li>Avan\u00e7ar nas reformas;<\/li><li>Aprovar a PEC Emergencial, que deve trazer medidas de conten\u00e7\u00e3o dos gastos p\u00fablicos e garantir o equil\u00edbrio fiscal no longo prazo;<\/li><\/ul>\n\n\n\n<p>Segundo a Abrainc, as entidades que assinam o manifesto representam 45% do Produto Interno Bruto (PIB) do pa\u00eds.<\/p>\n","protected":false},"excerpt":{"rendered":"<p>O documento, elaborado pela Abrainc, e apoiado, entre outros, pela CNDL, pede a redu\u00e7\u00e3o do gasto p\u00fablico, incentivo a investimentos Entidades que representam diferentes segmentos [&hellip;]<\/p>\n","protected":false},"author":7,"featured_media":11794,"comment_status":"open","ping_status":"open","sticky":false,"template":"","format":"standard","meta":{"footnotes":""},"categories":[5891],"tags":[],"class_list":["post-11793","post","type-post","status-publish","format-standard","has-post-thumbnail","hentry","category-empreendedorismo"],"_links":{"self":[{"href":"https:\/\/cndl.org.br\/varejosa\/wp-json\/wp\/v2\/posts\/11793","targetHints":{"allow":["GET"]}}],"collection":[{"href":"https:\/\/cndl.org.br\/varejosa\/wp-json\/wp\/v2\/posts"}],"about":[{"href":"https:\/\/cndl.org.br\/varejosa\/wp-json\/wp\/v2\/types\/post"}],"author":[{"embeddable":true,"href":"https:\/\/cndl.org.br\/varejosa\/wp-json\/wp\/v2\/users\/7"}],"replies":[{"embeddable":true,"href":"https:\/\/cndl.org.br\/varejosa\/wp-json\/wp\/v2\/comments?post=11793"}],"version-history":[{"count":0,"href":"https:\/\/cndl.org.br\/varejosa\/wp-json\/wp\/v2\/posts\/11793\/revisions"}],"wp:featuredmedia":[{"embeddable":true,"href":"https:\/\/cndl.org.br\/varejosa\/wp-json\/wp\/v2\/media\/11794"}],"wp:attachment":[{"href":"https:\/\/cndl.org.br\/varejosa\/wp-json\/wp\/v2\/media?parent=11793"}],"wp:term":[{"taxonomy":"category","embeddable":true,"href":"https:\/\/cndl.org.br\/varejosa\/wp-json\/wp\/v2\/categories?post=11793"},{"taxonomy":"post_tag","embeddable":true,"href":"https:\/\/cndl.org.br\/varejosa\/wp-json\/wp\/v2\/tags?post=11793"}],"curies":[{"name":"wp","href":"https:\/\/api.w.org\/{rel}","templated":true}]}}