{"id":11802,"date":"2021-03-01T06:00:00","date_gmt":"2021-03-01T09:00:00","guid":{"rendered":"https:\/\/cndl.org.br\/varejosa\/?p=11802"},"modified":"2026-01-29T10:42:44","modified_gmt":"2026-01-29T13:42:44","slug":"programa-brasil-mais-quer-chegar-a-70-mil-empresas-em-2021","status":"publish","type":"post","link":"https:\/\/cndl.org.br\/varejosa\/programa-brasil-mais-quer-chegar-a-70-mil-empresas-em-2021\/","title":{"rendered":"Programa Brasil Mais quer chegar a 70 mil empresas em 2021"},"content":{"rendered":"\n<p class=\"has-text-align-center\"><em>Programa que moderniza e amplia a produtividade de empresas retoma as atividades em mar\u00e7o<\/em><\/p>\n\n\n\n<div class=\"wp-block-image\"><figure class=\"alignleft size-large is-resized\"><img loading=\"lazy\" decoding=\"async\" src=\"https:\/\/cndl.org.br\/varejosa\/wp-content\/uploads\/2021\/02\/Carlos-da-costa-1.jpg\" alt=\"\" class=\"wp-image-11804\" width=\"399\" height=\"300\" srcset=\"https:\/\/cndl.org.br\/varejosa\/wp-content\/uploads\/2021\/02\/Carlos-da-costa-1.jpg 1024w, https:\/\/cndl.org.br\/varejosa\/wp-content\/uploads\/2021\/02\/Carlos-da-costa-1-300x225.jpg 300w, https:\/\/cndl.org.br\/varejosa\/wp-content\/uploads\/2021\/02\/Carlos-da-costa-1-768x576.jpg 768w\" sizes=\"auto, (max-width: 399px) 100vw, 399px\" \/><figcaption>O secret\u00e1rio especial de Produtividade, Emprego e Competitividade do Minist\u00e9rio da Economia, Carlos Da Costa: &#8220;Queremos ajudar os pequenos neg\u00f3cios a alavancarem produtividade&#8221;<\/figcaption><\/figure><\/div>\n\n\n\n<p>O \u201cPrograma Brasil Mais\u201d, uma iniciativa do Governo Federal que visa aumentar a produtividade e a competitividade das empresas brasileiras, est\u00e1 com inscri\u00e7\u00f5es abertas para atender empresas em nove cidades do Noroeste Mineiro e do Alto Parana\u00edba. Com in\u00edcio em mar\u00e7o, o programa busca 220 empresas dos ramos do com\u00e9rcio e de servi\u00e7os. O mesmo acontece no Esp\u00edrito Santo, onde a meta \u00e9 atender 2.100 empresas do setor industrial.<\/p>\n\n\n\n<p>A expectativa \u00e9 que em 2020 o programa tenha um desempenho parecido com o de 2020, quando a meta era de atender sete mil empresas at\u00e9 dezembro, mas acabou realizando 9.334 atendimentos de empresas em v\u00e1rios estados do pa\u00eds.<\/p>\n\n\n\n<p>O Mais Brasil \u00e9 coordenado pela Secretaria Especial de Produtividade, Emprego e Competitividade do Minist\u00e9rio da Economia (SEPEC\/ME) e realizado em parceria com a Ag\u00eancia Brasileira de Desenvolvimento Industrial (ABDI), Sebrae e SENAI, tem como objetivo ajudar micro, pequenas e m\u00e9dias empresas a modernizarem seus neg\u00f3cios e ampliarem a produtividade com ferramentas de baixo custo e alto impacto.<\/p>\n\n\n\n<p>\u201cOs n\u00fameros do ano passado foram surpreendentes. Este \u00e9 um programa de magnitude nunca antes feito no Brasil. Nossa expectativa \u00e9 atender cerca de 70 mil empresas em 2021\u201d, afirmou o secret\u00e1rio especial de Produtividade, Emprego e Competitividade do Minist\u00e9rio da Economia, Carlos Da Costa, coordenador do programa. Segundo o secret\u00e1rio, o Brasil Mais est\u00e1 atingindo seu objetivo, mesmo neste per\u00edodo de pandemia, que \u00e9 o de \u201cajudar os pequenos neg\u00f3cios a alavancarem produtividade por meio da melhoria das capacidades empresariais e digitais\u201d.<\/p>\n\n\n\n<p>O novo ciclo do programa est\u00e1 marcado para come\u00e7ar em mar\u00e7o de 2021, mas desta vez ser\u00e1 aberto para os empreendedores de todo o pa\u00eds. Segundo o presidente do Sebrae, Carlos Melles, ser\u00e3o disponibilizadas 22 mil vagas com 100% dos custos subsidiados pela institui\u00e7\u00e3o. Ap\u00f3s tr\u00eas meses do final do atendimento pelo Agente Local de Inova\u00e7\u00e3o (ALI), est\u00e1 prevista outra visita \u00e0 empresa pelo agente do Sebrae para uma nova avalia\u00e7\u00e3o e mensura\u00e7\u00e3o de resultados.<\/p>\n\n\n\n<p>\u201cDurante os quatros meses desse ciclo ser\u00e1 realizado um plano de a\u00e7\u00e3o e, caso haja interesse do empres\u00e1rio, ele tamb\u00e9m poder\u00e1 solicitar consultorias especializadas do Sebrae que t\u00eam uma contrapartida do empres\u00e1rio de 30%\u201d, explicou.<\/p>\n\n\n\n<p><strong>O Programa<\/strong><\/p>\n\n\n\n<div class=\"wp-block-image\"><figure class=\"alignleft size-large is-resized\"><img loading=\"lazy\" decoding=\"async\" src=\"https:\/\/cndl.org.br\/varejosa\/wp-content\/uploads\/2021\/02\/carlos-melles2.jpg\" alt=\"\" class=\"wp-image-11766\" width=\"372\" height=\"279\" srcset=\"https:\/\/cndl.org.br\/varejosa\/wp-content\/uploads\/2021\/02\/carlos-melles2.jpg 1024w, https:\/\/cndl.org.br\/varejosa\/wp-content\/uploads\/2021\/02\/carlos-melles2-300x225.jpg 300w, https:\/\/cndl.org.br\/varejosa\/wp-content\/uploads\/2021\/02\/carlos-melles2-768x576.jpg 768w\" sizes=\"auto, (max-width: 372px) 100vw, 372px\" \/><figcaption><em>Presidente do Sebrae, Carlos Melles: &#8220;Faturar mais e gastar menos \u00e9 prioridade para os empres\u00e1rios&#8221;. Foto: Ag\u00eancia Brasil<\/em><\/figcaption><\/figure><\/div>\n\n\n\n<p>O programa Brasil Mais tem o objetivo de contribuir com a eleva\u00e7\u00e3o do n\u00edvel de produtividade e competitividade das empresas brasileiras em um cen\u00e1rio de transforma\u00e7\u00e3o digital. A iniciativa est\u00e1 voltada especialmente aos pequenos neg\u00f3cios e empresas de m\u00e9dio porte, dos setores da ind\u00fastria, com\u00e9rcio e servi\u00e7os.&nbsp;A meta \u00e9 atender cerca de 120 mil empresas at\u00e9 dezembro de 2022.<\/p>\n\n\n\n<p>O programa tem a\u00e7\u00f5es em dois eixos principais: melhores pr\u00e1ticas produtivas (dispon\u00edvel para a ind\u00fastria), e melhores pr\u00e1ticas gerenciais (dispon\u00edvel para empresas de todos os setores, desde que sejam de micro ou de pequeno porte). Na plataforma, as empresas interessadas ter\u00e3o acesso a servi\u00e7os e atendimentos assistidos, ferramentas de autodiagn\u00f3stico e conte\u00fados exclusivos que auxiliam na melhoria da gest\u00e3o e produtividade do neg\u00f3cio.<\/p>\n\n\n\n<p>Ao se cadastrar no programa, no site&nbsp;<a href=\"https:\/\/brasilmais.economia.gov.br\/\"><strong>www.gov.br\/brasilmais<\/strong><\/a>, a empresa escolhe em qual dos eixos tem interesse em ser atendida, responde a um question\u00e1rio de autodiagn\u00f3stico para avaliar o seu grau de maturidade de produ\u00e7\u00e3o ou gest\u00e3o e \u00e9 encaminhada para o atendimento, assistido por um dos parceiros do programa: Sebrae ou Senai.<\/p>\n\n\n\n<p>O Sebrae promove o aperfei\u00e7oamento das habilidades e pr\u00e1ticas gerenciais das micro e pequenas empresas de todos os setores da economia envolvidos no programa, por meio da oferta de orienta\u00e7\u00e3o t\u00e9cnica para inova\u00e7\u00e3o em temas gerenciais priorit\u00e1rios para cada empresa. Para isso, a institui\u00e7\u00e3o vai envolver 1 mil Agentes Locais de Inova\u00e7\u00e3o (ALI).<\/p>\n\n\n\n<p>\u201cNesse momento, mais do que nunca, faturar mais e gastar menos \u00e9 prioridade para os empres\u00e1rios. E em um cen\u00e1rio t\u00e3o novo, \u00e9 preciso pensar e agir diferente. O Sebrae v\u00ea, ent\u00e3o, como prioridade, estimular a inova\u00e7\u00e3o para que as empresas se tornem mais produtivas\u201d, afirma o presidente do Sebrae, Carlos Melles.<\/p>\n\n\n\n<p><strong>Com informa\u00e7\u00f5es do Sebrae<\/strong><\/p>\n","protected":false},"excerpt":{"rendered":"<p>Programa que moderniza e amplia a produtividade de empresas retoma as atividades em mar\u00e7o O \u201cPrograma Brasil Mais\u201d, uma iniciativa do Governo Federal que visa [&hellip;]<\/p>\n","protected":false},"author":7,"featured_media":11805,"comment_status":"open","ping_status":"open","sticky":false,"template":"","format":"standard","meta":{"footnotes":""},"categories":[5891],"tags":[2951,4160,289],"class_list":["post-11802","post","type-post","status-publish","format-standard","has-post-thumbnail","hentry","category-empreendedorismo","tag-brasil-mais","tag-carlos-da-costa","tag-sebrae"],"_links":{"self":[{"href":"https:\/\/cndl.org.br\/varejosa\/wp-json\/wp\/v2\/posts\/11802","targetHints":{"allow":["GET"]}}],"collection":[{"href":"https:\/\/cndl.org.br\/varejosa\/wp-json\/wp\/v2\/posts"}],"about":[{"href":"https:\/\/cndl.org.br\/varejosa\/wp-json\/wp\/v2\/types\/post"}],"author":[{"embeddable":true,"href":"https:\/\/cndl.org.br\/varejosa\/wp-json\/wp\/v2\/users\/7"}],"replies":[{"embeddable":true,"href":"https:\/\/cndl.org.br\/varejosa\/wp-json\/wp\/v2\/comments?post=11802"}],"version-history":[{"count":0,"href":"https:\/\/cndl.org.br\/varejosa\/wp-json\/wp\/v2\/posts\/11802\/revisions"}],"wp:featuredmedia":[{"embeddable":true,"href":"https:\/\/cndl.org.br\/varejosa\/wp-json\/wp\/v2\/media\/11805"}],"wp:attachment":[{"href":"https:\/\/cndl.org.br\/varejosa\/wp-json\/wp\/v2\/media?parent=11802"}],"wp:term":[{"taxonomy":"category","embeddable":true,"href":"https:\/\/cndl.org.br\/varejosa\/wp-json\/wp\/v2\/categories?post=11802"},{"taxonomy":"post_tag","embeddable":true,"href":"https:\/\/cndl.org.br\/varejosa\/wp-json\/wp\/v2\/tags?post=11802"}],"curies":[{"name":"wp","href":"https:\/\/api.w.org\/{rel}","templated":true}]}}