{"id":11888,"date":"2021-03-08T06:32:00","date_gmt":"2021-03-08T09:32:00","guid":{"rendered":"https:\/\/cndl.org.br\/varejosa\/?p=11888"},"modified":"2026-01-29T10:42:41","modified_gmt":"2026-01-29T13:42:41","slug":"governo-deve-permitir-que-patrao-adie-pagamento-de-fgts-por-ate-quatro-meses","status":"publish","type":"post","link":"https:\/\/cndl.org.br\/varejosa\/governo-deve-permitir-que-patrao-adie-pagamento-de-fgts-por-ate-quatro-meses\/","title":{"rendered":"Governo deve permitir que patr\u00e3o adie pagamento de FGTS por at\u00e9 quatro meses"},"content":{"rendered":"\n<p class=\"has-text-align-center\"><em>Minist\u00e9rio prepara medida provis\u00f3ria que tamb\u00e9m autoriza antecipa\u00e7\u00e3o de f\u00e9rias dos trabalhadores<\/em><\/p>\n\n\n\n<p>O governo federal prepara uma medida provis\u00f3ria para permitir que empresas adiem por at\u00e9 quatro meses o recolhimento do FGTS dos empregados. As informa\u00e7\u00f5es s\u00e3o da Folha de S.Paulo.<\/p>\n\n\n\n<p>A suspens\u00e3o ter\u00e1 que ser compensada pelo patr\u00e3o posteriormente. J\u00e1 o direito ao dep\u00f3sito de 8% do sal\u00e1rio em conta do FGTS do trabalhador n\u00e3o muda. Segundo o jornal, os valores atrasados poder\u00e3o ser parcelados, mas sem multas e encargos.<\/p>\n\n\n\n<p>Se a pessoa for demitida antes que o FGTS adiado n\u00e3o tenha sido quitado, a empresa, no momento da rescis\u00e3o, ser\u00e1 obrigada a depositar o que deixou de ser pago no per\u00edodo. A medida provis\u00f3ria tamb\u00e9m deve reeditar dispositivo que permite a antecipa\u00e7\u00e3o de f\u00e9rias, como no ano passado.<\/p>\n\n\n\n<p>Essa medida do FGTS j\u00e1 foi adotada no ano passado e faz parte do pacote do Minist\u00e9rio da Economia para reduzir os custos dos empres\u00e1rios, num momento em que a pandemia ganha for\u00e7a no Brasil e algumas atividades econ\u00f4micas sofreram restri\u00e7\u00f5es.<\/p>\n\n\n\n<p>A MP deve ser publicada at\u00e9 a pr\u00f3xima semana e seu per\u00edodo de vig\u00eancia deve ser entre tr\u00eas e quatro meses.<\/p>\n\n\n\n<p>De acordo com o jornal, o governo quer no fim de mar\u00e7o apresentar a nova vers\u00e3o do programa de corte de jornada e sal\u00e1rio de trabalhadores da iniciativa privada.<\/p>\n\n\n\n<p>Fonte: Yahoo Finan\u00e7as<\/p>\n","protected":false},"excerpt":{"rendered":"<p>Minist\u00e9rio prepara medida provis\u00f3ria que tamb\u00e9m autoriza antecipa\u00e7\u00e3o de f\u00e9rias dos trabalhadores<\/p>\n","protected":false},"author":8,"featured_media":11889,"comment_status":"open","ping_status":"open","sticky":false,"template":"","format":"standard","meta":{"footnotes":""},"categories":[5891],"tags":[4166,4167,468,1013],"class_list":["post-11888","post","type-post","status-publish","format-standard","has-post-thumbnail","hentry","category-empreendedorismo","tag-adiamento-de-ferias","tag-empregador","tag-fgts","tag-governo-federal"],"_links":{"self":[{"href":"https:\/\/cndl.org.br\/varejosa\/wp-json\/wp\/v2\/posts\/11888","targetHints":{"allow":["GET"]}}],"collection":[{"href":"https:\/\/cndl.org.br\/varejosa\/wp-json\/wp\/v2\/posts"}],"about":[{"href":"https:\/\/cndl.org.br\/varejosa\/wp-json\/wp\/v2\/types\/post"}],"author":[{"embeddable":true,"href":"https:\/\/cndl.org.br\/varejosa\/wp-json\/wp\/v2\/users\/8"}],"replies":[{"embeddable":true,"href":"https:\/\/cndl.org.br\/varejosa\/wp-json\/wp\/v2\/comments?post=11888"}],"version-history":[{"count":0,"href":"https:\/\/cndl.org.br\/varejosa\/wp-json\/wp\/v2\/posts\/11888\/revisions"}],"wp:featuredmedia":[{"embeddable":true,"href":"https:\/\/cndl.org.br\/varejosa\/wp-json\/wp\/v2\/media\/11889"}],"wp:attachment":[{"href":"https:\/\/cndl.org.br\/varejosa\/wp-json\/wp\/v2\/media?parent=11888"}],"wp:term":[{"taxonomy":"category","embeddable":true,"href":"https:\/\/cndl.org.br\/varejosa\/wp-json\/wp\/v2\/categories?post=11888"},{"taxonomy":"post_tag","embeddable":true,"href":"https:\/\/cndl.org.br\/varejosa\/wp-json\/wp\/v2\/tags?post=11888"}],"curies":[{"name":"wp","href":"https:\/\/api.w.org\/{rel}","templated":true}]}}