{"id":11893,"date":"2021-03-09T06:00:00","date_gmt":"2021-03-09T09:00:00","guid":{"rendered":"https:\/\/cndl.org.br\/varejosa\/?p=11893"},"modified":"2024-02-04T17:17:56","modified_gmt":"2024-02-04T20:17:56","slug":"sistema-cndl-indica-ricardo-almeida-para-o-conselho-nacional-de-protecao-de-dados","status":"publish","type":"post","link":"https:\/\/cndl.org.br\/varejosa\/sistema-cndl-indica-ricardo-almeida-para-o-conselho-nacional-de-protecao-de-dados\/","title":{"rendered":"Sistema CNDL indica Ricardo Almeida para o Conselho Nacional de Prote\u00e7\u00e3o de Dados"},"content":{"rendered":"\n<p>A Confedera\u00e7\u00e3o Nacional de Dirigentes Lojistas (CNDL) indicou, nesta segunda-feira (8\/3), o seu diretor de Seguran\u00e7a da Informa\u00e7\u00e3o e Prote\u00e7\u00e3o de Dados, Ricardo Almeida, para integrar o Conselho Nacional de Prote\u00e7\u00e3o de Dados Pessoais e da Privacidade (CNPD). A indica\u00e7\u00e3o foi feita junto \u00e0  Autoridade Nacional de Prote\u00e7\u00e3o de Dados (ANPD), respons\u00e1vel por formar lista tr\u00edplice que embasar\u00e1 a decis\u00e3o do presidente da Rep\u00fablica, Jair Bolsonaro, na composi\u00e7\u00e3o do conselho.<\/p>\n\n\n\n<p>&#8220;O nosso diretor de Prote\u00e7\u00e3o de Dados \u00e9 especialista em governan\u00e7a de banco de dados premiado, sem falar que conhece o Brasil de norte a sul e passou por em empresas multinacionais e nacionais em diversos segmentos, principalmente na ind\u00fastria e servi\u00e7os. Com toda a certeza, tem a forma\u00e7\u00e3o e experi\u00eancia necess\u00e1rias para integrar o CNPD, e assim contribuir com a\u00e7\u00f5es que levem em considera\u00e7\u00e3o a realidade das empresas de diversos segmentos e portes que fazem tratamento de dados pessoais e t\u00eam a preocupa\u00e7\u00e3o com a prote\u00e7\u00e3o desses dados e seus titulares\u201d, destaca Jos\u00e9 C\u00e9sar da Costa, presidente da Uni\u00e3o Nacional de Entidades do Com\u00e9rcio e Servi\u00e7os (UNECS) e da CNDL.<\/p>\n\n\n\n<p>Ricardo Almeida tem mais de 30 anos de experi\u00eancia no setor de Tecnologia da Informa\u00e7\u00e3o (TI), sendo reconhecido inclusive por esse segmento: premiado duas vezes por seu perfil inovador (Pr\u00eamio 100+ Inovadoras no Uso de TI, 2018 e 2019). Neste per\u00edodo, contribuiu com o fortalecimento da economia brasileira, atrav\u00e9s do desenvolvimento e governan\u00e7a dos bancos de dados, como o do SPC Brasil, o maior da Am\u00e9rica L\u00e1tica com informa\u00e7\u00f5es de mais de 180 milh\u00f5es de pessoas (PF\/PJ). Os seus projetos de tecnologia possibilitaram a centraliza\u00e7\u00e3o das informa\u00e7\u00f5es relevantes para uma maior confian\u00e7a nas rela\u00e7\u00f5es credit\u00edcias, garantindo seguran\u00e7a para quem vende e para quem compra.<\/p>\n\n\n\n<p>&#8220;Quando projetei a cria\u00e7\u00e3o de uma base de dados \u00fanica para centralizar as informa\u00e7\u00f5es de prote\u00e7\u00e3o de cr\u00e9dito, viajei o pa\u00eds todo ouvindo as C\u00e2maras de Dirigentes Lojista (CDLs), Associa\u00e7\u00f5es Comerciais, empresas, consumidores, cart\u00f3rios e \u00f3rg\u00e3os municipais, estaduais e federais, quem tinham informa\u00e7\u00f5es sobre pessoas ou empresas. Queria entender as necessidades e problemas para garantir seguran\u00e7a e prote\u00e7\u00e3o aos empreendedores e seus clientes, sobretudo, na prote\u00e7\u00e3o dos dados das pessoas&#8221;, se recorda Ricardo Almeida.<\/p>\n\n\n\n<p>\u00c9 o respons\u00e1vel pela adequa\u00e7\u00e3o cont\u00ednua do Sistema CNDL\/SPC Brasil \u00e0 LGPD \u2013 Lei Geral de Prote\u00e7\u00e3o de Dados Pessoais. Tamb\u00e9m realiza treinamentos sobre a LGPD e sua implementa\u00e7\u00e3o em mais de 2 mil CDLs &#8211; C\u00e2maras de Dirigentes Lojistas e para seus associados, em sua maioria microempresas e empresas de pequeno porte, em todas as regi\u00f5es do Brasil. Al\u00e9m de v\u00e1rios cursos de especializa\u00e7\u00e3o em TI e nas novas normas regulat\u00f3rias, como a GDPR e LGPD, em busca de inova\u00e7\u00e3o e tecnologia, tem como refer\u00eancia e esteve nos principais centros de inova\u00e7\u00e3o no mundo, passando por San Francisco (EUA), Londres (Reino Unido) e Singapura (\u00c1sia).<\/p>\n\n\n\n<p>&#8220;Fui a v\u00e1rios pa\u00edses conhecer solu\u00e7\u00f5es de base de dados e tratamento de dados e participei de eventos promovidos pela IT M\u00eddia e IT4CIO com os maiores fabricantes de TI, como Oracle, IBM, Dell e Cisco&#8221;, conta o especialista em Tecnologia da Informa\u00e7\u00e3o.<\/p>\n\n\n\n<p><strong>Saiba mais sobre o CNPD<\/strong><\/p>\n\n\n\n<p>O Conselho Nacional de Prote\u00e7\u00e3o de Dados Pessoais e da Privacidade \u00e9 um \u00f3rg\u00e3o consultivo, integrante da estrutura da ANPD, composto por membros da sociedade e do poder p\u00fablico. Tem a fun\u00e7\u00e3o de, entre outras coisas, propor diretrizes estrat\u00e9gicas e fornecer subs\u00eddios para a elabora\u00e7\u00e3o da Pol\u00edtica Nacional de Prote\u00e7\u00e3o de Dados Pessoais e da Privacidade e para a atua\u00e7\u00e3o da ANPD; e elaborar estudos e realizar debates e audi\u00eancias p\u00fablicas sobre a prote\u00e7\u00e3o de dados pessoais e da privacidade. A participa\u00e7\u00e3o no CNPD \u00e9 considerada presta\u00e7\u00e3o de servi\u00e7o p\u00fablico relevante, n\u00e3o remunerada.<\/p>\n\n\n\n<p>O conselho \u00e9 composto por vinte e tr\u00eas membros titulares e suplentes, com mandato de dois anos, designados pelo Presidente da Rep\u00fablica. Os membros do conselho s\u00e3o representantes de \u00f3rg\u00e3os do Governo Federal, Legislativo, Judici\u00e1rio; organiza\u00e7\u00f5es da sociedade civil com atua\u00e7\u00e3o comprovada em prote\u00e7\u00e3o de dados pessoais; institui\u00e7\u00f5es cient\u00edficas, tecnol\u00f3gicas e de inova\u00e7\u00e3o; confedera\u00e7\u00f5es sindicais representativas das categorias econ\u00f4micas do setor produtivo; entidades representativas do setor empresarial relacionado \u00e0 \u00e1rea de tratamento de dados pessoais; e entidades representativas do setor laboral.<\/p>\n\n\n\n<p>Nesta ocasi\u00e3o, a Autoridade Nacional de Prote\u00e7\u00e3o de Dados est\u00e1 construindo listas tr\u00edplices para o preenchimento dos assentos das organiza\u00e7\u00f5es da sociedade civil, que tem direito a 3 vagas; das institui\u00e7\u00f5es cient\u00edficas, com 3 vagas; confedera\u00e7\u00f5es sindicais, com 3 vagas; entidades do setor empresarial, com 2 vagas; e entidades do setor laboral, com 2 vagas.<\/p>\n\n\n\n<p>Os representantes s\u00e3o indicados pelos titulares dos \u00f3rg\u00e3os que representam \u00e0 Casa Civil da Presid\u00eancia da Rep\u00fablica. As vagas destinadas aos representantes de diferentes segmentos da sociedade ser\u00e3o preenchidas por meio da forma\u00e7\u00e3o de lista tr\u00edplice, a ser submetida pela ANPD \u00e0 Casa Civil para nomea\u00e7\u00e3o pelo Presidente da Rep\u00fablica. As candidaturas ao CNPD devem ser apresentadas pelas entidades representativas de cada segmento.<\/p>\n","protected":false},"excerpt":{"rendered":"<p>A indica\u00e7\u00e3o foi feita junto \u00e0 ANPD, respons\u00e1vel por formar lista tr\u00edplice que embasar\u00e1 a decis\u00e3o do presidente da Rep\u00fablica, Jair Bolsonaro, na composi\u00e7\u00e3o do conselho<\/p>\n","protected":false},"author":4,"featured_media":11894,"comment_status":"open","ping_status":"open","sticky":false,"template":"","format":"standard","meta":{"footnotes":""},"categories":[1371],"tags":[2906,3193,1425,4005],"class_list":["post-11893","post","type-post","status-publish","format-standard","has-post-thumbnail","hentry","category-noticias-cndl","tag-anpd","tag-cnpd","tag-protecao-de-dados","tag-ricardo-almeida"],"_links":{"self":[{"href":"https:\/\/cndl.org.br\/varejosa\/wp-json\/wp\/v2\/posts\/11893","targetHints":{"allow":["GET"]}}],"collection":[{"href":"https:\/\/cndl.org.br\/varejosa\/wp-json\/wp\/v2\/posts"}],"about":[{"href":"https:\/\/cndl.org.br\/varejosa\/wp-json\/wp\/v2\/types\/post"}],"author":[{"embeddable":true,"href":"https:\/\/cndl.org.br\/varejosa\/wp-json\/wp\/v2\/users\/4"}],"replies":[{"embeddable":true,"href":"https:\/\/cndl.org.br\/varejosa\/wp-json\/wp\/v2\/comments?post=11893"}],"version-history":[{"count":0,"href":"https:\/\/cndl.org.br\/varejosa\/wp-json\/wp\/v2\/posts\/11893\/revisions"}],"wp:featuredmedia":[{"embeddable":true,"href":"https:\/\/cndl.org.br\/varejosa\/wp-json\/wp\/v2\/media\/11894"}],"wp:attachment":[{"href":"https:\/\/cndl.org.br\/varejosa\/wp-json\/wp\/v2\/media?parent=11893"}],"wp:term":[{"taxonomy":"category","embeddable":true,"href":"https:\/\/cndl.org.br\/varejosa\/wp-json\/wp\/v2\/categories?post=11893"},{"taxonomy":"post_tag","embeddable":true,"href":"https:\/\/cndl.org.br\/varejosa\/wp-json\/wp\/v2\/tags?post=11893"}],"curies":[{"name":"wp","href":"https:\/\/api.w.org\/{rel}","templated":true}]}}