{"id":11913,"date":"2021-03-10T06:21:00","date_gmt":"2021-03-10T09:21:00","guid":{"rendered":"https:\/\/cndl.org.br\/varejosa\/?p=11913"},"modified":"2024-02-04T17:17:56","modified_gmt":"2024-02-04T20:17:56","slug":"a-mulher-e-protagonista-no-comercio-catarinense-aponta-fcdl-sc","status":"publish","type":"post","link":"https:\/\/cndl.org.br\/varejosa\/a-mulher-e-protagonista-no-comercio-catarinense-aponta-fcdl-sc\/","title":{"rendered":"A mulher \u00e9 protagonista no com\u00e9rcio catarinense, aponta FCDL\/SC"},"content":{"rendered":"\n<p>As mulheres s\u00e3o protagonistas no com\u00e9rcio catarinense, seja nos cargos de gest\u00e3o, seja no quadro de funcion\u00e1rios, demonstra levantamento realizado pela Federa\u00e7\u00e3o das C\u00e2maras de Dirigentes Lojistas de Santa Catarina (FCDL\/SC) como parte das a\u00e7\u00f5es para valoriza\u00e7\u00e3o em homenagem ao\u00a0Dia Internacional da Mulher, comemorado nesta segunda-feira, 8.\u00a0<br \/>\u00a0\u00a0<br \/>Entre os participantes do levantamento realizado neste m\u00eas, 64,1% s\u00e3o estabelecimentos com uma mulher como s\u00f3cia-propriet\u00e1ria ou majorit\u00e1ria, contra 35,9% de presen\u00e7a de homens no mesmo posto. Em rela\u00e7\u00e3o ao principal gestor das lojas, a propor\u00e7\u00e3o se manteve, com 69,3% dos cargos ocupados por mulheres e 30,7% por homens. \u201cA mulher catarinense \u00e9 empreendedora, corajosa, ousada e disposta. A presen\u00e7a feminina tem um papel essencial no desenvolvimento do com\u00e9rcio catarinense\u201d, afirma Ivan Roberto\u00a0Tauffer, presidente da FCDL\/SC.\u00a0<br \/>\u00a0\u00a0<br \/>Integrante da diretoria executiva da federa\u00e7\u00e3o, F\u00e1tima Regina Ferreira\u00a0Granemann, vice-presidente de patrim\u00f4nio da FCDL\/SC, defende que a mulher \u00e9 empreendedora nata. \u201cApesar das dificuldades enfrentadas, como jornada dupla, os avan\u00e7os s\u00e3o cada vez mais representativos, com \u00eanfase no com\u00e9rcio. As mulheres est\u00e3o aumentando o grau de conhecimento na teoria e na pr\u00e1tica e galgando a escala financeira em seus neg\u00f3cios\u201d, aponta. \u201c\u00c9 preciso ter coragem para defender nossos ideais, mas tamb\u00e9m ser respons\u00e1vel pelas consequ\u00eancias. Temos que acreditar, saber que somos capazes e que podemos\u201d, acrescenta Nadir\u00a0Koerich, atual presidente da CDL-SJ e primeira mulher a ocupar o cargo.\u00a0<br \/>\u00a0\u00a0<br \/>Entre os colaboradores das empresas consultadas, elas tamb\u00e9m s\u00e3o maioria. Em 56,2% das empresas consultadas, a maioria dos funcion\u00e1rios \u00e9 composta por mulheres e em 25% por homens. Outros 13,2% dos entrevistados responderam que a equipe \u00e9 formada por metade mulheres e metade homens e 5,6% informaram n\u00e3o ter funcion\u00e1rio.\u00a0<br \/>\u00a0\u00a0<br \/>Foram consultados 771 participantes de 169 cidades catarinenses, sendo a maioria associados \u00e0s\u00a0CDLs. Valdemir Manoel da Silva, gerente comercial da FCDL\/SC, respons\u00e1vel pelo levantamento, diz que o resultado \u00e9 uma comprova\u00e7\u00e3o do que j\u00e1 se observa na pr\u00e1tica. \u201cEm todas as capacita\u00e7\u00f5es, palestras, encontros de lideran\u00e7a empresarial, sejam presenciais ou \u00e0 dist\u00e2ncia, as mulheres sempre s\u00e3o a maioria\u201d.\u00a0<br \/>\u00a0<br \/><em>Fonte: FCDL\/SC\u00a0<\/em><\/p>\n","protected":false},"excerpt":{"rendered":"<p>Pouco mais de 64% dos neg\u00f3cios de varejo em SC tem uma mulher como s\u00f3cia-propriet\u00e1ria ou majorit\u00e1ria<\/p>\n","protected":false},"author":15,"featured_media":11914,"comment_status":"open","ping_status":"open","sticky":false,"template":"","format":"standard","meta":{"footnotes":""},"categories":[1371],"tags":[620,621,2653,1838],"class_list":["post-11913","post","type-post","status-publish","format-standard","has-post-thumbnail","hentry","category-noticias-cndl","tag-mulheres","tag-mulheres-empreendedoras","tag-santa-catarina","tag-varejista"],"_links":{"self":[{"href":"https:\/\/cndl.org.br\/varejosa\/wp-json\/wp\/v2\/posts\/11913","targetHints":{"allow":["GET"]}}],"collection":[{"href":"https:\/\/cndl.org.br\/varejosa\/wp-json\/wp\/v2\/posts"}],"about":[{"href":"https:\/\/cndl.org.br\/varejosa\/wp-json\/wp\/v2\/types\/post"}],"author":[{"embeddable":true,"href":"https:\/\/cndl.org.br\/varejosa\/wp-json\/wp\/v2\/users\/15"}],"replies":[{"embeddable":true,"href":"https:\/\/cndl.org.br\/varejosa\/wp-json\/wp\/v2\/comments?post=11913"}],"version-history":[{"count":0,"href":"https:\/\/cndl.org.br\/varejosa\/wp-json\/wp\/v2\/posts\/11913\/revisions"}],"wp:featuredmedia":[{"embeddable":true,"href":"https:\/\/cndl.org.br\/varejosa\/wp-json\/wp\/v2\/media\/11914"}],"wp:attachment":[{"href":"https:\/\/cndl.org.br\/varejosa\/wp-json\/wp\/v2\/media?parent=11913"}],"wp:term":[{"taxonomy":"category","embeddable":true,"href":"https:\/\/cndl.org.br\/varejosa\/wp-json\/wp\/v2\/categories?post=11913"},{"taxonomy":"post_tag","embeddable":true,"href":"https:\/\/cndl.org.br\/varejosa\/wp-json\/wp\/v2\/tags?post=11913"}],"curies":[{"name":"wp","href":"https:\/\/api.w.org\/{rel}","templated":true}]}}