{"id":11940,"date":"2021-03-12T08:48:53","date_gmt":"2021-03-12T11:48:53","guid":{"rendered":"https:\/\/cndl.org.br\/varejosasa\/?p=11940"},"modified":"2024-01-18T15:01:30","modified_gmt":"2024-01-18T18:01:30","slug":"paulo-guedes-diz-que-os-pequenos-negocios-sao-coluna-vertebral-da-economia","status":"publish","type":"post","link":"https:\/\/cndl.org.br\/varejosa\/paulo-guedes-diz-que-os-pequenos-negocios-sao-coluna-vertebral-da-economia\/","title":{"rendered":"Paulo Guedes diz que os pequenos neg\u00f3cios s\u00e3o coluna vertebral da economia"},"content":{"rendered":"\n<p><em>*Atualizado \u00e0s 10h44<\/em><\/p>\n\n\n\n<p>O ministro da Economia, Paulo Guedes, participou da primeira reuni\u00e3o da Frente Parlamentar Mista da Micro e Pequena Empresa em 2021, realizada nesta quinta-feira (11\/3), por meio de videoconfer\u00eancia. Na ocasi\u00e3o, o ministro reconheceu a import\u00e2ncia dos microempreendedores individuais e das empresas de micro e pequeno porte para a economia brasileira, sobretudo neste per\u00edodo de crise em decorr\u00eancia da Covid-19.<\/p>\n\n\n\n<p>&#8220;Seguimos sempre com esta ideia de uma micro e pequena empresa como a coluna vertebral da economia. Esta \u00e9 a for\u00e7a da na\u00e7\u00e3o\u201d, afirmou Guedes. &#8220;Os pequenos neg\u00f3cios s\u00e3o respons\u00e1veis pela gera\u00e7\u00e3o de quase 60% dos empregos e produzem cerca de 28% do Produto Interno Bruto (PIB) do pa\u00eds&#8221;, acrescentou.<\/p>\n\n\n\n<p>O evento tamb\u00e9m contou com a participa\u00e7\u00e3o do presidente da Uni\u00e3o Nacional de Entidades de Com\u00e9rcio e Servi\u00e7os (UNECS) e da Confedera\u00e7\u00e3o Nacional de Dirigentes Lojistas (CNDL), Jos\u00e9 C\u00e9sar da Costa, que parabenizou aos parlamentares da Frente Parlamentar por sua r\u00e1pida e efetiva a\u00e7\u00e3o em defesa dos pequenos neg\u00f3cios.<\/p>\n\n\n\n<p>\u201cEm nome de meio milh\u00e3o de associados da CNDL e das noves institui\u00e7\u00f5es da UNECS, agrade\u00e7o \u00e0 Frente Parlamentar que tem atuado de forma efetiva em favor dos microempreendedores individuais e das micro e pequenas empresas. A recente prorroga\u00e7\u00e3o do prazo de car\u00eancia do Pronampe e os demais projetos propostos pela Frente s\u00e3o essenciais para estes empreendedores enfrentarem a pandemia\u201d, destacou Jos\u00e9 Carlos da Costa, que reafirmou o apoio da CNDL e UNECS ao trabalho do grupo de trabalho.<\/p>\n\n\n\n<p><strong>A\u00e7\u00f5es do Minist\u00e9rio da Economia<\/strong><br>Paulo Guedes comentou sobre as medidas econ\u00f4micas do governo do presidente da Rep\u00fablica, Jair Bolsonaro \u2013 <a href=\"https:\/\/cndl.org.br\/varejosasa\/bolsonaro-participa-do-1o-encontro-da-frente-parlamentar-da-mpe-em-2021\/\" target=\"_blank\" rel=\"noreferrer noopener\">que tamb\u00e9m participou do evento<\/a> \u2013, para fortalecer os empreendimentos de micro e pequeno porte. O ministro deixou clara a preocupa\u00e7\u00e3o do Executivo em socorrer os empreendedores por meio do fomento ao cr\u00e9dito. Trabalhou em parceria com o Congresso Nacional para aprovar o Programa Nacional de Apoio \u00e0s Microempresas e Empresas de Pequeno Porte (Pronampe) e a Empresa Simples de Cr\u00e9dito (ESC), novo tipo de neg\u00f3cio que realizar\u00e1 opera\u00e7\u00f5es de empr\u00e9stimos e financiamentos exclusivamente para Microempreendedores Individuais (MEI), microempresas e empresas de pequeno porte, utilizando-se exclusivamente de capital pr\u00f3prio.<\/p>\n\n\n\n<p>&#8220;Vem ai a renova\u00e7\u00e3o do Benef\u00edcio Emergencial de Manuten\u00e7\u00e3o do Emprego e Renda (BEm), um programa que segurou 11 milh\u00f5es de empregos com (a suspens\u00e3o de) 20 milh\u00f5es de contratos. E tem novas medidas: ao inv\u00e9s de dar R$ 1 mil de seguro desemprego, dar\u00edamos R$ 500 para manter o emprego; e fazer uma cobertura de 12 meses pela metade do custo&#8221;, anunciou o ministro da Economia.<\/p>\n\n\n\n<p>Guedes ainda pontuou o comprometimento da gest\u00e3o com a gera\u00e7\u00e3o e manuten\u00e7\u00e3o de empregos. Em plena crise, foram criados 140 mil novos empregos formais. &#8220;As palavras de ordem nesse momento s\u00e3o: vacina\u00e7\u00e3o em massa, de um lado, para o retorno seguro ao trabalho; e do outro, girar a economia. Estamos olhando para frente, cuidando da sa\u00fade e da economia\u201d, ressaltou.<\/p>\n\n\n\n<p><strong>Mais cr\u00e9dito<\/strong><br>O encontro foi coordenado pelo senador Jorginho Melo (PL-SC) e tamb\u00e9m contou com as presen\u00e7as do secret\u00e1rio de Produtividade, Emprego e Competitividade, Carlos Da Costa; e do presidente do Sebrae, Carlos Melles. Entre parlamentares e presidentes de institui\u00e7\u00f5es comprometidas com os micro e pequenos neg\u00f3cios, mais de 500 pessoas acompanharam ao evento pela internet.<\/p>\n\n\n\n<p>Em sua fala, o secret\u00e1rio de Produtividade, Emprego e Competitividade afirmou que o acesso ao cr\u00e9dito e mais liberdade de atua\u00e7\u00e3o para as empresas s\u00e3o quest\u00f5es priorit\u00e1rias para o governo de Jair Bolsonaro. Segundo Carlos Da Costa, mais de 500 mil empresas foram beneficiadas pelo Pronampe, com R$ 37,5 bilh\u00f5es injetados nos neg\u00f3cios. O governo federal liberou ainda R$ 92 bilh\u00f5es para pequenas e m\u00e9dias empresas dentro do Programa Emergencial de Acesso a Cr\u00e9dito (FGI PEAC).<\/p>\n\n\n\n<p>&#8220;Nesse momento em que a pandemia voltou a crescer, vamos dar a mesma agilidade que tivemos em todo governo federal para atender ao setor produtivo; e que tenhamos o m\u00ednimo de impacto nos pequenos neg\u00f3cios&#8221;, explicou o secret\u00e1rio de Emprego e Competitividade.<\/p>\n\n\n\n<p>Entre as medidas que a equipe econ\u00f4mica est\u00e1 trabalhando, o secret\u00e1rio destacou o Sistema Nacional de Garantia de Cr\u00e9dito, que ampliar\u00e1 a capacidade das cooperativas de emprestar dinheiro; um novo programa de microcr\u00e9dito; e a extens\u00e3o dos recursos residuais do FGI PEAC, algo em torno de R$ 2 bilh\u00f5es. &#8220;O combate \u00e0 crise \u00e9 focado em dois pilares: cr\u00e9dito e leveza. A micro e pequena precisa ter um caminho facilitado para atuar\u201d, analisou Costa.<\/p>\n\n\n\n<p>Com o Sistema Nacional de Defesa do Empreendedor, ainda em fase piloto, o governo de Bolsonaro pretende garantir que todos os editais de compras p\u00fablicas tenham prefer\u00eancia para as micro e pequenas empresas. &#8220;\u00c9 lei dar prefer\u00eancia para as MPEs nas compras p\u00fablicas, mas at\u00e9 mar\u00e7o identificamos 170 editais de 21 estados que n\u00e3o continham esta cl\u00e1usula. Ent\u00e3o estamos trabalhando para que isso seja cumprido&#8221;, explicou Carlos Da Costa.<\/p>\n\n\n\n<p>A pasta da economia tamb\u00e9m est\u00e1 trabalhando em conjunto com a Autoridade Nacional de Prote\u00e7\u00e3o de Dados (ANPD) para implementar medidas que facilitem o cumprimento da Lei Geral de Prote\u00e7\u00e3o de Dados (LGPD) pelos pequenos neg\u00f3cios. &#8220;Tem que facilitar o caminho para os micro e pequenos neg\u00f3cios, se n\u00e3o inviabiliza o cumprimento da LGPD&#8221;, apontou o secret\u00e1rio de Produtividade, Emprego e Competitividade.<\/p>\n\n\n\n<p><strong>Unidos em prol das MPEs<\/strong><br>As conquistas da Frente Parlamentar foram enumeradas pelo senador Jorginho Melo. \u201cConseguimos sancionar a Empresa Simples de Cr\u00e9dito, que j\u00e1 tem mais de 800 pontos de empr\u00e9stimo de dinheiro, al\u00e9m dos bancos. Em dois anos, j\u00e1 foram emprestados pela ESC R$ 600 milh\u00f5es. Queremos baratear, democratizar o cr\u00e9dito para os microempres\u00e1rios. Quando o micro e pequeno empres\u00e1rio compra melhor, ele vende melhor. Vamos trabalhar esse ano para emprestar mais\u201d, anunciou o senador.<\/p>\n\n\n\n<p>Para o presidente do Sebrae, Carlos Melles, o momento \u00e9 de unir for\u00e7as e seguir apoiando os microempreendedores brasileiros. \u201cH\u00e1 um n\u00edtido esfor\u00e7o do governo para recuperar a economia durante a pandemia. O aux\u00edlio emergencial possibilitou que a m\u00e1xima do Sebrae \u2018Compre do pequeno\u2019 fosse colocada em pr\u00e1tica. Os micro e pequenos neg\u00f3cios est\u00e3o sendo valentes nessa crise, e iniciativas como o Pronampe foram decisivas. \u00c9 o momento de dar as m\u00e3os, o povo est\u00e1 sofrido. Agrade\u00e7o a participa\u00e7\u00e3o do presidente Jair Bolsonaro nessa reuni\u00e3o sinalizando seu apoio e preocupa\u00e7\u00e3o com o empreendedorismo\u201d, concluiu.<\/p>\n","protected":false},"excerpt":{"rendered":"<p>O ministro da Economia, Paulo Guedes, participou da primeira reuni\u00e3o da Frente Parlamentar da Micro e Pequena Empresa em 2021<\/p>\n","protected":false},"author":7,"featured_media":11942,"comment_status":"open","ping_status":"open","sticky":false,"template":"","format":"standard","meta":{"footnotes":""},"categories":[26],"tags":[340,341,342,343,344,271],"class_list":["post-11940","post","type-post","status-publish","format-standard","has-post-thumbnail","hentry","category-negocios-e-economia","tag-bem","tag-economia","tag-empresa-simples-de-credito","tag-fgi-peac","tag-frente-parlamentar-da-micro-e-pequena-empresa","tag-pronampe"],"_links":{"self":[{"href":"https:\/\/cndl.org.br\/varejosa\/wp-json\/wp\/v2\/posts\/11940","targetHints":{"allow":["GET"]}}],"collection":[{"href":"https:\/\/cndl.org.br\/varejosa\/wp-json\/wp\/v2\/posts"}],"about":[{"href":"https:\/\/cndl.org.br\/varejosa\/wp-json\/wp\/v2\/types\/post"}],"author":[{"embeddable":true,"href":"https:\/\/cndl.org.br\/varejosa\/wp-json\/wp\/v2\/users\/7"}],"replies":[{"embeddable":true,"href":"https:\/\/cndl.org.br\/varejosa\/wp-json\/wp\/v2\/comments?post=11940"}],"version-history":[{"count":0,"href":"https:\/\/cndl.org.br\/varejosa\/wp-json\/wp\/v2\/posts\/11940\/revisions"}],"wp:featuredmedia":[{"embeddable":true,"href":"https:\/\/cndl.org.br\/varejosa\/wp-json\/wp\/v2\/media\/11942"}],"wp:attachment":[{"href":"https:\/\/cndl.org.br\/varejosa\/wp-json\/wp\/v2\/media?parent=11940"}],"wp:term":[{"taxonomy":"category","embeddable":true,"href":"https:\/\/cndl.org.br\/varejosa\/wp-json\/wp\/v2\/categories?post=11940"},{"taxonomy":"post_tag","embeddable":true,"href":"https:\/\/cndl.org.br\/varejosa\/wp-json\/wp\/v2\/tags?post=11940"}],"curies":[{"name":"wp","href":"https:\/\/api.w.org\/{rel}","templated":true}]}}