{"id":12016,"date":"2021-03-19T05:59:00","date_gmt":"2021-03-19T08:59:00","guid":{"rendered":"https:\/\/cndl.org.br\/varejosa\/?p=12016"},"modified":"2024-02-04T17:17:56","modified_gmt":"2024-02-04T20:17:56","slug":"cdl-monte-carmelo-lanca-a-campanha-aqui-eu-moro-aqui-eu-compro","status":"publish","type":"post","link":"https:\/\/cndl.org.br\/varejosa\/cdl-monte-carmelo-lanca-a-campanha-aqui-eu-moro-aqui-eu-compro\/","title":{"rendered":"CDL Monte Carmelo lan\u00e7a a campanha &#8216;Aqui eu moro, aqui eu compro&#8217;"},"content":{"rendered":"\n<p>A C\u00e2mara de Dirigentes Lojistas (CDL) de Monte Carmelo (MG) lan\u00e7ou nesta semana a campanha &#8216;Aqui eu moro, aqui eu compro&#8217;, com o objetivo de valorizar o com\u00e9rcio local e incentivar os consumidores a prestigiar os empreendedores da cidade. O com\u00e9rcio varejista \u00e9 o principal respons\u00e1vel pela gera\u00e7\u00e3o de emprego e renda no munic\u00edpio. Em entrevista \u00e0 R\u00e1dio Monte FM, o Presidente da CDL Monte Carmelo, Valdeir Rodovalho Souto, destacou que \u201c(devido a) este momento que estamos vivendo, a CDL se mobilizou e est\u00e1 lan\u00e7ando uma campanha para desenvolver o com\u00e9rcio de Monte Carmelo. A gente quer plantar a cultura na popula\u00e7\u00e3o de que ela precisa incentivar o com\u00e9rcio local\u201d.<\/p>\n\n\n\n<p>De acordo com a CDL, a maioria dos lojistas carmelitanos est\u00e1 vendendo na internet, sobretudo no WhatsApp e outras redes sociais. Os consumidores podem aproveitar essa facilidade para fazer suas compras e receber os produtos de maneira r\u00e1pida e segura no conforto de sua casa. &#8220;Os lojistas, os clientes e a cidade saem ganhando&#8221;, diz Souto.<\/p>\n\n\n\n<p><em>Fonte: CDL Monte Carmelo<\/em><\/p>\n","protected":false},"excerpt":{"rendered":"<p>O objetivo \u00e9 valorizar o com\u00e9rcio local de Monte Carmelo<\/p>\n","protected":false},"author":18,"featured_media":12020,"comment_status":"open","ping_status":"open","sticky":false,"template":"","format":"standard","meta":{"footnotes":""},"categories":[1371],"tags":[4482,4665],"class_list":["post-12016","post","type-post","status-publish","format-standard","has-post-thumbnail","hentry","category-noticias-cndl","tag-cdl-monte-carmelo","tag-pademia"],"_links":{"self":[{"href":"https:\/\/cndl.org.br\/varejosa\/wp-json\/wp\/v2\/posts\/12016","targetHints":{"allow":["GET"]}}],"collection":[{"href":"https:\/\/cndl.org.br\/varejosa\/wp-json\/wp\/v2\/posts"}],"about":[{"href":"https:\/\/cndl.org.br\/varejosa\/wp-json\/wp\/v2\/types\/post"}],"author":[{"embeddable":true,"href":"https:\/\/cndl.org.br\/varejosa\/wp-json\/wp\/v2\/users\/18"}],"replies":[{"embeddable":true,"href":"https:\/\/cndl.org.br\/varejosa\/wp-json\/wp\/v2\/comments?post=12016"}],"version-history":[{"count":0,"href":"https:\/\/cndl.org.br\/varejosa\/wp-json\/wp\/v2\/posts\/12016\/revisions"}],"wp:featuredmedia":[{"embeddable":true,"href":"https:\/\/cndl.org.br\/varejosa\/wp-json\/wp\/v2\/media\/12020"}],"wp:attachment":[{"href":"https:\/\/cndl.org.br\/varejosa\/wp-json\/wp\/v2\/media?parent=12016"}],"wp:term":[{"taxonomy":"category","embeddable":true,"href":"https:\/\/cndl.org.br\/varejosa\/wp-json\/wp\/v2\/categories?post=12016"},{"taxonomy":"post_tag","embeddable":true,"href":"https:\/\/cndl.org.br\/varejosa\/wp-json\/wp\/v2\/tags?post=12016"}],"curies":[{"name":"wp","href":"https:\/\/api.w.org\/{rel}","templated":true}]}}