{"id":12056,"date":"2021-03-24T08:00:00","date_gmt":"2021-03-24T11:00:00","guid":{"rendered":"https:\/\/cndl.org.br\/varejosa\/?p=12056"},"modified":"2026-01-29T10:42:16","modified_gmt":"2026-01-29T13:42:16","slug":"entra-em-vigor-lei-que-autoriza-setor-privado-a-comprar-vacinas-da-covid-19","status":"publish","type":"post","link":"https:\/\/cndl.org.br\/varejosa\/entra-em-vigor-lei-que-autoriza-setor-privado-a-comprar-vacinas-da-covid-19\/","title":{"rendered":"Entra em vigor lei que autoriza setor privado a comprar vacinas da Covid-19"},"content":{"rendered":"\n<p class=\"has-text-align-center\"><em>Setor privado dever\u00e1 doar todas as doses compradas para SUS enquanto <\/em><br><em>estiver em curso a vacina\u00e7\u00e3o dos grupos priorit\u00e1rios<\/em><\/p>\n\n\n\n<p>Na semana passada, o presidente Jair Bolsonaro sancionou com vetos o projeto de lei (PL 534\/2021) que autoriza o setor privado, estados e munic\u00edpios a comprarem vacinas contra a covid-19. O texto da Lei 14.125\/21 \u00e9 de autoria do presidente do Senado, Rodrigo Pacheco (DEM-MG), que atendeu \u00e0s reivindica\u00e7\u00f5es de uma parcela do setor produtivo.<\/p>\n\n\n\n<p>Segundo a legisla\u00e7\u00e3o, o setor privado fica obrigado a doar todas as doses compradas para o Sistema \u00danico de Sa\u00fade (SUS) enquanto estiver em curso a vacina\u00e7\u00e3o dos grupos priorit\u00e1rios definidos pelo Minist\u00e9rio da Sa\u00fade. Ap\u00f3s a conclus\u00e3o dessa etapa, as empresas poder\u00e3o ficar com metade das vacinas que adquirirem, e elas dever\u00e3o ser aplicadas gratuitamente. A outra metade dever\u00e1 ser remetida ao SUS.<\/p>\n\n\n\n<p>O presidente da Uni\u00e3o Nacional das Entidades de Com\u00e9rcio e Servi\u00e7os e da Confedera\u00e7\u00e3o Nacional de Dirigentes Lojistas (CNDL), acredita que a lei veio em boa hora e contribuir\u00e1 para a recupera\u00e7\u00e3o do ritmo de desenvolvimento e da economia. &#8220;Temos demonstrado o nosso total apoio \u00e0 vacina\u00e7\u00e3o da popula\u00e7\u00e3o brasileira contra a Covid-19. A imuniza\u00e7\u00e3o em massa \u00e9 e urgente e necess\u00e1ria, pois \u00e9 a \u00fanica forma segura e eficaz de conter a prolifera\u00e7\u00e3o do coronav\u00edrus e retomar com seguran\u00e7a o crescimento da economia&#8221;, ressalta.<\/p>\n\n\n\n<p><strong>Estados e munic\u00edpios<\/strong><br>Pela lei, a compra por estados e munic\u00edpios fica autorizada para casos em que o governo federal n\u00e3o cumpra o Plano Nacional de Operacionaliza\u00e7\u00e3o da Vacina contra a Covid-19, ou quando a cobertura imunol\u00f3gica prevista pela Uni\u00e3o n\u00e3o for suficiente. A norma se escora em decis\u00e3o proferida pelo Supremo Tribunal Federal (STF), tamb\u00e9m na \u00faltima semana, que considerou constitucional a iniciativa dos entes da federa\u00e7\u00e3o nessas mesmas hip\u00f3teses.<\/p>\n\n\n\n<p>Todas as medidas se aplicam apenas a vacinas com uso autorizado pela Ag\u00eancia Nacional de Vigil\u00e2ncia Sanit\u00e1ria.<\/p>\n\n\n\n<p><strong>Indeniza\u00e7\u00f5es<\/strong><br>O projeto tamb\u00e9m autoriza a Uni\u00e3o, os estados e os munic\u00edpios a assumirem a responsabilidade de indenizar os cidad\u00e3os por eventuais efeitos colaterais provocados pelas vacinas. Essa \u00e9 uma exig\u00eancia feita por algumas empresas fabricantes, como a Pfizer e a Janssen, cujas vacinas ainda n\u00e3o chegaram ao Brasil. Para cobrir esses riscos, a administra\u00e7\u00e3o p\u00fablica poder\u00e1 constituir garantias ou contratar seguro privado.<\/p>\n\n\n\n<p><em>Com informa\u00e7\u00f5es das ag\u00eancias Brasil, Senado e C\u00e2mara.<\/em><\/p>\n","protected":false},"excerpt":{"rendered":"<p>Setor privado dever\u00e1 doar todas as doses compradas para SUS enquanto estiver em curso a vacina\u00e7\u00e3o dos grupos priorit\u00e1rios<\/p>\n","protected":false},"author":4,"featured_media":12093,"comment_status":"open","ping_status":"open","sticky":false,"template":"","format":"standard","meta":{"footnotes":""},"categories":[5891],"tags":[256],"class_list":["post-12056","post","type-post","status-publish","format-standard","has-post-thumbnail","hentry","category-empreendedorismo","tag-covid-19"],"_links":{"self":[{"href":"https:\/\/cndl.org.br\/varejosa\/wp-json\/wp\/v2\/posts\/12056","targetHints":{"allow":["GET"]}}],"collection":[{"href":"https:\/\/cndl.org.br\/varejosa\/wp-json\/wp\/v2\/posts"}],"about":[{"href":"https:\/\/cndl.org.br\/varejosa\/wp-json\/wp\/v2\/types\/post"}],"author":[{"embeddable":true,"href":"https:\/\/cndl.org.br\/varejosa\/wp-json\/wp\/v2\/users\/4"}],"replies":[{"embeddable":true,"href":"https:\/\/cndl.org.br\/varejosa\/wp-json\/wp\/v2\/comments?post=12056"}],"version-history":[{"count":0,"href":"https:\/\/cndl.org.br\/varejosa\/wp-json\/wp\/v2\/posts\/12056\/revisions"}],"wp:featuredmedia":[{"embeddable":true,"href":"https:\/\/cndl.org.br\/varejosa\/wp-json\/wp\/v2\/media\/12093"}],"wp:attachment":[{"href":"https:\/\/cndl.org.br\/varejosa\/wp-json\/wp\/v2\/media?parent=12056"}],"wp:term":[{"taxonomy":"category","embeddable":true,"href":"https:\/\/cndl.org.br\/varejosa\/wp-json\/wp\/v2\/categories?post=12056"},{"taxonomy":"post_tag","embeddable":true,"href":"https:\/\/cndl.org.br\/varejosa\/wp-json\/wp\/v2\/tags?post=12056"}],"curies":[{"name":"wp","href":"https:\/\/api.w.org\/{rel}","templated":true}]}}