{"id":12440,"date":"2021-04-27T00:00:00","date_gmt":"2021-04-27T03:00:00","guid":{"rendered":"https:\/\/cndl.org.br\/varejosa\/?p=12440"},"modified":"2026-01-29T10:41:54","modified_gmt":"2026-01-29T13:41:54","slug":"stf-determina-fixacao-de-beneficio-de-renda-minima","status":"publish","type":"post","link":"https:\/\/cndl.org.br\/varejosa\/stf-determina-fixacao-de-beneficio-de-renda-minima\/","title":{"rendered":"STF determina fixa\u00e7\u00e3o de benef\u00edcio de renda m\u00ednima"},"content":{"rendered":"\n<p>A maioria dos ministros do Supremo Tribunal Federal (STF) decidiu hoje (26) determinar ao governo federal a fixa\u00e7\u00e3o do valor de um benef\u00edcio de renda m\u00ednima para a popula\u00e7\u00e3o em situa\u00e7\u00e3o de extrema pobreza, com renda per capta inferior a R$ 89,00 e R$ 178,00. Com a decis\u00e3o, o benef\u00edcio dever\u00e1 ser inclu\u00eddo no Or\u00e7amento de 2022. Cabe recurso contra a decis\u00e3o, que ocorreu por vota\u00e7\u00e3o virtual.<\/p>\n\n\n\n<p>A decis\u00e3o foi tomada a partir de uma a\u00e7\u00e3o protocolada no ano passado pela Defensoria P\u00fablica da Uni\u00e3o (DPU). O \u00f3rg\u00e3o defendeu a regulamenta\u00e7\u00e3o Lei 10.835\/2004, que criou o Programa Renda B\u00e1sica de Cidadania.<\/p>\n\n\n\n<p>A maioria dos ministros seguiu voto proferido pelo ministro Gilmar Mendes. Para os ministros, os programas assistenciais s\u00e3o essenciais diante da economia desigual do pa\u00eds.<\/p>\n\n\n\n<p>\u201cA essencialidade do sistema de prote\u00e7\u00e3o social brasileiro, contudo, n\u00e3o afasta o dever de considera\u00e7\u00e3o das possibilidades materiais e financeiras do Estado que, em geral, dificultam ou diferem o atendimento integral das necessidades do cidad\u00e3o. A quest\u00e3o do custeio n\u00e3o pode, portanto, ser simplesmente ignorada pelo Judici\u00e1rio a pretexto de se tratar de mero artif\u00edcio ret\u00f3rico do gestor p\u00fablico\u201d, escreveu o ministro.<\/p>\n\n\n\n<p>Procurada pela reportagem, a Advocacia-Geral da Uni\u00e3o (AGU) n\u00e3o se manifestou sobre a decis\u00e3o.<\/p>\n\n\n\n<p><em>Fonte: Ag\u00eancia Brasil<\/em><\/p>\n","protected":false},"excerpt":{"rendered":"<p>Benef\u00edcio dever\u00e1 ser inclu\u00eddo no Or\u00e7amento de 2022<\/p>\n","protected":false},"author":9,"featured_media":12441,"comment_status":"open","ping_status":"open","sticky":false,"template":"","format":"standard","meta":{"footnotes":""},"categories":[5891],"tags":[376,393,377],"class_list":["post-12440","post","type-post","status-publish","format-standard","has-post-thumbnail","hentry","category-empreendedorismo","tag-ldo-2022","tag-orcamento","tag-orcamento-da-uniao"],"_links":{"self":[{"href":"https:\/\/cndl.org.br\/varejosa\/wp-json\/wp\/v2\/posts\/12440","targetHints":{"allow":["GET"]}}],"collection":[{"href":"https:\/\/cndl.org.br\/varejosa\/wp-json\/wp\/v2\/posts"}],"about":[{"href":"https:\/\/cndl.org.br\/varejosa\/wp-json\/wp\/v2\/types\/post"}],"author":[{"embeddable":true,"href":"https:\/\/cndl.org.br\/varejosa\/wp-json\/wp\/v2\/users\/9"}],"replies":[{"embeddable":true,"href":"https:\/\/cndl.org.br\/varejosa\/wp-json\/wp\/v2\/comments?post=12440"}],"version-history":[{"count":0,"href":"https:\/\/cndl.org.br\/varejosa\/wp-json\/wp\/v2\/posts\/12440\/revisions"}],"wp:featuredmedia":[{"embeddable":true,"href":"https:\/\/cndl.org.br\/varejosa\/wp-json\/wp\/v2\/media\/12441"}],"wp:attachment":[{"href":"https:\/\/cndl.org.br\/varejosa\/wp-json\/wp\/v2\/media?parent=12440"}],"wp:term":[{"taxonomy":"category","embeddable":true,"href":"https:\/\/cndl.org.br\/varejosa\/wp-json\/wp\/v2\/categories?post=12440"},{"taxonomy":"post_tag","embeddable":true,"href":"https:\/\/cndl.org.br\/varejosa\/wp-json\/wp\/v2\/tags?post=12440"}],"curies":[{"name":"wp","href":"https:\/\/api.w.org\/{rel}","templated":true}]}}