{"id":12516,"date":"2021-05-05T10:30:00","date_gmt":"2021-05-05T13:30:00","guid":{"rendered":"https:\/\/cndl.org.br\/varejosasa\/?p=12516"},"modified":"2026-01-29T10:13:39","modified_gmt":"2026-01-29T13:13:39","slug":"dli-2021-15a-edicao-ocorre-este-mes","status":"publish","type":"post","link":"https:\/\/cndl.org.br\/varejosa\/dli-2021-15a-edicao-ocorre-este-mes\/","title":{"rendered":"DLI: 15\u00aa edi\u00e7\u00e3o ocorre este m\u00eas, junto com a retomada da discuss\u00e3o da reforma tribut\u00e1ria"},"content":{"rendered":"\n<p class=\"has-text-align-center\"><em>Com descontos m\u00e9dios de 40% nos produtos, lojistas conscientizam popula\u00e7\u00e3o sobre a import\u00e2ncia a reforma tribut\u00e1ria<\/em><\/p>\n\n\n\n<div class=\"wp-block-image\"><figure class=\"alignleft size-large is-resized\"><img loading=\"lazy\" decoding=\"async\" src=\"https:\/\/cndl.org.br\/varejosasa\/wp-content\/uploads\/2021\/05\/Raphael.png\" alt=\"\" class=\"wp-image-12517\" width=\"331\" height=\"442\" srcset=\"https:\/\/cndl.org.br\/varejosa\/wp-content\/uploads\/2021\/05\/Raphael.png 761w, https:\/\/cndl.org.br\/varejosa\/wp-content\/uploads\/2021\/05\/Raphael-225x300.png 225w\" sizes=\"auto, (max-width: 331px) 100vw, 331px\" \/><figcaption>Na 15\u00aa edi\u00e7\u00e3o do DLI, Raphael Paganini \u00e9 espera que a reforma tribut\u00e1ria seja aprovada pelo Congresso, reduzindo a complexidade dos tributos e impostos<\/figcaption><\/figure><\/div>\n\n\n\n<p>O m\u00eas de maio chegou, e com ele iniciam as tradicionais a\u00e7\u00f5es do Dia Livre de Impostos (DLI), campanha realizada h\u00e1 15 anos, em todo o Brasil, pela Confedera\u00e7\u00e3o Nacional de Dirigentes Lojistas (CNDL) e C\u00e2mara de Dirigentes Lojistas Jovem (CDL). O objetivo \u00e9 conscientizar consumidores e varejistas sobre como a alta carga tribut\u00e1ria brasileira \u2013 uma das maiores do mundo \u2013 afeta o crescimento econ\u00f4mico. S\u00f3 para ter uma ideia, o brasileiro trabalha, em m\u00e9dia, 153 dias por ano s\u00f3 para pagar impostos. Entre os 30 pa\u00edses com a maior carga tribut\u00e1ria do mundo, o Brasil est\u00e1 em 14\u00ba.<\/p>\n\n\n\n<p>\u201cAcreditamos que o pa\u00eds tem muito a crescer e melhorar, e para isso \u00e9 preciso tirar das costas do empreendedor esta exacerbada onera\u00e7\u00e3o tribut\u00e1ria e, principalmente, reduzir o n\u00edvel de complexidade dos tributos e impostos, o que acaba inibindo novos e mais neg\u00f3cios\u201d, afirma Raphael Paganini, coordenador da CDL Jovem e do projeto Dia Livre de Impostos.<\/p>\n\n\n\n<p>Este ano, o DLI acontece no dia 27 de maio, em todos os estados do pa\u00eds. H\u00e1 a\u00e7\u00f5es previstas em mais de 1.200 cidades. Em Bras\u00edlia, a Campanha do DLI ser\u00e1 veiculada no maior painel de led da Am\u00e9rica Latina, que estar\u00e1 instalado na regi\u00e3o Central, pr\u00f3ximo ao Conic. O objetivo \u00e9 mostrar quanto cada pessoa paga de imposto ao comprar um celular, um carro, um hamb\u00farguer, entre outros produtos. J\u00e1 na Esplanada dos Minist\u00e9rios, no gramado central, ser\u00e1 instalado o boneco do Impostossauro, personagem da campanha que representa o impacto negativo dos impostos sobre o consumo e o ambiente de neg\u00f3cios no Brasil.<\/p>\n\n\n\n<p>A ideia \u00e9 materializar como os impostos s\u00e3o grande parte do pre\u00e7o dos produtos. Por isso, os lojistas participantes da iniciativa v\u00e3o comercializar seus produtos com desconto. V\u00e3o cortar os impostos dos pre\u00e7os e mostrar o valor real de cada item, bem como o impacto dos tributos sob o consumo.<\/p>\n\n\n\n<p>\u201cOs produtos e servi\u00e7os s\u00e3o ofertados pelos lojistas participantes da a\u00e7\u00e3o com 40% de desconto, em m\u00e9dia. Este percentual representa os impostos normalmente pagos pelo consumidor, mas que neste dia ficar\u00e1 a cargo das empresas participantes. O empres\u00e1rio que participa do Dia Livre de Impostos n\u00e3o deixa de recolher impostos e tributos, ele absorve isso pela causa. Somos totalmente contra qualquer tipo de movimento que leve \u00e0 sonega\u00e7\u00e3o de impostos. Somos muito respons\u00e1veis neste sentido\u201d, acrescenta Paganini.<\/p>\n\n\n\n<p>Este ano, o Dia Livre de Impostos deve ocorrer junto com a retomada das discuss\u00f5es da reforma tribut\u00e1ria. O presidente da C\u00e2mara dos Deputados, Arthur Lira (PP-AL), tem reafirmado seu compromisso com a moderniza\u00e7\u00e3o tribut\u00e1ria do Brasil. No \u00faltimo final de semana, em entrevista ao programa Canal Livre, da Rede Bandeirantes, Lira defendeu o fatiamento da reforma tribut\u00e1ria para facilitar sua aprova\u00e7\u00e3o. Com isso, os parlamentares come\u00e7ariam a votar os temas mais simples e consensuais da reforma, deixando os pontos mais complexos para serem debatidos amplamente ao longo do ano.<\/p>\n\n\n\n<div class=\"wp-block-image\"><figure class=\"aligncenter size-large is-resized\"><img loading=\"lazy\" decoding=\"async\" src=\"https:\/\/cndl.org.br\/varejosasa\/wp-content\/uploads\/2021\/05\/Banner-varejo-05-05-21-1024x756.jpg\" alt=\"\" class=\"wp-image-12524\" width=\"662\" height=\"488\" srcset=\"https:\/\/cndl.org.br\/varejosa\/wp-content\/uploads\/2021\/05\/Banner-varejo-05-05-21-1024x756.jpg 1024w, https:\/\/cndl.org.br\/varejosa\/wp-content\/uploads\/2021\/05\/Banner-varejo-05-05-21-300x221.jpg 300w, https:\/\/cndl.org.br\/varejosa\/wp-content\/uploads\/2021\/05\/Banner-varejo-05-05-21-768x567.jpg 768w, https:\/\/cndl.org.br\/varejosa\/wp-content\/uploads\/2021\/05\/Banner-varejo-05-05-21.jpg 1080w\" sizes=\"auto, (max-width: 662px) 100vw, 662px\" \/><\/figure><\/div>\n\n\n\n<p>Para saber mais sobre a import\u00e2ncia da reforma tribut\u00e1ria para o pa\u00eds e as a\u00e7\u00f5es da campanha em 2021, a equipe da Varejo SA conversou com Raphael Paganini, coordenador da CDL Jovem e l\u00edder do projeto do Dia Livre de Impostos. Confira:<\/p>\n\n\n\n<p><strong>Varejo SA \u2013 <\/strong>H\u00e1 quanto tempo a CDL Jovem realiza o Dia Livre de Impostos?<br><strong>Raphael Paganini \u2013 <\/strong>Estamos chegando na 15\u00aa edi\u00e7\u00e3o do DLI, que \u00e9 uma a\u00e7\u00e3o de protesto e conscientiza\u00e7\u00e3o acerca da complexidade e alta carga tribut\u00e1ria no Brasil. Atualmente, demoramos quase cinco meses por ano, estatisticamente falando, apenas para pagar os nossos impostos. \u00c9 um dos maiores percentuais do mundo hoje. O Brasil est\u00e1 entre os 15 pa\u00edses que mais cobram percentual de impostos. E tudo isso \u00e9 um percal\u00e7o muito grande para o empres\u00e1rio, que al\u00e9m da alta carga tribut\u00e1ria \u2013 que \u00e9 repassada para o consumidor final por meio da precifica\u00e7\u00e3o dos produtos \u2013, tem dificuldade de entender exatamente quais impostos e taxas deve pagar e se ele est\u00e1 pagando isso de maneira correta.<\/p>\n\n\n\n<p><strong>Varejo SA \u2013<\/strong> Qual o principal objetivo do DLI?<br><strong>Raphael Paganini \u2013 <\/strong>Queremos conscientizar a popula\u00e7\u00e3o, os empreendedores e os nossos governantes \u2013 aqueles que hoje est\u00e3o tomando as decis\u00f5es no Congresso Nacional \u2013 acerca da necessidade de termos uma reforma tribut\u00e1ria que deixe o nosso sistema menos complexo; e se n\u00e3o \u00e9 poss\u00edvel reduzir os tributos, pelo menos que n\u00e3o proponham novas tributa\u00e7\u00f5es. Infelizmente, nos \u00faltimos 15 anos, os impostos s\u00f3 aumentaram, ano ap\u00f3s ano.<\/p>\n\n\n\n<p><strong>Varejo SA \u2013<\/strong> De que maneira a alta carga tribut\u00e1ria atrapalha o empreendedorismo brasileiro?<br><strong>Raphael Paganini \u2013<\/strong> Al\u00e9m de pagar impostos percentualmente altos, um dos maiores valores do mundo, a gente tamb\u00e9m dedica uma parte muito grande do nosso tempo entendendo se a est\u00e1 pagando o imposto da maneira correta. Isso ainda \u00e9 um impeditivo com rela\u00e7\u00e3o aos investimentos. Ent\u00e3o, se por um lado ainda existem pessoas querendo fundar empresas, por outro lado, temos no Brasil um cen\u00e1rio de pouca atratividade para empreender, e com certeza a complexibilidade da carga tribut\u00e1ria \u00e9 uma das causas.<\/p>\n\n\n\n<p><strong>Varejo SA \u2013<\/strong> H\u00e1 dois anos, a CDL Jovem levou o DLI para dentro do Congresso Nacional. Como foi esta experi\u00eancia?<br><strong>Raphael Paganini \u2013<\/strong> Tivemos uma sess\u00e3o solene, quando pudemos levar a nossa mensagem para os parlamentares que est\u00e3o discutindo a Reforma Tribut\u00e1ria. Hoje, o Sistema CNDL busca atuar ativamente junto aos deputados e senadores, colaborando para cria\u00e7\u00e3o de medidas que atendam \u00e0 demanda dos lojistas de micro e pequeno porte. Ent\u00e3o, foi muito importante mostrar, no Parlamento, os caminhos que beneficiar\u00e3o tanto o crescimento econ\u00f4mico quanto a popula\u00e7\u00e3o brasileira.<\/p>\n\n\n\n<p><strong>Varejo SA \u2013<\/strong> Que novidades ter\u00e1 no DLI deste ano?<br><strong>Raphael Paganini \u2013<\/strong> Este ano, vamos realizar um sonho antigo: instalar o maior painel de led da Am\u00e9rica Latina na regi\u00e3o central de Bras\u00edlia, bem de frente para o Congresso Nacional, mostrando a mensagem do Sistema CNDL e da CDL Jovem acerca da tributa\u00e7\u00e3o. Ent\u00e3o, durante a semana do DLI, que ser\u00e1 de 21 a 27 de maio, estaremos com este painel mostrando o percentual de impostos que incidem sobre alguns produtos, bem como mensagens do Impostossauro \u2013 esta figura que representa a complexidade e a alta carga tribut\u00e1ria e que atrapalha o empreendedor. Tudo direcionado para os representantes do povo brasileiro. Tamb\u00e9m vamos colocar o (boneco do) Impostossauro no gramado em frente ao Congresso, l\u00e1 na Esplanada dos Minist\u00e9rios.<\/p>\n\n\n\n<p><strong>Varejo SA \u2013<\/strong> O que \u00e9 exatamente o Impostossauro?<br><strong>Raphael Paganini \u2013<\/strong> \u00c9 o personagem que utilizamos na campanha para representar o impacto negativo dos impostos sobre o poder de consumo do consumidor e o crescimento econ\u00f4mico do pa\u00eds. O Impostossauro \u00e9 uma figura que nunca est\u00e1 saciada, sempre voraz querendo abocanhar mais impostos.<\/p>\n\n\n\n<p><strong>Varejo SA \u2013<\/strong> O DLI j\u00e1 \u00e9 uma data nacional muito esperada pelos brasileiros. De que maneira a a\u00e7\u00e3o beneficia a popula\u00e7\u00e3o?<br><strong>Raphael Paganini \u2013<\/strong> O DLI une empreendedores, de um lado, e popula\u00e7\u00e3o, de outro. Os empres\u00e1rios demonstram a necessidade de reforma tribut\u00e1ria, ao oferecer os seus produtos e servi\u00e7os com o valor sem imposto, e d\u00e3o para a popula\u00e7\u00e3o a oportunidade de consumir produtos com valor mais baratos e tamb\u00e9m entender aquilo que eles pagam para o governo atrav\u00e9s do consumo. Ent\u00e3o, \u00e9 uma a\u00e7\u00e3o que une lojistas e clientes em torno de um prop\u00f3sito s\u00f3, que \u00e9 a reforma tribut\u00e1ria.<\/p>\n\n\n\n<p>Al\u00e9m disso, j\u00e1 \u00e9 uma a\u00e7\u00e3o consolidada e esperada pela popula\u00e7\u00e3o. Aqui em Bras\u00edlia, todo m\u00eas de maio h\u00e1 uma expectativa por parte dos consumidores, que querem saber o dia no qual os shoppings estar\u00e3o com produtos mais em conta e os postos de combust\u00edveis com pre\u00e7os mais baixos. E ao longo desses anos de realiza\u00e7\u00e3o do DLI, pudemos observar que se no in\u00edcio da a\u00e7\u00e3o as pessoas participavam pela oportunidade de consumir produtos mais em conta, hoje, deixaram a quest\u00e3o financeira um pouco de lado, e participam para mostrar a sua indigna\u00e7\u00e3o e exercer sua cidadania, protestando por uma causa justa.<\/p>\n\n\n\n<p><strong>Varejo SA \u2013<\/strong> Nos dias do DLI, qual o tamanho da economia que o consumidor tem?<br><strong>Raphael Paganini \u2013<\/strong> Em termos gerais, os produtos e servi\u00e7os s\u00e3o ofertados pelos lojistas participantes da a\u00e7\u00e3o com 40% de desconto, em m\u00e9dia, percentual que representa os impostos normalmente pagos pelo consumidor, mas que neste dia ficar\u00e1 a cargo das empresas participantes. O empres\u00e1rio que participa do Dia Livre de Impostos n\u00e3o deixa de recolher impostos e tributos, ele absorve isso pela causa. Somos totalmente contra qualquer tipo de movimento que leve \u00e0 sonega\u00e7\u00e3o de impostos. Somos muito respons\u00e1veis neste sentido.<\/p>\n\n\n\n<p><strong>Varejo SA \u2013<\/strong> E que mudan\u00e7as o pa\u00eds precisa no campo tribut\u00e1rio?<br><strong>Raphael Paganini \u2013<\/strong> Buscamos uma simplifica\u00e7\u00e3o dos tributos. Atualmente, temos in\u00fameros impostos e tributos com enquadramentos distintos, e isso dificulta a vida do empreendedor. Ent\u00e3o, queremos que isso seja simplificado, para que n\u00e3o percamos tanto tempo fazendo as contas daquilo que a gente deve pagar em termos de impostos.<\/p>\n\n\n\n<p>Al\u00e9m disso, queremos ter o retorno daquilo que a gente paga para o governo. Se a gente paga impostos t\u00e3o alto, por que ainda temos que investir em educa\u00e7\u00e3o e sa\u00fade privada? Queremos uma contrapresta\u00e7\u00e3o por parte do governo \u2013 em servi\u00e7os, infraestrutura, em qualidade de ensino e sa\u00fade etc. \u2013 que corresponda \u00e0 alta carga tribut\u00e1ria que pagamos. Hoje, o que vemos \u00e9 um descompasso: temos uma das maiores cargas tribut\u00e1rias do mundo com um dos menores retornos. Ent\u00e3o, queremos que este dinheiro seja melhor empregado. Esta \u00e9 a quest\u00e3o fundamental.<\/p>\n\n\n\n<p><strong>Varejo SA \u2013<\/strong> Qual sua mensagem final para os nossos leitores?<br><strong>Raphael Paganini \u2013<\/strong> Estamos chegando na 15\u00aa edi\u00e7\u00e3o do Dia Livre de Impostos, e mais do que nunca esperamos que esta mensagem sobre a necessidade de uma reforma tribut\u00e1ria chegue aos empres\u00e1rios, consumidores e popula\u00e7\u00e3o em geral e reverbere entre os representantes do povo no Congresso Nacional, e que finalmente possamos saborear uma vit\u00f3ria, que \u00e9 a reforma tribut\u00e1ria. Acreditamos que o Brasil tem muito a crescer e melhorar, e para isso \u00e9 preciso tirar das costas do empreendedor esta exacerbada onera\u00e7\u00e3o tribut\u00e1ria e, principalmente, reduzir o n\u00edvel de complexidade dos tributos e impostos, que acaba inibindo novos e mais neg\u00f3cios.<\/p>\n","protected":false},"excerpt":{"rendered":"<p>Com descontos m\u00e9dios de 40% nos produtos, lojistas conscientizam popula\u00e7\u00e3o sobre a import\u00e2ncia a reforma tribut\u00e1ria<\/p>\n","protected":false},"author":19,"featured_media":12523,"comment_status":"open","ping_status":"open","sticky":false,"template":"","format":"standard","meta":{"footnotes":""},"categories":[5891],"tags":[520,464,448,1296,1300,1301,435,414,322,353],"class_list":["post-12516","post","type-post","status-publish","format-standard","has-post-thumbnail","hentry","category-empreendedorismo","tag-brasil","tag-carga-tributaria","tag-crescimento-economico","tag-dia-livre-de-impostos","tag-dli","tag-dli-2021","tag-impostos","tag-investimento","tag-reforma-tributaria","tag-tributos"],"_links":{"self":[{"href":"https:\/\/cndl.org.br\/varejosa\/wp-json\/wp\/v2\/posts\/12516","targetHints":{"allow":["GET"]}}],"collection":[{"href":"https:\/\/cndl.org.br\/varejosa\/wp-json\/wp\/v2\/posts"}],"about":[{"href":"https:\/\/cndl.org.br\/varejosa\/wp-json\/wp\/v2\/types\/post"}],"author":[{"embeddable":true,"href":"https:\/\/cndl.org.br\/varejosa\/wp-json\/wp\/v2\/users\/19"}],"replies":[{"embeddable":true,"href":"https:\/\/cndl.org.br\/varejosa\/wp-json\/wp\/v2\/comments?post=12516"}],"version-history":[{"count":0,"href":"https:\/\/cndl.org.br\/varejosa\/wp-json\/wp\/v2\/posts\/12516\/revisions"}],"wp:featuredmedia":[{"embeddable":true,"href":"https:\/\/cndl.org.br\/varejosa\/wp-json\/wp\/v2\/media\/12523"}],"wp:attachment":[{"href":"https:\/\/cndl.org.br\/varejosa\/wp-json\/wp\/v2\/media?parent=12516"}],"wp:term":[{"taxonomy":"category","embeddable":true,"href":"https:\/\/cndl.org.br\/varejosa\/wp-json\/wp\/v2\/categories?post=12516"},{"taxonomy":"post_tag","embeddable":true,"href":"https:\/\/cndl.org.br\/varejosa\/wp-json\/wp\/v2\/tags?post=12516"}],"curies":[{"name":"wp","href":"https:\/\/api.w.org\/{rel}","templated":true}]}}