{"id":12520,"date":"2021-05-05T07:28:00","date_gmt":"2021-05-05T10:28:00","guid":{"rendered":"https:\/\/cndl.org.br\/varejosasa\/?p=12520"},"modified":"2024-01-18T15:01:10","modified_gmt":"2024-01-18T18:01:10","slug":"antecipacao-de-abono-anual-para-segurados-da-previdencia-injetara-r-527-bi-na-economia","status":"publish","type":"post","link":"https:\/\/cndl.org.br\/varejosa\/antecipacao-de-abono-anual-para-segurados-da-previdencia-injetara-r-527-bi-na-economia\/","title":{"rendered":"Antecipa\u00e7\u00e3o de abono anual para segurados da Previd\u00eancia injetar\u00e1 R$ 52,7 bi na economia"},"content":{"rendered":"\n<p>O governo federal decidiu antecipar o pagamento do abono anual (equivalente ao 13\u00ba sal\u00e1rio) devido aos segurados e aos dependentes da Previd\u00eancia Social neste ano. A medida consta em decreto assinado nessa ter\u00e7a-feira (4) pelo presidente Jair Bolsonaro e publicado na edi\u00e7\u00e3o o Di\u00e1rio Oficial da Uni\u00e3o desta quarta-feira (5).<\/p>\n\n\n\n<p>O pagamento ocorrer\u00e1 em duas parcelas. A primeira, correspondente a 50% do benef\u00edcio devido em maio de 2021, ser\u00e1 paga juntamente com os benef\u00edcios desse m\u00eas, entre os dias 25 de maio e 8 de junho. A segunda parcela ser\u00e1 paga com os benef\u00edcios da compet\u00eancia do m\u00eas de junho de 2021, entre 24 de junho e 7 de julho. O pagamento do abono anual ocorre, em geral, nas compet\u00eancias agosto e novembro.<\/p>\n\n\n\n<p>Segundo o Minist\u00e9rio da Economia, a medida tem por objetivo incrementar a renda dos benefici\u00e1rios que fazem jus ao abono, o que deve injetar cerca R$ 52,7 bilh\u00f5es na economia do pa\u00eds. A pasta tamb\u00e9m informou que a medida n\u00e3o tem impacto or\u00e7ament\u00e1rio, j\u00e1 que haver\u00e1 somente a antecipa\u00e7\u00e3o do pagamento do benef\u00edcio, sem acr\u00e9scimo na despesa prevista para o ano.<\/p>\n\n\n\n<p>De acordo com o governo, a grande maioria dos benefici\u00e1rios da Previd\u00eancia Social s\u00e3o pessoas idosas, doentes ou inv\u00e1lidas e, portanto, integrantes dos grupos mais vulner\u00e1veis ao novo coronav\u00edrus.<\/p>\n\n\n\n<p><em>Fonte: Ag\u00eancia Brasil<br>Foto: Marcello Casal Jr.\/Ag\u00eancia Brasil<\/em><\/p>\n","protected":false},"excerpt":{"rendered":"<p>O governo federal decidiu antecipar o pagamento do abono anual (equivalente ao 13\u00ba sal\u00e1rio) devido aos segurados e aos dependentes da Previd\u00eancia Social neste ano.<\/p>\n","protected":false},"author":9,"featured_media":12521,"comment_status":"open","ping_status":"open","sticky":false,"template":"","format":"standard","meta":{"footnotes":""},"categories":[26],"tags":[354,355,402],"class_list":["post-12520","post","type-post","status-publish","format-standard","has-post-thumbnail","hentry","category-negocios-e-economia","tag-13o-salario","tag-aposentados","tag-previdencia"],"_links":{"self":[{"href":"https:\/\/cndl.org.br\/varejosa\/wp-json\/wp\/v2\/posts\/12520","targetHints":{"allow":["GET"]}}],"collection":[{"href":"https:\/\/cndl.org.br\/varejosa\/wp-json\/wp\/v2\/posts"}],"about":[{"href":"https:\/\/cndl.org.br\/varejosa\/wp-json\/wp\/v2\/types\/post"}],"author":[{"embeddable":true,"href":"https:\/\/cndl.org.br\/varejosa\/wp-json\/wp\/v2\/users\/9"}],"replies":[{"embeddable":true,"href":"https:\/\/cndl.org.br\/varejosa\/wp-json\/wp\/v2\/comments?post=12520"}],"version-history":[{"count":0,"href":"https:\/\/cndl.org.br\/varejosa\/wp-json\/wp\/v2\/posts\/12520\/revisions"}],"wp:featuredmedia":[{"embeddable":true,"href":"https:\/\/cndl.org.br\/varejosa\/wp-json\/wp\/v2\/media\/12521"}],"wp:attachment":[{"href":"https:\/\/cndl.org.br\/varejosa\/wp-json\/wp\/v2\/media?parent=12520"}],"wp:term":[{"taxonomy":"category","embeddable":true,"href":"https:\/\/cndl.org.br\/varejosa\/wp-json\/wp\/v2\/categories?post=12520"},{"taxonomy":"post_tag","embeddable":true,"href":"https:\/\/cndl.org.br\/varejosa\/wp-json\/wp\/v2\/tags?post=12520"}],"curies":[{"name":"wp","href":"https:\/\/api.w.org\/{rel}","templated":true}]}}