{"id":12543,"date":"2021-05-06T08:37:46","date_gmt":"2021-05-06T11:37:46","guid":{"rendered":"https:\/\/cndl.org.br\/varejosa\/?p=12543"},"modified":"2024-02-04T17:17:56","modified_gmt":"2024-02-04T20:17:56","slug":"ricardo-almeida-esta-em-lista-triplice-para-o-conselho-nacional-de-protecao-de-dados","status":"publish","type":"post","link":"https:\/\/cndl.org.br\/varejosa\/ricardo-almeida-esta-em-lista-triplice-para-o-conselho-nacional-de-protecao-de-dados\/","title":{"rendered":"Ricardo Almeida est\u00e1 em lista tr\u00edplice para o Conselho Nacional de Prote\u00e7\u00e3o de Dados"},"content":{"rendered":"\n<p class=\"has-text-align-center\"><em>O Conselho Diretor da ANPD divulgou nesta quarta (5\/5) as listas tr\u00edplices com os indicados para o CNPD<\/em><\/p>\n\n\n\n<p>O diretor de Seguran\u00e7a da Informa\u00e7\u00e3o e Prote\u00e7\u00e3o de Dados da Confedera\u00e7\u00e3o Nacional de Dirigentes Lojistas (CNDL), Ricardo Almeida, foi indicado para compor a lista tr\u00edplice de uma das duas vagas destinadas \u00e0s entidades representativas do setor empresarial, no Conselho Nacional de Prote\u00e7\u00e3o de Dados Pessoais e da Privacidade (CNPD). O Conselho Diretor da Autoridade Nacional de Prote\u00e7\u00e3o de Dados (ANPD) divulgou, nesta quarta-feira (5\/5), os nomes dos especialistas selecionados para compor 13 listas tr\u00edplices. A indica\u00e7\u00e3o embasar\u00e1 a decis\u00e3o do presidente da Rep\u00fablica, Jair Bolsonaro, para nomea\u00e7\u00e3o ao conselho.<\/p>\n\n\n\n<p>Em mar\u00e7o deste ano, o Sistema CNDL apoiou a candidatura de Ricardo Almeida ao CNPD. Jos\u00e9 C\u00e9sar da Costa, presidente da Uni\u00e3o Nacional de Entidades do Com\u00e9rcio e Servi\u00e7os (UNECS) e da CNDL, comemorou a not\u00edcia.<\/p>\n\n\n\n<p>&#8220;A inclus\u00e3o do nosso diretor de Prote\u00e7\u00e3o de Dados na lista tr\u00edplice \u00e9 um importante reconhecimento da representatividade do setor de com\u00e9rcio e servi\u00e7os e do empreendedorismo, em especial, das micro e pequenas empresas. Ainda reafirma a qualifica\u00e7\u00e3o do setor para colaborar para a implementa\u00e7\u00e3o e adequa\u00e7\u00e3o \u00e0 Lei Geral de Prote\u00e7\u00e3o de Dados (LGPD)\u201d, destaca o presidente da CNDL.<\/p>\n\n\n\n<p>No Brasil, o setor de com\u00e9rcio e servi\u00e7os como um todo representa 73% do PIB e \u00e9 respons\u00e1vel por cerca de 27 milh\u00f5es de empregos e 80% das empresas ativas no pa\u00eds. Jos\u00e9 C\u00e9sar da Costa explica que, agora, seguir\u00e3o trabalhando para que Ricardo Almeida seja um dos nomeados pelo presidente da Rep\u00fablica para o CNPD. <\/p>\n\n\n\n<p>\u201cRicardo Almeida \u00e9 um especialista em governan\u00e7a de banco de dados premiado, conhece o Brasil de norte a sul e passou por empresas multinacionais e nacionais em diversos segmentos, principalmente na ind\u00fastria e servi\u00e7os. Com toda a certeza, tem a forma\u00e7\u00e3o e experi\u00eancia necess\u00e1rias para integrar o CNPD. E o Sistema CNDL tem a capilaridade e representatividade para contribuir com a\u00e7\u00f5es que considerem a realidade das empresas, de diversos segmentos e portes, que fazem tratamento de dados pessoais e t\u00eam a preocupa\u00e7\u00e3o com a prote\u00e7\u00e3o desses dados e seus titulares\u201d, diz o presidente da CNDL.<\/p>\n\n\n\n<p>Ricardo Almeida tem mais de 30 anos de experi\u00eancia no setor de Tecnologia da Informa\u00e7\u00e3o (TI), sendo reconhecido inclusive por esse segmento: premiado duas vezes por seu perfil inovador (Pr\u00eamio 100+ Inovadoras no Uso de TI, 2018 e 2019). Neste per\u00edodo, contribuiu com o fortalecimento da economia brasileira, atrav\u00e9s do desenvolvimento e governan\u00e7a de bancos de dados, como o do SPC Brasil, o maior da Am\u00e9rica L\u00e1tica com informa\u00e7\u00f5es de mais de 180 milh\u00f5es de pessoas (PF\/PJ). Os seus projetos de tecnologia possibilitaram a centraliza\u00e7\u00e3o das informa\u00e7\u00f5es relevantes para uma maior confian\u00e7a nas rela\u00e7\u00f5es credit\u00edcias, garantindo seguran\u00e7a para quem vende e para quem compra.<\/p>\n\n\n\n<p>\u00c9 o respons\u00e1vel pela adequa\u00e7\u00e3o cont\u00ednua do Sistema CNDL\/SPC Brasil \u00e0 LGPD. Tamb\u00e9m realiza, em todas as regi\u00f5es do Brasil, treinamentos sobre a Lei Geral de Prote\u00e7\u00e3o de Dados e sua implementa\u00e7\u00e3o em mais de 2 mil entidades do Sistema CNDL e para seus associados, em sua maioria microempresas e empresas de pequeno porte. Al\u00e9m de v\u00e1rios cursos de especializa\u00e7\u00e3o em TI e nas novas normas regulat\u00f3rias, como a GDPR e LGPD, em busca de inova\u00e7\u00e3o e tecnologia, tem como refer\u00eancia e esteve nos principais centros de inova\u00e7\u00e3o no mundo, passando por San Francisco (EUA), Londres (Reino Unido) e Singapura (\u00c1sia).<\/p>\n\n\n\n<p><strong>CNPD<\/strong><br \/>O Conselho Nacional de Prote\u00e7\u00e3o de Dados Pessoais e da Privacidade \u00e9 um \u00f3rg\u00e3o consultivo, integrante da estrutura da ANPD, composto por membros da sociedade e do poder p\u00fablico. Tem a fun\u00e7\u00e3o de, entre outras coisas, propor diretrizes estrat\u00e9gicas e fornecer subs\u00eddios para a elabora\u00e7\u00e3o da Pol\u00edtica Nacional de Prote\u00e7\u00e3o de Dados Pessoais e da Privacidade e para a atua\u00e7\u00e3o da ANPD; e elaborar estudos e realizar debates e audi\u00eancias p\u00fablicas sobre a prote\u00e7\u00e3o de dados pessoais e da privacidade. A participa\u00e7\u00e3o no CNPD \u00e9 considerada presta\u00e7\u00e3o de servi\u00e7o p\u00fablico relevante e n\u00e3o \u00e9 remunerada.<\/p>\n\n\n\n<p>O conselho \u00e9 composto por vinte e tr\u00eas membros titulares e suplentes, com mandato de dois anos, designados pelo Presidente da Rep\u00fablica. Os membros do conselho s\u00e3o representantes de \u00f3rg\u00e3os do Governo Federal, Legislativo, Judici\u00e1rio; organiza\u00e7\u00f5es da sociedade civil com atua\u00e7\u00e3o comprovada em prote\u00e7\u00e3o de dados pessoais; institui\u00e7\u00f5es cient\u00edficas, tecnol\u00f3gicas e de inova\u00e7\u00e3o; confedera\u00e7\u00f5es sindicais representativas das categorias econ\u00f4micas do setor produtivo; entidades representativas do setor empresarial relacionado \u00e0 \u00e1rea de tratamento de dados pessoais; e entidades representativas do setor laboral.<\/p>\n\n\n\n<p>Nesta ocasi\u00e3o, a ANPD definiu as listas tr\u00edplices para o preenchimento de 13 assentos: organiza\u00e7\u00f5es da sociedade civil, que tem direito a 3 vagas; institui\u00e7\u00f5es cient\u00edficas, com 3 vagas; confedera\u00e7\u00f5es sindicais, com 3 vagas; entidades do setor empresarial, com 2 vagas; e entidades do setor laboral, com 2 vagas. A decis\u00e3o foi un\u00e2nime pelo Conselho Diretor, o que confere maior legitimidade \u00e0 delibera\u00e7\u00e3o.<\/p>\n\n\n\n<p>As listas, organizadas por ordem alfab\u00e9tica, ser\u00e3o encaminhadas para a presid\u00eancia da Rep\u00fablica que escolher\u00e1, de cada uma delas, um titular e um suplente.<\/p>\n","protected":false},"excerpt":{"rendered":"<p> O Conselho Diretor da Autoridade Nacional de Prote\u00e7\u00e3o de Dados (ANPD) divulgou, nesta quarta-feira (5\/5), os nomes dos especialistas selecionados para compor 13 listas tr\u00edplices. A indica\u00e7\u00e3o embasar\u00e1 a decis\u00e3o do presidente da Rep\u00fablica, Jair Bolsonaro, para nomea\u00e7\u00e3o ao conselho.<\/p>\n","protected":false},"author":4,"featured_media":11894,"comment_status":"open","ping_status":"open","sticky":false,"template":"","format":"standard","meta":{"footnotes":""},"categories":[1371],"tags":[2906,3193,1424,4005],"class_list":["post-12543","post","type-post","status-publish","format-standard","has-post-thumbnail","hentry","category-noticias-cndl","tag-anpd","tag-cnpd","tag-lgpd","tag-ricardo-almeida"],"_links":{"self":[{"href":"https:\/\/cndl.org.br\/varejosa\/wp-json\/wp\/v2\/posts\/12543","targetHints":{"allow":["GET"]}}],"collection":[{"href":"https:\/\/cndl.org.br\/varejosa\/wp-json\/wp\/v2\/posts"}],"about":[{"href":"https:\/\/cndl.org.br\/varejosa\/wp-json\/wp\/v2\/types\/post"}],"author":[{"embeddable":true,"href":"https:\/\/cndl.org.br\/varejosa\/wp-json\/wp\/v2\/users\/4"}],"replies":[{"embeddable":true,"href":"https:\/\/cndl.org.br\/varejosa\/wp-json\/wp\/v2\/comments?post=12543"}],"version-history":[{"count":0,"href":"https:\/\/cndl.org.br\/varejosa\/wp-json\/wp\/v2\/posts\/12543\/revisions"}],"wp:featuredmedia":[{"embeddable":true,"href":"https:\/\/cndl.org.br\/varejosa\/wp-json\/wp\/v2\/media\/11894"}],"wp:attachment":[{"href":"https:\/\/cndl.org.br\/varejosa\/wp-json\/wp\/v2\/media?parent=12543"}],"wp:term":[{"taxonomy":"category","embeddable":true,"href":"https:\/\/cndl.org.br\/varejosa\/wp-json\/wp\/v2\/categories?post=12543"},{"taxonomy":"post_tag","embeddable":true,"href":"https:\/\/cndl.org.br\/varejosa\/wp-json\/wp\/v2\/tags?post=12543"}],"curies":[{"name":"wp","href":"https:\/\/api.w.org\/{rel}","templated":true}]}}