{"id":12648,"date":"2021-05-18T08:50:42","date_gmt":"2021-05-18T11:50:42","guid":{"rendered":"https:\/\/cndl.org.br\/varejosa\/?p=12648"},"modified":"2026-01-29T10:41:30","modified_gmt":"2026-01-29T13:41:30","slug":"pedido-de-vista-adia-discussao-de-parecer-da-reforma-administrativa-na-ccj","status":"publish","type":"post","link":"https:\/\/cndl.org.br\/varejosa\/pedido-de-vista-adia-discussao-de-parecer-da-reforma-administrativa-na-ccj\/","title":{"rendered":"Pedido de vista adia discuss\u00e3o de parecer da reforma administrativa na CCJ"},"content":{"rendered":"\n<p class=\"has-text-align-center\"><em>O relator leu parecer recomendando a aprova\u00e7\u00e3o da proposta e a retirada de dois itens<\/em><\/p>\n\n\n\n<p>O relator da reforma administrativa (PEC 32\/20) na Comiss\u00e3o de Constitui\u00e7\u00e3o e Justi\u00e7a da C\u00e2mara (CCJ), deputado Darci de Matos (PSD-SC), leu, nesta segunda-feira (17) o parecer pela admissibilidade. Um pedido de vista adiou a vota\u00e7\u00e3o do texto.<\/p>\n\n\n\n<p>O parecer de Darci de Matos recomenda a exclus\u00e3o de dois itens. Ele prop\u00f5e a retirada da parte que pro\u00edbe que servidores ocupantes de cargos t\u00edpicos de Estado possam exercer qualquer outra atividade remunerada. Segundo o parecer de Matos, o trecho \u201cimpede, a t\u00edtulo de exemplifica\u00e7\u00e3o, que determinado ocupante de cargo t\u00edpico de Estado possa exercer uma atividade remunerada de m\u00fasico, mesmo que essa atividade n\u00e3o comprometa sua jornada e suas atividades no cargo p\u00fablico\u201d, o que feriria a previs\u00e3o constitucional do livre exerc\u00edcio de qualquer trabalho.<\/p>\n\n\n\n<p>O outro ponto que Darci de Matos sugere que seja retirado \u00e9 o que estabelece que o presidente da Rep\u00fablica possa extinguir entidades da administra\u00e7\u00e3o p\u00fablica aut\u00e1rquica e fundacional. Para o relator, o trecho n\u00e3o pode ser admitido do ponto de vista constitucional, pois as entidades desempenham atividades administrativas de forma descentralizada. Segundo Matos, elas s\u00e3o vinculadas e n\u00e3o subordinadas aos minist\u00e9rios, e possuem personalidade jur\u00eddica pr\u00f3pria.<\/p>\n\n\n\n<p>\u201cA possibilidade de extin\u00e7\u00e3o dessas entidades mediante decreto do chefe do Poder Executivo acarretaria grave altera\u00e7\u00e3o no sistema de pesos e contrapesos, \u00ednsito ao modelo de separa\u00e7\u00e3o de poderes e ao controle da administra\u00e7\u00e3o p\u00fablica do Poder Legislativo\u201d, justificou.<\/p>\n\n\n\n<p>A proposta de reforma administrativa enviada pelo Executivo ao Congresso restringe a estabilidade no servi\u00e7o p\u00fablico e cria cinco tipos de v\u00ednculos com o Estado. O texto estabelece que leis complementares tratar\u00e3o de temas como pol\u00edtica de remunera\u00e7\u00e3o, ocupa\u00e7\u00e3o de cargos de lideran\u00e7a e assessoramento, progress\u00e3o e promo\u00e7\u00e3o funcionais e defini\u00e7\u00e3o dos cargos t\u00edpicos de Estado.<\/p>\n\n\n\n<p><strong>Debate<\/strong><br>A proposta voltou a sofrer cr\u00edticas de parlamentares da oposi\u00e7\u00e3o. Para o deputado Bira do Pindar\u00e9 (PSB-MA), a proposta \u00e9 prejudicial a toda a popula\u00e7\u00e3o. \u201cSegue a l\u00f3gica ultraliberal de esvaziamento do Estado e desmantelamento dos servi\u00e7os p\u00fablicos&#8221;, lamentou.<\/p>\n\n\n\n<p>Para o deputado Giovani Cherini (PL-RS), por outro lado, os servidores p\u00fablicos deveriam estar \u201cvibrando\u201d com a reforma. \u201cOs servi\u00e7os considerados de Estado, nenhum ser\u00e1 atingido. O futuro das gera\u00e7\u00f5es est\u00e1 comprometido se n\u00f3s n\u00e3o buscarmos a efici\u00eancia do servi\u00e7o p\u00fablico\u201d, ponderou.<\/p>\n\n\n\n<p>Se a proposta de reforma administrativa for aprovada pela CCJ, ela ainda precisar\u00e1 ser analisada por uma comiss\u00e3o especial e pelo Plen\u00e1rio.<\/p>\n\n\n\n<p><em>Fonte: Ag\u00eancia C\u00e2mara de Not\u00edcias<\/em><\/p>\n","protected":false},"excerpt":{"rendered":"<p>O relator da reforma administrativa (PEC 32\/20) na Comiss\u00e3o de Constitui\u00e7\u00e3o e Justi\u00e7a da C\u00e2mara (CCJ), deputado Darci de Matos (PSD-SC), leu, nesta segunda-feira (17) o parecer pela admissibilidade. Um pedido de vista adiou a vota\u00e7\u00e3o do texto.<\/p>\n","protected":false},"author":13,"featured_media":11990,"comment_status":"open","ping_status":"open","sticky":false,"template":"","format":"standard","meta":{"footnotes":""},"categories":[5891],"tags":[3910,424,4121,4184],"class_list":["post-12648","post","type-post","status-publish","format-standard","has-post-thumbnail","hentry","category-empreendedorismo","tag-ccj","tag-reforma-administrativa","tag-servico-publico","tag-servidores-publicos"],"_links":{"self":[{"href":"https:\/\/cndl.org.br\/varejosa\/wp-json\/wp\/v2\/posts\/12648","targetHints":{"allow":["GET"]}}],"collection":[{"href":"https:\/\/cndl.org.br\/varejosa\/wp-json\/wp\/v2\/posts"}],"about":[{"href":"https:\/\/cndl.org.br\/varejosa\/wp-json\/wp\/v2\/types\/post"}],"author":[{"embeddable":true,"href":"https:\/\/cndl.org.br\/varejosa\/wp-json\/wp\/v2\/users\/13"}],"replies":[{"embeddable":true,"href":"https:\/\/cndl.org.br\/varejosa\/wp-json\/wp\/v2\/comments?post=12648"}],"version-history":[{"count":0,"href":"https:\/\/cndl.org.br\/varejosa\/wp-json\/wp\/v2\/posts\/12648\/revisions"}],"wp:featuredmedia":[{"embeddable":true,"href":"https:\/\/cndl.org.br\/varejosa\/wp-json\/wp\/v2\/media\/11990"}],"wp:attachment":[{"href":"https:\/\/cndl.org.br\/varejosa\/wp-json\/wp\/v2\/media?parent=12648"}],"wp:term":[{"taxonomy":"category","embeddable":true,"href":"https:\/\/cndl.org.br\/varejosa\/wp-json\/wp\/v2\/categories?post=12648"},{"taxonomy":"post_tag","embeddable":true,"href":"https:\/\/cndl.org.br\/varejosa\/wp-json\/wp\/v2\/tags?post=12648"}],"curies":[{"name":"wp","href":"https:\/\/api.w.org\/{rel}","templated":true}]}}