{"id":12649,"date":"2021-05-18T09:28:13","date_gmt":"2021-05-18T12:28:13","guid":{"rendered":"https:\/\/cndl.org.br\/varejosa\/?p=12649"},"modified":"2024-02-04T17:17:55","modified_gmt":"2024-02-04T20:17:55","slug":"cdl-petrolina-distribui-cestas-basicas-para-trabalhadores-afetados-pela-pandemia","status":"publish","type":"post","link":"https:\/\/cndl.org.br\/varejosa\/cdl-petrolina-distribui-cestas-basicas-para-trabalhadores-afetados-pela-pandemia\/","title":{"rendered":"CDL Petrolina distribui cestas b\u00e1sicas para trabalhadores afetados pela pandemia"},"content":{"rendered":"\n<p>Em tempos de pandemia, a solidariedade \u00e9 um conforto \u00e0queles que mais sofrem com o desemprego e poucos recursos. Sendo assim, consciente do seu papel social, a C\u00e2mara de Dirigentes Lojistas (CDL) em parceria com o Transforma Petrolina e lojistas, realizam, nesta quinta (20), um mutir\u00e3o para a entrega de cestas b\u00e1sicas aos trabalhadores do com\u00e9rcio que perderam seus empregos.<\/p>\n\n\n\n<p>A iniciativa faz parte da segunda etapa da campanha \u201cAcredite! Sua empatia salva vidas\u201d, que tem como foco a conscientiza\u00e7\u00e3o de todos para manuten\u00e7\u00e3o da economia e tamb\u00e9m cuidado para com a sa\u00fade dos colaboradores.<\/p>\n\n\n\n<p>\u201cO nosso sentimento \u00e9 de gratid\u00e3o a todos que fizeram as suas doa\u00e7\u00f5es. Esses alimentos arrecadados v\u00e3o ajudar bastante esses trabalhadores que ainda n\u00e3o se recolocaram no mercado de trabalho. A CDL refor\u00e7a seu compromisso em trabalhar para desenvolver, integrar e defender a economia da cidade, contribuindo para seu fortalecimento pol\u00edtico-econ\u00f4mico e social\u201d, destaca o presidente da CDL de Petrolina, Manoel Vilmar.<\/p>\n\n\n\n<p>Para a coordenadora volunt\u00e1ria do Transforma Petrolina, Lara Secchi Coelho, \u00e9 uma felicidade ser parceiro da campanha e poder ajudar os trabalhadores afetados pela pandemia. \u201cN\u00f3s do Transforma estamos muito felizes em estar junto com a CDL e beneficiar essas fam\u00edlias que est\u00e3o passando por esse momento dif\u00edcil devido a perda de seu sustento. A pandemia est\u00e1 sendo muito dura, mas tamb\u00e9m despertou o esp\u00edrito solid\u00e1rio de v\u00e1rias pessoas e institui\u00e7\u00f5es. Juntos conseguimos impactar quem precisa\u201c, explica Lara.<\/p>\n\n\n\n<p><em>Fonte: CDL Petrolina<\/em><\/p>\n","protected":false},"excerpt":{"rendered":"<p>A C\u00e2mara de Dirigentes Lojistas (CDL) em parceria com o Transforma Petrolina e lojistas, realizam nesta quinta (20), um mutir\u00e3o para a entrega de cestas b\u00e1sicas aos trabalhadores do com\u00e9rcio que perderam seus empregos.<\/p>\n","protected":false},"author":18,"featured_media":12650,"comment_status":"open","ping_status":"open","sticky":false,"template":"","format":"standard","meta":{"footnotes":""},"categories":[1371],"tags":[2616,513,247,255,256,323,4596,891,249],"class_list":["post-12649","post","type-post","status-publish","format-standard","has-post-thumbnail","hentry","category-noticias-cndl","tag-cdl-petrolina-2","tag-cesta-basica","tag-comercio","tag-coronavirus","tag-covid-19","tag-pandemia","tag-solidariedade","tag-trabalhadores","tag-varejo"],"_links":{"self":[{"href":"https:\/\/cndl.org.br\/varejosa\/wp-json\/wp\/v2\/posts\/12649","targetHints":{"allow":["GET"]}}],"collection":[{"href":"https:\/\/cndl.org.br\/varejosa\/wp-json\/wp\/v2\/posts"}],"about":[{"href":"https:\/\/cndl.org.br\/varejosa\/wp-json\/wp\/v2\/types\/post"}],"author":[{"embeddable":true,"href":"https:\/\/cndl.org.br\/varejosa\/wp-json\/wp\/v2\/users\/18"}],"replies":[{"embeddable":true,"href":"https:\/\/cndl.org.br\/varejosa\/wp-json\/wp\/v2\/comments?post=12649"}],"version-history":[{"count":0,"href":"https:\/\/cndl.org.br\/varejosa\/wp-json\/wp\/v2\/posts\/12649\/revisions"}],"wp:featuredmedia":[{"embeddable":true,"href":"https:\/\/cndl.org.br\/varejosa\/wp-json\/wp\/v2\/media\/12650"}],"wp:attachment":[{"href":"https:\/\/cndl.org.br\/varejosa\/wp-json\/wp\/v2\/media?parent=12649"}],"wp:term":[{"taxonomy":"category","embeddable":true,"href":"https:\/\/cndl.org.br\/varejosa\/wp-json\/wp\/v2\/categories?post=12649"},{"taxonomy":"post_tag","embeddable":true,"href":"https:\/\/cndl.org.br\/varejosa\/wp-json\/wp\/v2\/tags?post=12649"}],"curies":[{"name":"wp","href":"https:\/\/api.w.org\/{rel}","templated":true}]}}