{"id":12684,"date":"2021-05-20T15:50:55","date_gmt":"2021-05-20T18:50:55","guid":{"rendered":"https:\/\/cndl.org.br\/varejosasa\/?p=12684"},"modified":"2026-01-29T10:13:14","modified_gmt":"2026-01-29T13:13:14","slug":"conjuve-lanca-2a-edicao-do-programa-juventude-empreendedora","status":"publish","type":"post","link":"https:\/\/cndl.org.br\/varejosa\/conjuve-lanca-2a-edicao-do-programa-juventude-empreendedora\/","title":{"rendered":"Conjuve lan\u00e7a 2\u00aa edi\u00e7\u00e3o do programa Juventude Empreendedora"},"content":{"rendered":"\n<p class=\"has-text-align-center\"><em>A capacita\u00e7\u00e3o gratuita, destinada \u00e0 jovens de 17 a 29 anos de todo o Brasil, busca promover a gera\u00e7\u00e3o de emprego e renda em tempos de pandemia<\/em><\/p>\n\n\n\n<div class=\"wp-block-image\"><figure class=\"alignleft size-large is-resized\"><img loading=\"lazy\" decoding=\"async\" src=\"https:\/\/cndl.org.br\/varejosasa\/wp-content\/uploads\/2021\/05\/CARDS_JUVENTUDE-EMPREENDEDORA-21-03-1024x1024.png\" alt=\"\" class=\"wp-image-12685\" width=\"350\" height=\"350\" srcset=\"https:\/\/cndl.org.br\/varejosa\/wp-content\/uploads\/2021\/05\/CARDS_JUVENTUDE-EMPREENDEDORA-21-03-1024x1024.png 1024w, https:\/\/cndl.org.br\/varejosa\/wp-content\/uploads\/2021\/05\/CARDS_JUVENTUDE-EMPREENDEDORA-21-03-300x300.png 300w, https:\/\/cndl.org.br\/varejosa\/wp-content\/uploads\/2021\/05\/CARDS_JUVENTUDE-EMPREENDEDORA-21-03-150x150.png 150w, https:\/\/cndl.org.br\/varejosa\/wp-content\/uploads\/2021\/05\/CARDS_JUVENTUDE-EMPREENDEDORA-21-03-768x767.png 768w, https:\/\/cndl.org.br\/varejosa\/wp-content\/uploads\/2021\/05\/CARDS_JUVENTUDE-EMPREENDEDORA-21-03-550x550.png 550w, https:\/\/cndl.org.br\/varejosa\/wp-content\/uploads\/2021\/05\/CARDS_JUVENTUDE-EMPREENDEDORA-21-03-1100x1100.png 1100w, https:\/\/cndl.org.br\/varejosa\/wp-content\/uploads\/2021\/05\/CARDS_JUVENTUDE-EMPREENDEDORA-21-03.png 1201w\" sizes=\"auto, (max-width: 350px) 100vw, 350px\" \/><\/figure><\/div>\n\n\n\n<p>O Conselho Nacional da Juventude (Conjuve), em parceria com a Besouro Ag\u00eancia de Fomento Social e com o F\u00f3rum da Juventude da CPLP realiza, entre os dias 24 e 28 de maio, a 2\u00aa edi\u00e7\u00e3o do programa Juventude Empreendedora, que tem o objetivo de capacitar jovens entre 17 e 29 anos para se tornarem empreendedores. Adaptado para o formato online \u2013 em fun\u00e7\u00e3o da pandemia do Coronav\u00edrus \u2013, o programa gratuito est\u00e1 com as inscri\u00e7\u00f5es abertas no site <a href=\"http:\/\/www.juventudeempreendedora.com\" target=\"_blank\" rel=\"noreferrer noopener\">www.juventudeempreendedora.com<\/a>.<\/p>\n\n\n\n<p>O coordenador da CDL Jovem Nacional, Raphael Paganini, destaca a import\u00e2ncia de a\u00e7\u00f5es de qualifica\u00e7\u00e3o para o empreendedorismo jovem. &#8220;Em um momento de recupera\u00e7\u00e3o econ\u00f4mica em virtude dos reflexos do per\u00edodo de pandemia, o programa Juventude Empreendedora surge com uma excelente oportunidade para que o jovem possa se capacitar gratuitamente e empreender atrav\u00e9s do seu pr\u00f3prio neg\u00f3cio com mais qualidade e perspectiva de sucesso, motivo pelo qual a CDL Jovem \u00e9 um dos apoiadores do projeto&#8221;.<\/p>\n\n\n\n<p>O programa Juventude Empreendedora j\u00e1 impactou mais de 10 mil pessoas em mais de 1.000 cidades de todos os Estados e no Distrito Federal. \u201cQueremos oferecer oportunidades concretas para a gera\u00e7\u00e3o de emprego e renda entre jovens nestes tempos de pandemia\u201d, afirma o presidente do Conjuve, Marcus Bar\u00e3o.<\/p>\n\n\n\n<p>Dados da Pesquisa Nacional por Amostra de Domic\u00edlios Cont\u00ednua (PNAD Cont\u00ednua), realizada pelo IBGE, apontam que a taxa de desemprego entre jovens ficou em 29,8% ao fim de 2020, mais que o dobro da taxa m\u00e9dia entre a popula\u00e7\u00e3o geral. O que representa um aumento de 6 pontos percentuais em rela\u00e7\u00e3o a 2019. \u00c9 a maior taxa anual da s\u00e9rie hist\u00f3rica, iniciada em 2012. Esse contexto tem forte influ\u00eancia no processo de desenvolvimento da popula\u00e7\u00e3o jovem no Brasil, com impacto significativo na seguran\u00e7a alimentar, na evas\u00e3o escolar e na vulnerabilidade juvenil aos efeitos da pandemia.<\/p>\n\n\n\n<p>As aulas ocorrer\u00e3o no per\u00edodo noturno, das 18h \u00e0s 22h, e o conte\u00fado da capacita\u00e7\u00e3o ser\u00e1 dividido em 11 etapas, abordando finan\u00e7as; comunica\u00e7\u00e3o online e offline; gest\u00e3o de pessoas; redes de relacionamentos; marketing e vendas. \u201cA metodologia foi aplicada em diversos pa\u00edses e em todas regi\u00f5es do Brasil, de maneira bem-sucedida. Ela extremamente pr\u00e1tica e voltada para a gera\u00e7\u00e3o de renda imediata. \u00c9 uma oportunidade e esperan\u00e7a para jovens em tempos dif\u00edceis\u201d, completa o presidente do Conjuve.<\/p>\n\n\n\n<p><strong>CDL Jovem<\/strong><br>O Conselho re\u00fane algumas das principais organiza\u00e7\u00f5es da sociedade civil e lideran\u00e7as juvenis do pa\u00eds, al\u00e9m de representantes do Poder P\u00fablico. A C\u00e2mara de Dirigentes Lojistas Jovem (CDL Jovem), \u00f3rg\u00e3o complementar do Sistema CNDL, tem cadeira no Conjuve no bi\u00eanio 2020-2021, e apoia o grupo na formula\u00e7\u00e3o de propostas voltadas para as pol\u00edticas p\u00fablicas de juventude, o desenvolvimento de estudos e pesquisas sobre a realidade socioecon\u00f4mica dos jovens e a promo\u00e7\u00e3o do interc\u00e2mbio entre as organiza\u00e7\u00f5es juvenis nacionais e internacionais.<\/p>\n\n\n\n<p><em>Com informa\u00e7\u00f5es da Conjuve.<\/em><\/p>\n","protected":false},"excerpt":{"rendered":"<p>O Conselho Nacional da Juventude (Conjuve), em parceria com a Besouro Ag\u00eancia de Fomento Social e com o F\u00f3rum da Juventude da CPLP realiza, entre os dias 24 e 28 de maio, a 2\u00aa edi\u00e7\u00e3o do programa Juventude Empreendedora, que tem o objetivo de capacitar jovens entre 17 e 29 anos para se tornarem empreendedores. <\/p>\n","protected":false},"author":19,"featured_media":12686,"comment_status":"open","ping_status":"open","sticky":false,"template":"","format":"standard","meta":{"footnotes":""},"categories":[5891],"tags":[1294,1305,1306,1307,1308,1309],"class_list":["post-12684","post","type-post","status-publish","format-standard","has-post-thumbnail","hentry","category-empreendedorismo","tag-cdl-jovem","tag-conjuve","tag-curso-gratuito","tag-jovens-empreendedores","tag-juventude","tag-juventude-empreendedora"],"_links":{"self":[{"href":"https:\/\/cndl.org.br\/varejosa\/wp-json\/wp\/v2\/posts\/12684","targetHints":{"allow":["GET"]}}],"collection":[{"href":"https:\/\/cndl.org.br\/varejosa\/wp-json\/wp\/v2\/posts"}],"about":[{"href":"https:\/\/cndl.org.br\/varejosa\/wp-json\/wp\/v2\/types\/post"}],"author":[{"embeddable":true,"href":"https:\/\/cndl.org.br\/varejosa\/wp-json\/wp\/v2\/users\/19"}],"replies":[{"embeddable":true,"href":"https:\/\/cndl.org.br\/varejosa\/wp-json\/wp\/v2\/comments?post=12684"}],"version-history":[{"count":0,"href":"https:\/\/cndl.org.br\/varejosa\/wp-json\/wp\/v2\/posts\/12684\/revisions"}],"wp:featuredmedia":[{"embeddable":true,"href":"https:\/\/cndl.org.br\/varejosa\/wp-json\/wp\/v2\/media\/12686"}],"wp:attachment":[{"href":"https:\/\/cndl.org.br\/varejosa\/wp-json\/wp\/v2\/media?parent=12684"}],"wp:term":[{"taxonomy":"category","embeddable":true,"href":"https:\/\/cndl.org.br\/varejosa\/wp-json\/wp\/v2\/categories?post=12684"},{"taxonomy":"post_tag","embeddable":true,"href":"https:\/\/cndl.org.br\/varejosa\/wp-json\/wp\/v2\/tags?post=12684"}],"curies":[{"name":"wp","href":"https:\/\/api.w.org\/{rel}","templated":true}]}}