{"id":12730,"date":"2021-05-25T15:54:28","date_gmt":"2021-05-25T18:54:28","guid":{"rendered":"https:\/\/cndl.org.br\/varejosa\/?p=12730"},"modified":"2026-01-29T10:41:29","modified_gmt":"2026-01-29T13:41:29","slug":"cndl-apresenta-ricardo-almeida-ao-comite-de-tecnologia-e-inovacao-do-fpmpe","status":"publish","type":"post","link":"https:\/\/cndl.org.br\/varejosa\/cndl-apresenta-ricardo-almeida-ao-comite-de-tecnologia-e-inovacao-do-fpmpe\/","title":{"rendered":"CNDL apresenta Ricardo Almeida ao Comit\u00ea de Tecnologia e Inova\u00e7\u00e3o do FPMPE"},"content":{"rendered":"\n<p>A Confedera\u00e7\u00e3o Nacional de Dirigentes Lojistas (CNDL) se reuniu na manh\u00e3 de hoje (25) com o Comit\u00ea T\u00e9cnico de Tecnologia e Inova\u00e7\u00e3o no F\u00f3rum Permanente da Micro e Pequena Empresa (FPMPE), vinculado ao Minist\u00e9rio da Economia. No encontro, a CNDL apresentou o diretor de Seguran\u00e7a da Informa\u00e7\u00e3o e Prote\u00e7\u00e3o de Dados do Sistema CNDL, Ricardo Pereira de Almeida, que est\u00e1 na lista tr\u00edplice para compor o Conselho Nacional de Prote\u00e7\u00e3o de Dados Pessoais e da Privacidade (CNPD).<\/p>\n\n\n\n<p>O objetivo do encontro foi buscar o apoio formal das entidades que participam do F\u00f3rum para a nomea\u00e7\u00e3o de Ricardo Almeida. O an\u00fancio dos novos integrantes do Conselho da ANPD deve realizado nos pr\u00f3ximos dias pelo Presidente da Rep\u00fablica, Jair Bolsonaro. \u201c\u00c9 muito importante ter o apoio do principal f\u00f3rum de delibera\u00e7\u00e3o das quest\u00f5es de interesse das micro e pequena empresa no Brasil. \u00c9 um espa\u00e7o do qual participam as principais entidades nacionais\u201d, destaca Ricardo Almeida.<\/p>\n\n\n\n<p>A CNDL considera importante a participa\u00e7\u00e3o de diversos setores na composi\u00e7\u00e3o do CNPD, sobretudo uma voz do setor de Com\u00e9rcio, Servi\u00e7os e Empreendedorismo, que representa 73% do PIB e \u00e9 respons\u00e1vel por cerca de 27 milh\u00f5es de empregos e 80% das empresas ativas no pa\u00eds. S\u00f3 o Sistema CNDL conta com mais de 500 mil empresas associadas de diferentes ramos de atividades, sendo mais de 90% micro e pequenas empresas (MPEs), e mais de 1 milh\u00e3o de pontos de vendas.<\/p>\n\n\n\n<p>Na reuni\u00e3o, foi destacada a atua\u00e7\u00e3o e experi\u00eancia de Ricardo Almeida quanto aos temas ligados \u00e0 Lei Geral de Prote\u00e7\u00e3o de Dados Pessoais (LGPD), sua expertise no tratamento de dados pessoais e a representatividade da CNDL junto ao setor de com\u00e9rcio e servi\u00e7os, em especial, da micro e pequena empresa.<\/p>\n\n\n\n<div class=\"wp-block-image\"><figure class=\"aligncenter size-large is-resized\"><img loading=\"lazy\" decoding=\"async\" src=\"https:\/\/cndl.org.br\/varejosa\/wp-content\/uploads\/2021\/05\/WhatsApp-Image-2021-05-25-at-12.04.15-1024x576.jpeg\" alt=\"\" class=\"wp-image-12731\" width=\"785\" height=\"442\" srcset=\"https:\/\/cndl.org.br\/varejosa\/wp-content\/uploads\/2021\/05\/WhatsApp-Image-2021-05-25-at-12.04.15-1024x576.jpeg 1024w, https:\/\/cndl.org.br\/varejosa\/wp-content\/uploads\/2021\/05\/WhatsApp-Image-2021-05-25-at-12.04.15-300x169.jpeg 300w, https:\/\/cndl.org.br\/varejosa\/wp-content\/uploads\/2021\/05\/WhatsApp-Image-2021-05-25-at-12.04.15-768x432.jpeg 768w, https:\/\/cndl.org.br\/varejosa\/wp-content\/uploads\/2021\/05\/WhatsApp-Image-2021-05-25-at-12.04.15.jpeg 1280w\" sizes=\"auto, (max-width: 785px) 100vw, 785px\" \/><figcaption>Membros do Comit\u00ea de Tecnologia e Inova\u00e7\u00e3o do F\u00f3rum Permanente da Micro e Pequena Empresa<\/figcaption><\/figure><\/div>\n\n\n\n<p><strong>CNPD<\/strong><br>Em mar\u00e7o deste ano, o Sistema CNDL apoiou a candidatura de Ricardo Almeida ao CNPD. No in\u00edcio deste m\u00eas, o diretor de Seguran\u00e7a da Informa\u00e7\u00e3o e Prote\u00e7\u00e3o de Dados do CNDL foi indicado para compor a lista tr\u00edplice de uma das 2 vagas destinadas \u00e0s \u201cEntidades Representativas do Setor Empresarial\u201d, no CNPD.<\/p>\n\n\n\n<p>O Conselho Diretor da Autoridade Nacional de Prote\u00e7\u00e3o de Dados (ANPD) foi o respons\u00e1vel por selecionar os nomes dos especialistas para compor 13 listas tr\u00edplices. A indica\u00e7\u00e3o embasar\u00e1 a decis\u00e3o do presidente da Rep\u00fablica, Jair Bolsonaro, para nomea\u00e7\u00e3o ao conselho.<\/p>\n\n\n\n<p>Ricardo Almeida tem mais de 30 anos de experi\u00eancia no setor de  Tecnologia da Informa\u00e7\u00e3o (TI), sendo reconhecido inclusive por esse segmento: premiado duas vezes por seu perfil inovador (Pr\u00eamio 100+ Inovadoras no Uso de TI, 2018 e 2019). Neste per\u00edodo, contribuiu com o fortalecimento da economia brasileira, atrav\u00e9s do desenvolvimento e governan\u00e7a dos bancos de dados, como o do SPC Brasil, o maior da Am\u00e9rica L\u00e1tica com informa\u00e7\u00f5es de mais de 180 milh\u00f5es de pessoas (PF\/PJ). Os seus projetos de tecnologia possibilitaram a centraliza\u00e7\u00e3o das informa\u00e7\u00f5es relevantes para uma maior confian\u00e7a nas rela\u00e7\u00f5es credit\u00edcias, garantindo seguran\u00e7a para quem vende e para quem compra.<\/p>\n\n\n\n<p>\u00c9 o respons\u00e1vel pela adequa\u00e7\u00e3o cont\u00ednua do Sistema CNDL\/SPC Brasil \u00e0 LGPD. Tamb\u00e9m realiza treinamentos sobre a LGPD e sua implementa\u00e7\u00e3o em mais de 2 mil entidades vinculadas e para seus associados, em sua maioria microempresas e empresas de pequeno porte, em todas as regi\u00f5es do Brasil. Al\u00e9m de v\u00e1rios cursos de especializa\u00e7\u00e3o em TI e nas novas normas regulat\u00f3rias, como a GDPR e LGPD, em busca de inova\u00e7\u00e3o e tecnologia, tem como refer\u00eancia e esteve nos principais centros de inova\u00e7\u00e3o no mundo, passando por San Francisco (EUA), Londres (Reino Unido) e Singapura (\u00c1sia).<\/p>\n","protected":false},"excerpt":{"rendered":"<p>A Confedera\u00e7\u00e3o Nacional de Dirigentes Lojistas (CNDL) se reuniu na manh\u00e3 de hoje (25) com o Comit\u00ea T\u00e9cnico de Tecnologia e Inova\u00e7\u00e3o no F\u00f3rum Permanente da Micro e Pequena Empresa (FPMPE), vinculado ao Minist\u00e9rio da Economia. No encontro, a CNDL apresentou o diretor de Seguran\u00e7a da Informa\u00e7\u00e3o e Prote\u00e7\u00e3o de Dados do Sistema CNDL, Ricardo Pereira de Almeida, que est\u00e1 na lista tr\u00edplice para compor o Conselho Nacional de Prote\u00e7\u00e3o de Dados Pessoais e da Privacidade (CNPD).<\/p>\n","protected":false},"author":4,"featured_media":11894,"comment_status":"open","ping_status":"open","sticky":false,"template":"","format":"standard","meta":{"footnotes":""},"categories":[5891],"tags":[2906,3193,2988,1424,1425,4005],"class_list":["post-12730","post","type-post","status-publish","format-standard","has-post-thumbnail","hentry","category-empreendedorismo","tag-anpd","tag-cnpd","tag-dados-pessoais","tag-lgpd","tag-protecao-de-dados","tag-ricardo-almeida"],"_links":{"self":[{"href":"https:\/\/cndl.org.br\/varejosa\/wp-json\/wp\/v2\/posts\/12730","targetHints":{"allow":["GET"]}}],"collection":[{"href":"https:\/\/cndl.org.br\/varejosa\/wp-json\/wp\/v2\/posts"}],"about":[{"href":"https:\/\/cndl.org.br\/varejosa\/wp-json\/wp\/v2\/types\/post"}],"author":[{"embeddable":true,"href":"https:\/\/cndl.org.br\/varejosa\/wp-json\/wp\/v2\/users\/4"}],"replies":[{"embeddable":true,"href":"https:\/\/cndl.org.br\/varejosa\/wp-json\/wp\/v2\/comments?post=12730"}],"version-history":[{"count":0,"href":"https:\/\/cndl.org.br\/varejosa\/wp-json\/wp\/v2\/posts\/12730\/revisions"}],"wp:featuredmedia":[{"embeddable":true,"href":"https:\/\/cndl.org.br\/varejosa\/wp-json\/wp\/v2\/media\/11894"}],"wp:attachment":[{"href":"https:\/\/cndl.org.br\/varejosa\/wp-json\/wp\/v2\/media?parent=12730"}],"wp:term":[{"taxonomy":"category","embeddable":true,"href":"https:\/\/cndl.org.br\/varejosa\/wp-json\/wp\/v2\/categories?post=12730"},{"taxonomy":"post_tag","embeddable":true,"href":"https:\/\/cndl.org.br\/varejosa\/wp-json\/wp\/v2\/tags?post=12730"}],"curies":[{"name":"wp","href":"https:\/\/api.w.org\/{rel}","templated":true}]}}