{"id":12741,"date":"2021-05-26T11:16:57","date_gmt":"2021-05-26T14:16:57","guid":{"rendered":"https:\/\/cndl.org.br\/varejosa\/?p=12741"},"modified":"2026-01-29T10:41:28","modified_gmt":"2026-01-29T13:41:28","slug":"lira-aprovacao-da-reforma-administrativa-na-ccj-e-um-marco-na-agenda-do-pais","status":"publish","type":"post","link":"https:\/\/cndl.org.br\/varejosa\/lira-aprovacao-da-reforma-administrativa-na-ccj-e-um-marco-na-agenda-do-pais\/","title":{"rendered":"Lira: aprova\u00e7\u00e3o da reforma administrativa na CCJ \u00e9 um marco na agenda do Pa\u00eds"},"content":{"rendered":"\n<p class=\"has-text-align-center\"><em>O presidente voltou a afirmar que os direitos adquiridos dos atuais funcion\u00e1rios ser\u00e3o respeitados e que o objetivo \u00e9 modernizar o servi\u00e7o p\u00fablico brasileiro<\/em><\/p>\n\n\n\n<p>O presidente da C\u00e2mara dos Deputados, Arthur Lira (PP-AL), disse que a aprova\u00e7\u00e3o da admissibilidade da reforma administrativa (PEC 32\/20) na Comiss\u00e3o de Constitui\u00e7\u00e3o e Justi\u00e7a e de Cidadania nesta ter\u00e7a-feira (25) \u00e9 um marco na agenda de reformas do Pa\u00eds.<\/p>\n\n\n\n<p>O texto segue para an\u00e1lise de comiss\u00e3o especial criada exclusivamente para debater o tema, e depois vai ao Plen\u00e1rio. O relator da comiss\u00e3o especial ser\u00e1 o deputado Arthur Oliveira Maia (DEM-BA).<\/p>\n\n\n\n<p>Lira afirmou que a tramita\u00e7\u00e3o da proposta ser\u00e1 feita de forma cuidadosa e respons\u00e1vel, e que o texto final estar\u00e1 maduro para ser votado no Plen\u00e1rio da C\u00e2mara.<\/p>\n\n\n\n<p>Ele reafirmou que os direitos adquiridos dos atuais servidores ser\u00e3o respeitados e que o objetivo \u00e9 modernizar o servi\u00e7o p\u00fablico brasileiro. \u201cNenhuma viola\u00e7\u00e3o ser\u00e1 perpetrada contra qualquer categoria, esse n\u00e3o \u00e9 e nunca foi o objetivo da reforma. O que se busca \u00e9 modernizar as rela\u00e7\u00f5es trabalhistas do Estado brasileiro em um mundo em permanente evolu\u00e7\u00e3o\u201d, disse o presidente, por meio de suas redes sociais.<\/p>\n\n\n\n<p>\u201cAlguns marcos s\u00e3o p\u00e9treos: ser\u00e3o respeitados todos os direitos e garantias dos atuais servidores, e eventuais mudan\u00e7as ser\u00e3o v\u00e1lidas apenas e t\u00e3o somente para os servidores admitidos ap\u00f3s a reforma\u201d, destacou Lira.<\/p>\n\n\n\n<p><em>Fonte: Ag\u00eancia C\u00e2mara de Not\u00edcias<\/em><\/p>\n","protected":false},"excerpt":{"rendered":"<p>O presidente da C\u00e2mara dos Deputados, Arthur Lira (PP-AL), disse que a aprova\u00e7\u00e3o da admissibilidade da reforma administrativa (PEC 32\/20) na Comiss\u00e3o de Constitui\u00e7\u00e3o e Justi\u00e7a e de Cidadania nesta ter\u00e7a-feira (25) \u00e9 um marco na agenda de reformas do Pa\u00eds.<\/p>\n","protected":false},"author":4,"featured_media":11644,"comment_status":"open","ping_status":"open","sticky":false,"template":"","format":"standard","meta":{"footnotes":""},"categories":[5891],"tags":[424,4188,4121,4184,443],"class_list":["post-12741","post","type-post","status-publish","format-standard","has-post-thumbnail","hentry","category-empreendedorismo","tag-reforma-administrativa","tag-relacoes-trabalhistas","tag-servico-publico","tag-servidores-publicos","tag-trabalho"],"_links":{"self":[{"href":"https:\/\/cndl.org.br\/varejosa\/wp-json\/wp\/v2\/posts\/12741","targetHints":{"allow":["GET"]}}],"collection":[{"href":"https:\/\/cndl.org.br\/varejosa\/wp-json\/wp\/v2\/posts"}],"about":[{"href":"https:\/\/cndl.org.br\/varejosa\/wp-json\/wp\/v2\/types\/post"}],"author":[{"embeddable":true,"href":"https:\/\/cndl.org.br\/varejosa\/wp-json\/wp\/v2\/users\/4"}],"replies":[{"embeddable":true,"href":"https:\/\/cndl.org.br\/varejosa\/wp-json\/wp\/v2\/comments?post=12741"}],"version-history":[{"count":0,"href":"https:\/\/cndl.org.br\/varejosa\/wp-json\/wp\/v2\/posts\/12741\/revisions"}],"wp:featuredmedia":[{"embeddable":true,"href":"https:\/\/cndl.org.br\/varejosa\/wp-json\/wp\/v2\/media\/11644"}],"wp:attachment":[{"href":"https:\/\/cndl.org.br\/varejosa\/wp-json\/wp\/v2\/media?parent=12741"}],"wp:term":[{"taxonomy":"category","embeddable":true,"href":"https:\/\/cndl.org.br\/varejosa\/wp-json\/wp\/v2\/categories?post=12741"},{"taxonomy":"post_tag","embeddable":true,"href":"https:\/\/cndl.org.br\/varejosa\/wp-json\/wp\/v2\/tags?post=12741"}],"curies":[{"name":"wp","href":"https:\/\/api.w.org\/{rel}","templated":true}]}}