{"id":12802,"date":"2021-06-01T09:56:24","date_gmt":"2021-06-01T12:56:24","guid":{"rendered":"https:\/\/cndl.org.br\/varejosa\/?p=12802"},"modified":"2024-02-04T16:04:51","modified_gmt":"2024-02-04T19:04:51","slug":"retomada-do-turismo-depende-da-vacinacao-dizem-representantes-do-setor","status":"publish","type":"post","link":"https:\/\/cndl.org.br\/varejosa\/retomada-do-turismo-depende-da-vacinacao-dizem-representantes-do-setor\/","title":{"rendered":"Retomada do turismo depende da vacina\u00e7\u00e3o, dizem representantes do setor"},"content":{"rendered":"\n<p class=\"has-text-align-center\"><em>O encontro remoto desta segunda-feira foi o quarto do ciclo de debates promovido pela Comiss\u00e3o de Desenvolvimento Regional e Turismo do Senado (CDR)<\/em><\/p>\n\n\n\n<p>A retomada do turismo ocorrer\u00e1 somente ap\u00f3s a vacina\u00e7\u00e3o massiva da popula\u00e7\u00e3o, exigindo a ado\u00e7\u00e3o de novos protocolos de seguran\u00e7a em todo o setor e a redefini\u00e7\u00e3o da imagem do Brasil em rela\u00e7\u00e3o ao mercado externo, visto que o pa\u00eds n\u00e3o atrai nem 1% do fluxo mundial de turistas.&nbsp;Essa foi a avalia\u00e7\u00e3o dos especialistas que participaram de mais uma rodada do ciclo de debates sobre a retomada do turismo no p\u00f3s-pandemia, promovido pela Comiss\u00e3o de Desenvolvimento Regional e Turismo do Senado (CDR), presidida por Fernando Collor (Pros-AL), autor da iniciativa. A discuss\u00e3o nesta segunda-feira (31) teve como tema \u201cO Brasil na retomada do turismo internacional: estrat\u00e9gias para a amplia\u00e7\u00e3o de turistas estrangeiros no pa\u00eds&#8221;.<\/p>\n\n\n\n<p>Presidente da Federa\u00e7\u00e3o Brasileira de Hospedagem e Alimenta\u00e7\u00e3o (FBHA) e representante da Confedera\u00e7\u00e3o Nacional do Com\u00e9rcio de Bens, Servi\u00e7os e Turismo (CNC), Alexandre Sampaio disse que a restri\u00e7\u00e3o nas fronteiras limitou o trabalho de capta\u00e7\u00e3o de turistas internacionais. Ele afirmou que houve 88% de queda nas viagens internacionais e na Am\u00e9rica do Sul, citando dados da Organiza\u00e7\u00e3o Mundial do Turismo.<\/p>\n\n\n\n<p>\u2014 A vari\u00e1vel de queda n\u00e3o se consegue controlar mesmo com promo\u00e7\u00e3o. \u00c9 um momento delicado para estimular consumidores de mercados internacionais a visitar o Brasil. Se tiv\u00e9ssemos um processo volumoso de vacina\u00e7\u00e3o talvez n\u00f3s tiv\u00e9ssemos recupera\u00e7\u00e3o em julho. Estamos com aumento previsto [de chegada de turistas] s\u00f3 de 22%.<\/p>\n\n\n\n<p>De acordo com Sampaio, 20% dos especialistas em turismo sugerem que a recupera\u00e7\u00e3o poderia vir a ocorrer apenas em 2022, a partir da ado\u00e7\u00e3o de protocolos com pa\u00edses da Am\u00e9rica do Sul. Segundo ele, o ritmo ainda lento da conten\u00e7\u00e3o da covid-19 est\u00e1 gerando uma baixa confian\u00e7a do consumidor no que se refere a empreender viagens, e a deteriora\u00e7\u00e3o do ambiente econ\u00f4mico segue como um obst\u00e1culo que ir\u00e1 requerer intelig\u00eancia e inova\u00e7\u00e3o para ser ultrapassado.<\/p>\n\n\n\n<p>De acordo com Sampaio, novos protocolos precisam ser implementados, melhor definidos e harmonizados entre diversos pa\u00edses. Ele disse que a biometria ser\u00e1 uma solu\u00e7\u00e3o amplamente aceita, assim como a tecnologia para entrada de dados sem contato, controle de gestos, digitaliza\u00e7\u00e3o de documentos sem toque e comandos de voz, as quais j\u00e1 est\u00e3o sendo testadas.<\/p>\n\n\n\n<p>Segundo Sampaio, o novo viajante evitar\u00e1 locais superlotados, preferindo o interior e o campo. Al\u00e9m disso, as viagens de carro no modal rodovi\u00e1rio ser\u00e3o percebidas como uma forma mais segura de viajar. Haver\u00e1, de acordo com ele, grupos que ir\u00e3o optar por viagens internacionais que n\u00e3o requeiram carteira de vacina\u00e7\u00e3o, e a \u00eanfase nas viagens dom\u00e9sticas dever\u00e1 suplantar as viagens internacionais. Tamb\u00e9m s\u00e3o esperadas melhorias e inova\u00e7\u00f5es em quartos, avi\u00f5es e qualquer espa\u00e7o p\u00fablico que receba turistas.<\/p>\n\n\n\n<p>\u2014 Tudo isso impactar\u00e1 diretamente na escolha de um destino, voo ou estada. A higiene se tornar\u00e1 um crit\u00e9rio t\u00e3o importante no processo de tomada de decis\u00e3o do viajante quanto o pre\u00e7o e a localiza\u00e7\u00e3o. \u00c9 preciso intensificar o marketing digital, otimizar procedimentos de embarque, investir em capacita\u00e7\u00e3o sobre protocolos de seguran\u00e7a e higieniza\u00e7\u00e3o, disponibilizar ferramentas de apoio ao empresariado.<\/p>\n\n\n\n<p><strong>Reposicionamento de imagem<\/strong><br \/>Presidente do F\u00f3rum Nacional dos Secret\u00e1rios e Dirigentes Estaduais de Turismo (Fornatur) e diretor-presidente da Funda\u00e7\u00e3o de Turismo de Mato Grosso do Sul (Fundtur), Bruno Wendling declarou que o Brasil precisa reposicionar a sua imagem no mercado internacional, focar na inova\u00e7\u00e3o de novas ofertas e desenvolver solu\u00e7\u00f5es tecnol\u00f3gicas in\u00e9ditas.<\/p>\n\n\n\n<p>\u2014 De fato, \u00e9 preciso mudar a imagem que o Brasil vem trabalhando h\u00e1 d\u00e9cadas e n\u00e3o \u00e9 alterada no mercado internacional. N\u00e3o vejo isso na composi\u00e7\u00e3o da imagem do destino Brasil. A gente deve fazer uma a\u00e7\u00e3o coordenada. A vacina\u00e7\u00e3o precisa ser acelerada e ampliada para que a popula\u00e7\u00e3o tenha seguran\u00e7a em viajar. Mas \u00e9 preciso reconstruir a imagem do Brasil, definir segmentos-\u00e2ncora, os mercados priorit\u00e1rios e quais destinos brasileiros que o mercado emissor quer consumir. \u00c9 preciso a ado\u00e7\u00e3o de planejamento estrat\u00e9gico, a defini\u00e7\u00e3o de estrat\u00e9gias para redefinir produtos. Continuamos vendo os mesmos destinos trabalhados no mercado internacional \u2014 alertou Wendling.<\/p>\n\n\n\n<p><strong>Seguran\u00e7a<\/strong><br \/>Diretor-presidente da Ag\u00eancia Brasileira de Promo\u00e7\u00e3o Internacional de Turismo (Embratur), Carlos Brito disse que, embora o turismo no Brasil tenha sido duramente afetado pela pandemia, assim como em outros pa\u00edses, o preju\u00edzo poderia ter sido maior se o governo n\u00e3o tivesse tomado medidas adequadas. Ele afirmou que o Brasil foi um dos dez primeiros pa\u00edses do mundo a lan\u00e7ar o selo Turismo Respons\u00e1vel, como forma de permitir a realiza\u00e7\u00e3o com seguran\u00e7a de atividades ligadas ao setor,<\/p>\n\n\n\n<p>\u2014 At\u00e9 85% dos voos dom\u00e9sticos em opera\u00e7\u00e3o estavam em opera\u00e7\u00e3o em dezembro passado; fomos afetados pelo in\u00edcio do segundo ciclo da pandemia. A Embratur realizou campanha para incentivar o turismo nacional. O Brasil tem vacinado rapidamente. Esperamos que a popula\u00e7\u00e3o economicamente ativa esteja vacinada at\u00e9 setembro de 2021. Somos o quarto pa\u00eds do mundo que mais ofereceu doses da vacina. \u00c0 medida que mais brasileiros tenham sido vacinados, as atividades de turismo ser\u00e3o mais vi\u00e1veis, com a reabertura de fronteiras e o retorno gradual de turistas.<\/p>\n\n\n\n<p>Para a retomada do turismo internacional, o presidente da Embratur disse que est\u00e1 prevista a participa\u00e7\u00e3o do Brasil em feiras a serem realizadas na Am\u00e9rica Latina, em Londres, em Las Vegas, em Xangai e em Barcelona, embora haja imprevisibilidades em decorr\u00eancia da pandemia. Est\u00e3o previstos ainda a ativa\u00e7\u00e3o de 15 mercados priorit\u00e1rios, eventos internacionais com jornalistas e influenciadores, abertura de unidades da Embratur em cada continente, al\u00e9m de a\u00e7\u00f5es de coopera\u00e7\u00e3o com a Espanha e a China.<\/p>\n\n\n\n<p>\u2014 O motivo de o Brasil n\u00e3o ser t\u00e3o competitivo \u00e9 a falta de recurso. A Embratur tem potencial enorme, mas fica limitada a recursos que ela possui para a promo\u00e7\u00e3o do Brasil no exterior. A briga l\u00e1 fora \u00e9 de cachorro grande. Temos que colocar o Brasil na prateleira que ele merece. O Brasil tem a bola da vez.<\/p>\n\n\n\n<p><strong>Governan\u00e7a<\/strong><br \/>Presidente da Empresa Potiguar de Promo\u00e7\u00f5es Tur\u00edsticas (Emprotur-RN), Bruno Reis disse que o desafio em turismo sempre vai ser a governan\u00e7a e o desenho de pol\u00edticas em que os interesses p\u00fablicos e privados tenham converg\u00eancia.<\/p>\n\n\n\n<p>\u2014 Uma grande interroga\u00e7\u00e3o \u00e9 como a gente vai se posicionar quanto \u00e0 oferta hoteleira. Sempre fomos considerados um mercado exportativo. A gente tem que organizar e mostrar os dados de forma organizada. Sinto falta de campanha de recall da marca da Embratur, se de fato ela se conecta com turistas, operadores, companhias a\u00e9reas. A promo\u00e7\u00e3o de um destino n\u00e3o se resume s\u00f3 a participa\u00e7\u00e3o em feiras. S\u00e3o essas ferramentas que t\u00eam que ser geridas para que a gente tenha penetra\u00e7\u00e3o nesses mercados de forma mais organizada \u2014 argumentou Reis.<\/p>\n\n\n\n<p>Superintendente do Macei\u00f3 Convention &amp; Visitors Bureau (MC&amp;VB), Danielle Govas Pimenta Novis cobrou a ado\u00e7\u00e3o de intelig\u00eancia comercial, al\u00e9m da mensura\u00e7\u00e3o dos resultados das m\u00e9tricas a atingir e mecanismos de inova\u00e7\u00e3o no setor de turismo.<\/p>\n\n\n\n<p>\u2014 Essa pandemia dar\u00e1 a condi\u00e7\u00e3o de o Brasil se reposicionar como destino tur\u00edstico. \u00c9 preciso trabalhar de forma integrada as regi\u00f5es, formatar produtos, oferecermos o Brasil ao turista estrangeiro com uma perman\u00eancia maior. H\u00e1 espa\u00e7o para trabalhar os roteiros dom\u00e9sticos, mas s\u00f3 vamos avan\u00e7ar com a vacina\u00e7\u00e3o. Estamos atrasados, h\u00e1 restri\u00e7\u00f5es. Mas por que o setor de turismo n\u00e3o foi contemplado no programa de imuniza\u00e7\u00e3o? Senti falta dessa estrat\u00e9gia. \u00c9 preciso adotar estrat\u00e9gias diferentes e atrativos comerciais \u2014 afirmou Danielle.<\/p>\n\n\n\n<p><strong>\u201cRenascimento\u201d<\/strong><br \/>Presidente da Uni\u00e3o Nacional de Conventions &amp; Visitors Bureaus e Entidades de Destinos (Unedestinos), Toni Sando de Oliveira disse que o setor de turismo viver\u00e1 seu melhor momento da hist\u00f3ria, pois, depois de tanto tempo confinadas em suas casas, as pessoas v\u00e3o querer viajar. Segundo ele, \u201cseremos todos tomados por um forte desejo de explorar e descobrir o mundo\u201d.<\/p>\n\n\n\n<p>\u2014 O turismo viver\u00e1 uma renascen\u00e7a ap\u00f3s a pandemia e seremos o setor que mais vai prosperar, porque somos uma ind\u00fastria toda baseada no contato humano. Entraremos em uma fase hist\u00f3rica, onde isso ser\u00e1 valioso e precioso. Nossa hospitalidade dar\u00e1 boas-vindas a todos, com nossa alegria e simpatia, t\u00edpicas do brasileiro. E o turismo vir\u00e1 com uma s\u00f3 voz: &#8216;Sejam todos bem-vindos ao novo mundo&#8217;. Assim que a pandemia acabar, estaremos presentes na vida das pessoas criando momentos inesquec\u00edveis. Por isso \u00e9 importante trabalharmos em uni\u00e3o para fazer a retomada rapidamente, sem voltar para o passado, dando um salto para o futuro. O ano que vem ser\u00e1 simb\u00f3lico. Ser\u00e3o os 100 anos da Semana de Arte Moderna de 1922 e haver\u00e1 o bicenten\u00e1rio da Independ\u00eancia do Brasil. Ser\u00e1 preciso viajar, para perto ou longe, sozinho ou em fam\u00edlia, para qualquer lugar \u2014 declarou Toni, ap\u00f3s tra\u00e7ar um paralelo entre a pandemia da covid-19 e o mundo que surgiu ap\u00f3s a gripe espanhola, em 1918.<\/p>\n\n\n\n<p>Ao comentar a fala de Toni Sando, Collor disse que a exposi\u00e7\u00e3o do representante da Unedestinos apontava para um futuro auspicioso no que diz respeito ao Brasil, ao contr\u00e1rio de previs\u00f5es menos otimistas de especialistas v\u00e1rios setores. Na avalia\u00e7\u00e3o do senador, o avan\u00e7o da imuniza\u00e7\u00e3o e a ado\u00e7\u00e3o de rigorosos protocolos de biosseguran\u00e7a ser\u00e3o condi\u00e7\u00f5es essenciais para a retomada do setor. Collor considera ainda que a recupera\u00e7\u00e3o da atividade tur\u00edstica avancar\u00e1 paralelamente ao recuo da pandemia, e, \u201cpara isso, s\u00f3 havendo vacina no bra\u00e7o, comida no prato e carteira assinada\u201d.<\/p>\n\n\n\n<p>\u2014 H\u00e1 previs\u00f5es, de quem prenunciava desastre econ\u00f4mico para o final deste ano, que j\u00e1 anunciam que teremos um crescimento que poder\u00e1 chegar a 5%; a infla\u00e7\u00e3o ficar\u00e1 dentro da meta estabelecida; teremos a maior receita do agroneg\u00f3cio da hist\u00f3ria; condi\u00e7\u00f5es de empregabilidade maior. N\u00f3s teremos condi\u00e7\u00f5es, sim, de pensar com otimismo, que nos deve contaminar, e n\u00e3o esse v\u00edrus, que nos deixa com pensamento pessimista com a perspectiva de um mundo mais ego\u00edsta e isolado. Estamos lidando com o imponder\u00e1vel, com o v\u00edrus e as variantes que amea\u00e7am chegar, e isso nos traz desassossego. Mas h\u00e1 possibilidade de trazer vacinas para todos e teremos condi\u00e7\u00f5es de sair, sim, do momento em que nos encontramos \u2014 disse Collor.<\/p>\n\n\n\n<p><strong>Internautas<\/strong><br \/>Antes do encerramento do debate, Collor leu as perguntas encaminhadas por internautas e dirigidas ao presidente da Embratur. O senador destacou que o debate desta segunda-feira (31) foi o que, at\u00e9 agora, registrou a maior participa\u00e7\u00e3o do p\u00fablico virtual, com mais de cem pessoas.<\/p>\n\n\n\n<p>S\u00f4nia Santana de S\u00e3o Paulo, por exemplo, questionou os mecanismos de controle e a a\u00e7\u00e3o para impedir turistas estrangeiros de entrar no Brasil sem triagem. Jeov\u00e1 Chagas, de Minas Gerais, indagou se o momento atual seria adequado \u00e0 retomada do turismo, diante do surgimento de novas variantes da covid-19. Em resposta aos internautas, Carlos Brito ressaltou que a vacina\u00e7\u00e3o \u00e9 a solu\u00e7\u00e3o para a retomada do turismo em todos os n\u00edveis.<\/p>\n\n\n\n<p>\u2014 Sa\u00fade e turismo andam juntos. N\u00f3s acreditamos que logo teremos a maior parte do pa\u00eds vacinada. Estamos vendo o n\u00famero crescer diariamente, e acreditamos no governo federal e no Minist\u00e9rio da Sa\u00fade, que est\u00e3o trabalhando diuturnamente para resolver os gargalos \u2014 respondeu o presidente da Embratur.<\/p>\n\n\n\n<p>O ciclo de debates sobre o turismo no p\u00f3s-pandemia,&nbsp;promovido pela CDR, ocorre \u00e0s segundas-feiras. A pr\u00f3xima audi\u00eancia p\u00fablica, a ser realizada em 7 de maio, ter\u00e1 como tema a participa\u00e7\u00e3o dos bares e restaurantes na retomada do turismo, e contar\u00e1 com a participa\u00e7\u00e3o de representantes desses setores.<\/p>\n\n\n\n<p>Ao todo, est\u00e3o previstos oito encontros \u2014 com o debate desta segunda, j\u00e1 foram realizados quatro. A abertura ocorreu em 10 de maio, com as mesas-redondas sobre &#8220;Os efeitos da pandemia sobre o setor de turismo no Brasil, cen\u00e1rio atual e perspectivas&#8221; e \u201cOs efeitos da pandemia sobre os segmentos de resorts e hot\u00e9is no Brasil: panorama atual, desafios e perspectivas&#8221;. O segundo debate ocorreu em 17 de maio e teve como tema &#8220;Os Efeitos da Pandemia sobre o Segmento de Eventos Corporativos: panorama atual, desafios e perspectivas&#8221;.&nbsp;Em 24 de maio foram debatidos os temas &#8220;Setor a\u00e9reo e turismo: cen\u00e1rio atual e desafios para o per\u00edodo p\u00f3s-pandemia&#8221; e &#8220;Segmento das operadoras, ag\u00eancias e navios de cruzeiros: cen\u00e1rio atual e desafios para o per\u00edodo p\u00f3s-pandemia\u201d.<\/p>\n\n\n\n<p><em>Fonte: Ag\u00eancia Senado<\/em><\/p>\n","protected":false},"excerpt":{"rendered":"<p>A retomada do turismo ocorrer\u00e1 somente ap\u00f3s a vacina\u00e7\u00e3o massiva da popula\u00e7\u00e3o, exigindo a ado\u00e7\u00e3o de novos protocolos de seguran\u00e7a em todo o setor e a redefini\u00e7\u00e3o da imagem do Brasil em rela\u00e7\u00e3o ao mercado externo, visto que o pa\u00eds n\u00e3o atrai nem 1% do fluxo mundial de turistas. Essa foi a avalia\u00e7\u00e3o dos especialistas que participaram de mais uma rodada do ciclo de debates sobre a retomada do turismo no p\u00f3s-pandemia, promovido pela Comiss\u00e3o de Desenvolvimento Regional e Turismo do Senado (CDR), presidida por Fernando Collor (Pros-AL), autor da iniciativa. A discuss\u00e3o nesta segunda-feira (31) teve como tema \u201cO Brasil na retomada do turismo internacional: estrat\u00e9gias para a amplia\u00e7\u00e3o de turistas estrangeiros no pa\u00eds&#8221;.<\/p>\n","protected":false},"author":12,"featured_media":12803,"comment_status":"open","ping_status":"open","sticky":false,"template":"","format":"standard","meta":{"footnotes":""},"categories":[1836],"tags":[3688,255,256,3689,3690,323,720,258,3691,321,3692,3693],"class_list":["post-12802","post","type-post","status-publish","format-standard","has-post-thumbnail","hentry","category-marketing-e-vendas","tag-ambiente-economico","tag-coronavirus","tag-covid-19","tag-embratur","tag-feiras-e-eventos","tag-pandemia","tag-retomada-economica","tag-turismo","tag-turismo-rural","tag-vacinacao","tag-viagens","tag-viagens-de-carro"],"_links":{"self":[{"href":"https:\/\/cndl.org.br\/varejosa\/wp-json\/wp\/v2\/posts\/12802","targetHints":{"allow":["GET"]}}],"collection":[{"href":"https:\/\/cndl.org.br\/varejosa\/wp-json\/wp\/v2\/posts"}],"about":[{"href":"https:\/\/cndl.org.br\/varejosa\/wp-json\/wp\/v2\/types\/post"}],"author":[{"embeddable":true,"href":"https:\/\/cndl.org.br\/varejosa\/wp-json\/wp\/v2\/users\/12"}],"replies":[{"embeddable":true,"href":"https:\/\/cndl.org.br\/varejosa\/wp-json\/wp\/v2\/comments?post=12802"}],"version-history":[{"count":0,"href":"https:\/\/cndl.org.br\/varejosa\/wp-json\/wp\/v2\/posts\/12802\/revisions"}],"wp:featuredmedia":[{"embeddable":true,"href":"https:\/\/cndl.org.br\/varejosa\/wp-json\/wp\/v2\/media\/12803"}],"wp:attachment":[{"href":"https:\/\/cndl.org.br\/varejosa\/wp-json\/wp\/v2\/media?parent=12802"}],"wp:term":[{"taxonomy":"category","embeddable":true,"href":"https:\/\/cndl.org.br\/varejosa\/wp-json\/wp\/v2\/categories?post=12802"},{"taxonomy":"post_tag","embeddable":true,"href":"https:\/\/cndl.org.br\/varejosa\/wp-json\/wp\/v2\/tags?post=12802"}],"curies":[{"name":"wp","href":"https:\/\/api.w.org\/{rel}","templated":true}]}}