{"id":13224,"date":"2021-07-20T10:43:05","date_gmt":"2021-07-20T13:43:05","guid":{"rendered":"https:\/\/cndl.org.br\/varejosa\/?p=13224"},"modified":"2024-02-04T17:17:31","modified_gmt":"2024-02-04T20:17:31","slug":"cdl-petrolina-entrega-alimentos-e-roupas-em-campanha-solidaria","status":"publish","type":"post","link":"https:\/\/cndl.org.br\/varejosa\/cdl-petrolina-entrega-alimentos-e-roupas-em-campanha-solidaria\/","title":{"rendered":"CDL Petrolina entrega alimentos e roupas em campanha solid\u00e1ria"},"content":{"rendered":"\n<p>Com intuito de ajudar quem mais precisa e consciente do seu papel social, a C\u00e2mara de Dirigentes Lojista (CDL) de Petrolina, realizou mais uma etapa da distribui\u00e7\u00e3o de cestas b\u00e1sicas e roupas nesta sexta-feira (16), dando continuidade \u00e0s a\u00e7\u00f5es da campanha \u201cAcredite! Sua empatia salva vidas&#8221;.<\/p>\n\n\n\n<p>A a\u00e7\u00e3o aconteceu na comunidade conhecida como \u201cLutadores da Esperan\u00e7a\u201d, no bairro Vila F\u00e1tima em Petrolina. Ao todo, 40 fam\u00edlias receberam cestas b\u00e1sicas, roupas, sapatos, cobertores, fraldas descart\u00e1veis, al\u00e9m de m\u00e1scaras de prote\u00e7\u00e3o facial, doadas por empres\u00e1rios, entidades como o Transforma Petrolina, Secretaria de Desenvolvimento Social e Direitos Humanos (Sedesdh) e a Par\u00f3quia Nossa Senhora Rainha dos Anjos.<\/p>\n\n\n\n<p>\u201cTem um ditado que diz: \u2018quem n\u00e3o vive para servir, n\u00e3o serve para viver\u2019. Sendo assim, a CDL continua contribuindo para o fortalecimento pol\u00edtico-econ\u00f4mico e social da nossa cidade. Agrade\u00e7o de cora\u00e7\u00e3o a todos que fizeram as suas doa\u00e7\u00f5es, pois tenho certeza que esses alimentos e todos os produtos que foram doados v\u00e3o ajudar bastante essas fam\u00edlias\u201d, disse o presidente da CDL de Petrolina, Manoel Vilmar.<\/p>\n\n\n\n<p>Para o representante da Par\u00f3quia Nossa Senhora Rainha dos Anjos, Jackson Rosendo, a solidariedade \u00e9 um conforto \u00e0queles que mais necessitam. \u201cQuero dizer que desde o in\u00edcio da pandemia existe uma mobiliza\u00e7\u00e3o muito grande do nosso bispo Dom Francisco e Padre Carlos da nossa Par\u00f3quia em arrecadar alimentos e roupas para ajudar os nossos irm\u00e3os mais necessitados. E essa jun\u00e7\u00e3o de for\u00e7as fortalece a nossa f\u00e9 e nos faz acreditar em dias melhores para todos. Parab\u00e9ns, a CDL por mais essa brilhante a\u00e7\u00e3o\u201d, comenta.<\/p>\n\n\n\n<p>J\u00e1 a Coordenadora do Transforma Petrolina, Lara Secchi Coelho, destaca a import\u00e2ncia de unir for\u00e7as para combater a vulnerabilidade social. \u201cO Transforma Petrolina vem realizando o papel de fortalecer as Iniciativas Sociais e termos a CDL realizando e incentivando a Iniciativa Privada a desenvolver trabalhos sociais \u00e9 imprescind\u00edvel para construirmos uma Petrolina ainda mais solid\u00e1ria\u201d, destaca.<\/p>\n\n\n\n<p><em>Fonte: CDL Petrolina<\/em><\/p>\n","protected":false},"excerpt":{"rendered":"<p>A a\u00e7\u00e3o aconteceu na comunidade \u201cLutadores da Esperan\u00e7a\u201d. Ao todo, 40 fam\u00edlias receberam cestas b\u00e1sicas, roupas, sapatos, cobertores e fraldas descart\u00e1veis, al\u00e9m de m\u00e1scaras de prote\u00e7\u00e3o facial.<\/p>\n","protected":false},"author":18,"featured_media":13225,"comment_status":"open","ping_status":"open","sticky":false,"template":"","format":"standard","meta":{"footnotes":""},"categories":[1371],"tags":[4600,2616,4596],"class_list":["post-13224","post","type-post","status-publish","format-standard","has-post-thumbnail","hentry","category-noticias-cndl","tag-campanha-solidaria","tag-cdl-petrolina-2","tag-solidariedade"],"_links":{"self":[{"href":"https:\/\/cndl.org.br\/varejosa\/wp-json\/wp\/v2\/posts\/13224","targetHints":{"allow":["GET"]}}],"collection":[{"href":"https:\/\/cndl.org.br\/varejosa\/wp-json\/wp\/v2\/posts"}],"about":[{"href":"https:\/\/cndl.org.br\/varejosa\/wp-json\/wp\/v2\/types\/post"}],"author":[{"embeddable":true,"href":"https:\/\/cndl.org.br\/varejosa\/wp-json\/wp\/v2\/users\/18"}],"replies":[{"embeddable":true,"href":"https:\/\/cndl.org.br\/varejosa\/wp-json\/wp\/v2\/comments?post=13224"}],"version-history":[{"count":0,"href":"https:\/\/cndl.org.br\/varejosa\/wp-json\/wp\/v2\/posts\/13224\/revisions"}],"wp:featuredmedia":[{"embeddable":true,"href":"https:\/\/cndl.org.br\/varejosa\/wp-json\/wp\/v2\/media\/13225"}],"wp:attachment":[{"href":"https:\/\/cndl.org.br\/varejosa\/wp-json\/wp\/v2\/media?parent=13224"}],"wp:term":[{"taxonomy":"category","embeddable":true,"href":"https:\/\/cndl.org.br\/varejosa\/wp-json\/wp\/v2\/categories?post=13224"},{"taxonomy":"post_tag","embeddable":true,"href":"https:\/\/cndl.org.br\/varejosa\/wp-json\/wp\/v2\/tags?post=13224"}],"curies":[{"name":"wp","href":"https:\/\/api.w.org\/{rel}","templated":true}]}}