{"id":13291,"date":"2021-07-29T09:49:03","date_gmt":"2021-07-29T12:49:03","guid":{"rendered":"https:\/\/cndl.org.br\/varejosa\/?p=13291"},"modified":"2024-02-04T17:17:31","modified_gmt":"2024-02-04T20:17:31","slug":"cdl-santa-cruz-do-capibaribe-cria-coworking-tecnologico","status":"publish","type":"post","link":"https:\/\/cndl.org.br\/varejosa\/cdl-santa-cruz-do-capibaribe-cria-coworking-tecnologico\/","title":{"rendered":"CDL Santa Cruz do Capibaribe cria coworking tecnol\u00f3gico"},"content":{"rendered":"\n<p>Que a internet est\u00e1 cada vez mais presente nas empresas brasileiras, todo mundo j\u00e1 sabe. O grande desafio mesmo \u00e9 estimular e manter a cultura digital nos mais variados pontos do Pa\u00eds. No agreste pernambucano, a CDL Santa Cruz do Capibaribe (CDL SCC) criou o O\u00e1sis, um espa\u00e7o totalmente voltado para a tecnologia empreendedora na regi\u00e3o.<\/p>\n\n\n\n<p>Para o presidente da Federa\u00e7\u00e3o de C\u00e2maras de Dirigentes Lojistas (FCDL-PE), Eduardo Cat\u00e3o, que visitou o local nesta ter\u00e7a (28), a ideia do presidente da CDL SCC, Bruno Bezerra, \u00e9 uma iniciativa que veio para agregar ainda mais valor ao movimento lojista, principalmente para o micro e pequeno empreendedor. \u201cQuem n\u00e3o se integrar ao mundo digital nos tempos de hoje e principalmente no futuro, vai acabar ficando para tr\u00e1s. Ent\u00e3o, promover e enaltecer o universo online em favor dos associados \u00e9 muito importante para o crescimento das empresas\u201d, afirma.<\/p>\n\n\n\n<p>A visita tamb\u00e9m contou com o diretor executivo Cel Eduardo Oliveira, o gerente de projetos e inova\u00e7\u00e3o Rhuan Torres e o diretor financeiro Marcos Sarmento, do staff da FCDL-PE. Por parte da CDL, no tour guiado pela entidade, compareceram o conselheiro consultivo Isac Arag\u00e3o, o tesoureiro Valdir Oliveira e o diretor de servi\u00e7os e produtos F\u00e1bio Lopes.<\/p>\n\n\n\n<p>Segundo o presidente Bruno, da CDL SCC, \u00e9 de uma enorme relev\u00e2ncia receber a Federa\u00e7\u00e3o presencialmente. \u201cA FCDL-PE \u00e9 o hub de uma poderosa rede formada pelas CDLs. Por isso, \u00e9 sempre muito importante a sua presen\u00e7a, promovendo uma troca de conhecimento que permite melhorar a din\u00e2mica de funcionamento da rede como um todo e de cada CDL de maneira individual\u201d, define.<\/p>\n\n\n\n<p>Na ocasi\u00e3o, a equipe federativa p\u00f4de ficar por dentro de todos os detalhes que fazem do espa\u00e7o \u201cUm verdadeiro O\u00e1sis da tecnologia no agreste\u201d, como bem definiu o presidente Cat\u00e3o. Ideal para trabalhar unindo o conforto \u00e0 criatividade, o ambiente \u00e9 perfeito para receber clientes das empresas cedelistas. Sofisticado, o empreendimento proporciona uma experi\u00eancia \u00fanica aos adeptos, com design moderno, \u00e1reas climatizadas e equipamentos dispon\u00edveis para reuni\u00f5es, aulas, apresenta\u00e7\u00f5es e projetos colaborativos em geral.<\/p>\n\n\n\n<p>Ali\u00e1s, como muito da economia da cidade \u00e9 voltada para o ramo da moda, repleta de polos de confec\u00e7\u00f5es de roupas e tecidos em geral, o O\u00e1sis lan\u00e7ou uma oficina de Fotografia de Moda com o Celular. O curso conta com um est\u00fadio arrojado e foi criado justamente para apoiar e incentivar os lojistas na divulga\u00e7\u00e3o em massa de suas marcas. J\u00e1 em sua terceira edi\u00e7\u00e3o, os alunos que est\u00e3o pondo o aprendizado em pr\u00e1tica, est\u00e3o ultrapassando as fronteiras da m\u00eddia offline, realizando uma divulga\u00e7\u00e3o mais persuasiva com fotos profissionais na m\u00eddia online.\u2800<\/p>\n\n\n\n<p>O presidente Bruno, \u00e0 frente do projeto, revela que o principal desafio encontrado \u00e9 ter a clareza do contexto de mercado. \u201cPrecisamos tornar a CDL cada vez mais relevante para as empresas. Para isso, temos de conhecer e entender as particularidades e potencialidades de cada lugar; estudar as possibilidades e oportunidades do ambiente de neg\u00f3cios, e transformar as aspira\u00e7\u00f5es em capacidade de execu\u00e7\u00e3o com uma pauta inovadora capaz de entregar valor nesse contexto\u201d.<\/p>\n\n\n\n<p>Ainda segundo o gestor da CDL SCC, os objetivos e metas estabelecidos foram bem definidos desde a proje\u00e7\u00e3o do O\u00e1sis, o que foi determinante para a execu\u00e7\u00e3o do planejamento. \u201cNo m\u00e9dio e longo prazo, precisamos fazer do O\u00e1sis um local bem frequentado pelas melhores e mais criativas mentes para que possamos conectar essas pessoas e, a partir dessa conex\u00e3o, promover a gera\u00e7\u00e3o de neg\u00f3cios\u201d, explica.<\/p>\n\n\n\n<p><em>Fonte: FCDL PE<\/em><\/p>\n","protected":false},"excerpt":{"rendered":"<p>No agreste pernambucano, a CDL Santa Cruz do Capibaribe (CDL SCC) criou o O\u00e1sis, um espa\u00e7o totalmente voltado para a tecnologia empreendedora na regi\u00e3o.<\/p>\n","protected":false},"author":15,"featured_media":13292,"comment_status":"open","ping_status":"open","sticky":false,"template":"","format":"standard","meta":{"footnotes":""},"categories":[1371],"tags":[4703,259,2665,574],"class_list":["post-13291","post","type-post","status-publish","format-standard","has-post-thumbnail","hentry","category-noticias-cndl","tag-cdl-santa-cruz-do-capibaribe","tag-coworking","tag-fcdl-pe","tag-tecnologia"],"_links":{"self":[{"href":"https:\/\/cndl.org.br\/varejosa\/wp-json\/wp\/v2\/posts\/13291","targetHints":{"allow":["GET"]}}],"collection":[{"href":"https:\/\/cndl.org.br\/varejosa\/wp-json\/wp\/v2\/posts"}],"about":[{"href":"https:\/\/cndl.org.br\/varejosa\/wp-json\/wp\/v2\/types\/post"}],"author":[{"embeddable":true,"href":"https:\/\/cndl.org.br\/varejosa\/wp-json\/wp\/v2\/users\/15"}],"replies":[{"embeddable":true,"href":"https:\/\/cndl.org.br\/varejosa\/wp-json\/wp\/v2\/comments?post=13291"}],"version-history":[{"count":0,"href":"https:\/\/cndl.org.br\/varejosa\/wp-json\/wp\/v2\/posts\/13291\/revisions"}],"wp:featuredmedia":[{"embeddable":true,"href":"https:\/\/cndl.org.br\/varejosa\/wp-json\/wp\/v2\/media\/13292"}],"wp:attachment":[{"href":"https:\/\/cndl.org.br\/varejosa\/wp-json\/wp\/v2\/media?parent=13291"}],"wp:term":[{"taxonomy":"category","embeddable":true,"href":"https:\/\/cndl.org.br\/varejosa\/wp-json\/wp\/v2\/categories?post=13291"},{"taxonomy":"post_tag","embeddable":true,"href":"https:\/\/cndl.org.br\/varejosa\/wp-json\/wp\/v2\/tags?post=13291"}],"curies":[{"name":"wp","href":"https:\/\/api.w.org\/{rel}","templated":true}]}}