{"id":13341,"date":"2021-08-05T08:58:43","date_gmt":"2021-08-05T11:58:43","guid":{"rendered":"https:\/\/cndl.org.br\/varejosasa\/?p=13341"},"modified":"2024-01-18T15:00:40","modified_gmt":"2024-01-18T18:00:40","slug":"indicador-de-emprego-da-fgv-atinge-maior-nivel-desde-fevereiro-de-2020","status":"publish","type":"post","link":"https:\/\/cndl.org.br\/varejosa\/indicador-de-emprego-da-fgv-atinge-maior-nivel-desde-fevereiro-de-2020\/","title":{"rendered":"Indicador de Emprego da FGV atinge maior n\u00edvel desde fevereiro de 2020"},"content":{"rendered":"\n<p>O Indicador Antecedente de Emprego (Iaemp), calculado pela Funda\u00e7\u00e3o Getulio Vargas (FGV), subiu 1,6 ponto de junho para julho e atingiu 89,2 pontos. Esse \u00e9 o maior n\u00edvel desde fevereiro de 2020 (92 pontos), per\u00edodo anterior \u00e0s medidas de isolamento adotadas para lidar com a pandemia de covid-19 no pa\u00eds.<\/p>\n\n\n\n<p>O indicador \u00e9 calculado com base em entrevistas com consumidores e com empres\u00e1rios da ind\u00fastria e dos servi\u00e7os e busca antecipar tend\u00eancias do mercado de trabalho.<\/p>\n\n\n\n<p>\u201cO resultado positivo sugere que a melhora nos n\u00fameros da pandemia e a redu\u00e7\u00e3o das medidas restritivas podem estar impulsionando a retomada do mercado de trabalho. Al\u00e9m disso, tamb\u00e9m h\u00e1 uma expectativa mais favor\u00e1vel em servi\u00e7os, setor que emprega muito, com a maior circula\u00e7\u00e3o de pessoas. Mas \u00e9 importante ressaltar que ainda existe um espa\u00e7o para recupera\u00e7\u00e3o e que at\u00e9 mesmo o n\u00edvel pr\u00e9-pandemia ainda retratava um cen\u00e1rio desafiador no mercado de trabalho\u201d, afirma o economista da FGV Rodolpho Tobler.<\/p>\n\n\n\n<p>Dos sete componentes do Iaemp, cinco contribu\u00edram para a alta de junho para julho, com destaque para o que mede a situa\u00e7\u00e3o corrente dos neg\u00f3cios do setor de servi\u00e7os, que cresceu 10,2 pontos no per\u00edodo.<\/p>\n","protected":false},"excerpt":{"rendered":"<p>O Indicador Antecedente de Emprego (Iaemp), calculado pela Funda\u00e7\u00e3o Getulio Vargas (FGV), subiu 1,6 ponto de junho para julho e atingiu 89,2 pontos. <\/p>\n","protected":false},"author":9,"featured_media":13342,"comment_status":"open","ping_status":"open","sticky":false,"template":"","format":"standard","meta":{"footnotes":""},"categories":[26],"tags":[341,302,600],"class_list":["post-13341","post","type-post","status-publish","format-standard","has-post-thumbnail","hentry","category-negocios-e-economia","tag-economia","tag-emprego","tag-retomada-do-mercado"],"_links":{"self":[{"href":"https:\/\/cndl.org.br\/varejosa\/wp-json\/wp\/v2\/posts\/13341","targetHints":{"allow":["GET"]}}],"collection":[{"href":"https:\/\/cndl.org.br\/varejosa\/wp-json\/wp\/v2\/posts"}],"about":[{"href":"https:\/\/cndl.org.br\/varejosa\/wp-json\/wp\/v2\/types\/post"}],"author":[{"embeddable":true,"href":"https:\/\/cndl.org.br\/varejosa\/wp-json\/wp\/v2\/users\/9"}],"replies":[{"embeddable":true,"href":"https:\/\/cndl.org.br\/varejosa\/wp-json\/wp\/v2\/comments?post=13341"}],"version-history":[{"count":0,"href":"https:\/\/cndl.org.br\/varejosa\/wp-json\/wp\/v2\/posts\/13341\/revisions"}],"wp:featuredmedia":[{"embeddable":true,"href":"https:\/\/cndl.org.br\/varejosa\/wp-json\/wp\/v2\/media\/13342"}],"wp:attachment":[{"href":"https:\/\/cndl.org.br\/varejosa\/wp-json\/wp\/v2\/media?parent=13341"}],"wp:term":[{"taxonomy":"category","embeddable":true,"href":"https:\/\/cndl.org.br\/varejosa\/wp-json\/wp\/v2\/categories?post=13341"},{"taxonomy":"post_tag","embeddable":true,"href":"https:\/\/cndl.org.br\/varejosa\/wp-json\/wp\/v2\/tags?post=13341"}],"curies":[{"name":"wp","href":"https:\/\/api.w.org\/{rel}","templated":true}]}}