{"id":13380,"date":"2021-08-10T15:37:09","date_gmt":"2021-08-10T18:37:09","guid":{"rendered":"https:\/\/cndl.org.br\/varejosa\/?p=13380"},"modified":"2026-01-29T10:40:02","modified_gmt":"2026-01-29T13:40:02","slug":"cndl-prestigia-a-abad-na-40a-convencao-anual-do-canal-indireto","status":"publish","type":"post","link":"https:\/\/cndl.org.br\/varejosa\/cndl-prestigia-a-abad-na-40a-convencao-anual-do-canal-indireto\/","title":{"rendered":"CNDL prestigia a ABAD na 40\u00aa Conven\u00e7\u00e3o Anual do Canal Indireto"},"content":{"rendered":"\n<div class=\"wp-block-image\"><figure class=\"alignleft size-large is-resized\"><img loading=\"lazy\" decoding=\"async\" src=\"https:\/\/cndl.org.br\/varejosa\/wp-content\/uploads\/2021\/08\/WhatsApp-Image-2021-08-09-at-20.39.12.jpeg\" alt=\"\" class=\"wp-image-13382\" width=\"327\" height=\"436\" srcset=\"https:\/\/cndl.org.br\/varejosa\/wp-content\/uploads\/2021\/08\/WhatsApp-Image-2021-08-09-at-20.39.12.jpeg 768w, https:\/\/cndl.org.br\/varejosa\/wp-content\/uploads\/2021\/08\/WhatsApp-Image-2021-08-09-at-20.39.12-225x300.jpeg 225w\" sizes=\"auto, (max-width: 327px) 100vw, 327px\" \/><\/figure><\/div>\n\n\n\n<p>O presidente da Confedera\u00e7\u00e3o Nacional de Dirigentes Lojistas (CNDL) e da Uni\u00e3o Nacional de Entidades de Com\u00e9rcio e Servi\u00e7os (UNECS), Jos\u00e9 C\u00e9sar da Costa, participou na noite de ontem (9) da 40\u00aa Conven\u00e7\u00e3o Anual do Canal Indireto, realizada pela Associa\u00e7\u00e3o Brasileira de Atacadistas e Distribuidores (ABAD), em Atibaia-SP.<\/p>\n\n\n\n<p>Em sua fala, Costa destacou a atua\u00e7\u00e3o da Frente Parlamentar do Com\u00e9rcio, Servi\u00e7os e Empreendedorismo (FCS), que com o apoio da UNECS, tem sido fundamental na aprova\u00e7\u00e3o de medidas de socorro e est\u00edmulo ao setor produtivo. Tratou ainda dos projetos de lei que visam a melhoria do ambiente de neg\u00f3cios no pa\u00eds e das reformas em tramita\u00e7\u00e3o no Congresso Nacional, que disp\u00f5e sobre quest\u00f5es sens\u00edveis para o empreendedorismo brasileiro, sobretudo no p\u00f3s-pandemia.<\/p>\n\n\n\n<p>\u201cA t\u00e3o sonhada Reforma Tribut\u00e1ria \u2013 da qual as entidades da UNECS t\u00eam participado ativamente, inclusive se posicionando \u2013 n\u00e3o pode ser fatiada, precisa ser definitiva. Tem que trazer efeitos efetivos\u201d, afirmou Jos\u00e9 C\u00e9sar da Costa.<\/p>\n\n\n\n<p><strong>40\u00aa Conven\u00e7\u00e3o<\/strong><br>O presidente da ABAD, Leonardo Miguel Severini, conduziu a abertura do evento, que reuniu cerca de 400 altos executivos do atacado distribuidor do Brasil, al\u00e9m de representantes de grandes ind\u00fastrias fornecedoras e parceiros do setor, incluindo os presidentes das 27 Filiadas Estaduais da entidade.<\/p>\n\n\n\n<p>A abertura da Conven\u00e7\u00e3o, que marcou tamb\u00e9m os 40 anos da ABAD, contou com a participa\u00e7\u00e3o do Secret\u00e1rio de Desenvolvimento da Ind\u00fastria, Com\u00e9rcio, Servi\u00e7os e Inova\u00e7\u00e3o, Jorge Lima; do presidente da FCS, deputado Efraim Filho (DEM-PB); e dos deputados federais Da Vit\u00f3ria (Cidadania-ES), Lucas Gonzales (NOVO-MG), Darci de Matos (PSD\/SC) e da deputada Paula Belmonte (Cidadania \/DF), entre outras autoridades. O ministro do Desenvolvimento Regional, Rog\u00e9rio Marinho, enviou mensagem aos presentes por videoconfer\u00eancia.<\/p>\n\n\n\n<p>Um dos pontos altos da abertura da 40\u00aa Conven\u00e7\u00e3o Anual do Canal Indireto, o painel pol\u00edtico reuniu atacadistas distribuidores e parlamentares pr\u00f3ximos do setor, integrantes da FCS, para debater aspectos da reforma tribut\u00e1ria em curso no pa\u00eds.<\/p>\n\n\n\n<p>Participaram do debate o presidente da ABAD; o assessor jur\u00eddico e coordenador do Comit\u00ea Agenda Pol\u00edtica da ABAD, Alessandro Dessimoni, que foi tamb\u00e9m o mediador do painel; o vice-presidente da ABAD, Juliano Faria Souto; e os deputados Efraim Filho, Paula Belmonte, Da Vit\u00f3ria, Darci de Matos, Gutemberg Reis (MDB\/RJ) e Lucas Gonz\u00e1lez (NOVO\/MG).<\/p>\n\n\n\n<div class=\"wp-block-image\"><figure class=\"aligncenter size-large\"><img loading=\"lazy\" decoding=\"async\" width=\"1024\" height=\"768\" src=\"https:\/\/cndl.org.br\/varejosa\/wp-content\/uploads\/2021\/08\/WhatsApp-Image-2021-08-09-at-22.07.54-1.jpeg\" alt=\"\" class=\"wp-image-13384\" srcset=\"https:\/\/cndl.org.br\/varejosa\/wp-content\/uploads\/2021\/08\/WhatsApp-Image-2021-08-09-at-22.07.54-1.jpeg 1024w, https:\/\/cndl.org.br\/varejosa\/wp-content\/uploads\/2021\/08\/WhatsApp-Image-2021-08-09-at-22.07.54-1-300x225.jpeg 300w, https:\/\/cndl.org.br\/varejosa\/wp-content\/uploads\/2021\/08\/WhatsApp-Image-2021-08-09-at-22.07.54-1-768x576.jpeg 768w\" sizes=\"auto, (max-width: 1024px) 100vw, 1024px\" \/><figcaption><em>Participantes do painel pol\u00edtico<\/em><\/figcaption><\/figure><\/div>\n\n\n\n<p><strong>Est\u00edmulo ao empreendedorismo<\/strong><br>Efraim Filho ressaltou a parceria da FCS com a ABAD e a UNECS, que segundo ele resgata o protagonismo dos setores de com\u00e9rcio e servi\u00e7os, os que mais empregam e mais pagam impostos, nas grandes decis\u00f5es do pa\u00eds. Ressaltou tamb\u00e9m os desafios da Reforma Tribut\u00e1ria.<\/p>\n\n\n\n<p>\u201cO Congresso \u00e9 uma casa de debates. E apesar dos desafios da Reforma Rribut\u00e1ria, \u00e9 poss\u00edvel avan\u00e7ar, com a contribui\u00e7\u00e3o do setor privado. N\u00e3o \u00e9 necess\u00e1rio ater-se \u00e0quilo que vem do executivo, \u00e9 preciso buscar melhorar as propostas e encontrar alternativas que sejam boas para o Brasil e para o setor produtivo e n\u00e3o apenas para o governo. \u00c9 preciso valorizar quem produz\u201d, declarou Efraim Filho.<\/p>\n\n\n\n<p>Paula Belmonte, relatora do PLP 05\/2021 na Comiss\u00e3o de Constitui\u00e7\u00e3o e Justi\u00e7a (CCJ) da C\u00e2mara, prometeu apresentar o relat\u00f3rio do projeto de lei nos pr\u00f3ximos dias e tamb\u00e9m enfatizou a import\u00e2ncia do envolvimento do empresariado na pol\u00edtica, visando transpar\u00eancia e inclus\u00e3o. Da Vit\u00f3ria, relator do PLP 05\/2021 na Comiss\u00e3o de Finan\u00e7as e Tributa\u00e7\u00e3o, frisou a import\u00e2ncia do associativismo e de as entidades estarem unidas e pr\u00f3ximas do Executivo e, principalmente, do Congresso. Falou, ainda, da urg\u00eancia da reforma tribut\u00e1ria, que talvez n\u00e3o seja a ideal, mas dar\u00e1 condi\u00e7\u00f5es para o Brasil avan\u00e7ar.<\/p>\n\n\n\n<p>Darci de Matos \u00e9 vice-presidente da CCJ e relator reforma administrativa. Ele mostrou-se otimista com o Brasil. \u201cJ\u00e1 avan\u00e7amos muito nas reformas e privatiza\u00e7\u00f5es. Este ano j\u00e1 votamos a autonomia do Banco Central, a lei do g\u00e1s, do saneamento b\u00e1sico, a PEC emergencial para garantir o equil\u00edbrio fiscal do pa\u00eds, a lei de licenciamento ambiental, e estamos buscando uma reforma tribut\u00e1ria se paute pela simplifica\u00e7\u00e3o, transpar\u00eancia e justi\u00e7a, para n\u00e3o penalizar o setor produtivo. A reforma administrativa est\u00e1 em curso e ser\u00e1 aprovada ainda neste ano, desengessando o poder p\u00fablico.\u201d<\/p>\n\n\n\n<p>Lucas Gonz\u00e1lez falou sobre o projeto sobre o menor aprendiz: \u201c28% dos nossos mais de 50 milh\u00f5es de jovens est\u00e3o desempregados e sem perspectiva profissional. Ent\u00e3o encontrar uma forma de inserir o jovem no mercado de trabalho \u00e9 fundamental, da\u00ed nossos esfor\u00e7os em modernizar a lei do est\u00e1gio, a lei do menor aprendiz, para permitir essa inser\u00e7\u00e3o o quanto antes.\u201d<\/p>\n\n\n\n<p>Gutemberg Reis refor\u00e7ou que o Congresso est\u00e1 de portas abertas para a ind\u00fastria, o com\u00e9rcio, o atacado distribuidor, que s\u00e3o os segmentos que produzem a riqueza do pa\u00eds. \u201cN\u00e3o tem outra forma de combater desigualdade, fazer justi\u00e7a social e melhorar a vida das pessoas que n\u00e3o seja atrav\u00e9s da gera\u00e7\u00e3o de emprego e renda. Um Brasil forte e pr\u00f3spero \u00e9 um Brasil que gera riqueza.\u201d<\/p>\n\n\n\n<p><em>Com informa\u00e7\u00f5es da ABAD.<\/em><\/p>\n","protected":false},"excerpt":{"rendered":"<p>Em sua fala, Costa tratou dos projetos de lei que visam a melhoria do ambiente de neg\u00f3cios no pa\u00eds e das reformas em tramita\u00e7\u00e3o no Congresso Nacional, que disp\u00f5e sobre quest\u00f5es sens\u00edveis para o empreendedorismo brasileiro, sobretudo no p\u00f3s-pandemia.<\/p>\n","protected":false},"author":4,"featured_media":13381,"comment_status":"open","ping_status":"open","sticky":false,"template":"","format":"standard","meta":{"footnotes":""},"categories":[5891],"tags":[4422,397,1060,399,317,4423,1107],"class_list":["post-13380","post","type-post","status-publish","format-standard","has-post-thumbnail","hentry","category-empreendedorismo","tag-40a-convencao-anual-do-canal-indireto","tag-abad","tag-ambiente-de-negocios","tag-atacado-distribuidor","tag-empreendedorismo","tag-estimulo-ao-empreendedorismo","tag-unecs"],"_links":{"self":[{"href":"https:\/\/cndl.org.br\/varejosa\/wp-json\/wp\/v2\/posts\/13380","targetHints":{"allow":["GET"]}}],"collection":[{"href":"https:\/\/cndl.org.br\/varejosa\/wp-json\/wp\/v2\/posts"}],"about":[{"href":"https:\/\/cndl.org.br\/varejosa\/wp-json\/wp\/v2\/types\/post"}],"author":[{"embeddable":true,"href":"https:\/\/cndl.org.br\/varejosa\/wp-json\/wp\/v2\/users\/4"}],"replies":[{"embeddable":true,"href":"https:\/\/cndl.org.br\/varejosa\/wp-json\/wp\/v2\/comments?post=13380"}],"version-history":[{"count":0,"href":"https:\/\/cndl.org.br\/varejosa\/wp-json\/wp\/v2\/posts\/13380\/revisions"}],"wp:featuredmedia":[{"embeddable":true,"href":"https:\/\/cndl.org.br\/varejosa\/wp-json\/wp\/v2\/media\/13381"}],"wp:attachment":[{"href":"https:\/\/cndl.org.br\/varejosa\/wp-json\/wp\/v2\/media?parent=13380"}],"wp:term":[{"taxonomy":"category","embeddable":true,"href":"https:\/\/cndl.org.br\/varejosa\/wp-json\/wp\/v2\/categories?post=13380"},{"taxonomy":"post_tag","embeddable":true,"href":"https:\/\/cndl.org.br\/varejosa\/wp-json\/wp\/v2\/tags?post=13380"}],"curies":[{"name":"wp","href":"https:\/\/api.w.org\/{rel}","templated":true}]}}