{"id":13405,"date":"2021-08-12T18:22:41","date_gmt":"2021-08-12T21:22:41","guid":{"rendered":"https:\/\/cndl.org.br\/varejosa\/?p=13405"},"modified":"2024-02-04T17:17:31","modified_gmt":"2024-02-04T20:17:31","slug":"cdl-agrestina-agente-local-de-desenvolvimento","status":"publish","type":"post","link":"https:\/\/cndl.org.br\/varejosa\/cdl-agrestina-agente-local-de-desenvolvimento\/","title":{"rendered":"CDL Agrestina: agente local de desenvolvimento"},"content":{"rendered":"\n<p class=\"has-text-align-center\"><em>No CDL em Todo Lugar desta quinta-feira (12), voc\u00ea conhece o trabalho da equipe da CDL Agrestina, que trabalha para modernizar a economia da cidade pernambucana conhecida por suas tradi\u00e7\u00f5es seculares<\/em><\/p>\n\n\n\n<p>Agente local de desenvolvimento \u00e9 assim que a equipe da C\u00e2mara de Dirigentes Lojistas (CDL) de Agrestina, cidade do interior de Pernambuco, define o seu trabalho e sua miss\u00e3o. H\u00e1 22 anos, o desafio da CDL tem sido modernizar a economia do pacato munic\u00edpio, que tem cerca de 25 mil habitantes, segundo proje\u00e7\u00f5es do Instituto Brasileiro de Geografia e Estat\u00edsticas (IBGE) para 2020.<\/p>\n\n\n\n<p>\u201cA CDL tem como papel principal o fortalecimento do empreendedorismo local, mas tamb\u00e9m trabalhamos para beneficiar toda a comunidade. Somos agentes locais de desenvolvimento\u201d, afirma a executiva da entidade, Hort\u00eancia Ben\u00edcio, que atua no movimento cedelista deste 2016.<\/p>\n\n\n\n<p>Localizada a aproximadamente 150 km de Recife, capital pernambucana, e a 25 km de Caruaru, quarta cidade pernambucana em termos de popula\u00e7\u00e3o, Agrestina come\u00e7ou a ser povoada no s\u00e9culo 19 por sertanejos que fugiam de um Sert\u00e3o devastado pela seca. Hoje, a cidade ainda \u00e9 conhecida por suas tradi\u00e7\u00f5es, como a produ\u00e7\u00e3o de chocalhos, usados nos rebanhos; e de alfenim, um doce de tabuleiro do tempo do Imp\u00e9rio. A popula\u00e7\u00e3o local mais velha ainda dan\u00e7a a mazuca, passos de dan\u00e7a que surgiram na \u00e9poca dos escravos, dentro das senzalas.<\/p>\n\n\n\n<p>\u201cFazemos um trabalho importante de conscientizar os empreendedores locais sobre a import\u00e2ncia de se modernizar. Neste sentido, realizamos capacita\u00e7\u00f5es, campanhas educativas e promocionais e temos incentivado e apoiado o com\u00e9rcio a entrar no mundo digital\u201d, conta o presidente da CDL Agrestina, Amaro Menezes, que tem um escrit\u00f3rio de Contabilidade na cidade.<\/p>\n\n\n\n<p>Assim como no resto do mundo, o com\u00e9rcio eletr\u00f4nico foi a sa\u00edda para os lojistas de Agrestina enfrentarem o per\u00edodo mais duro da pandemia na regi\u00e3o. Com as lojas fechadas, a CDL passou a auxiliar os seus 70 associados a vender pela internet, sobretudo pelas redes sociais. A iniciativa deu t\u00e3o certo, que a entidade comemora o fato de nenhum de seus membros terem fechados as portas neste per\u00edodo de dificuldade.<\/p>\n\n\n\n<p>\u201cFazemos um acompanhamento mais pr\u00f3ximo e diferenciado do nosso associado. Estamos sempre presentes oferecendo o apoio que as empresas precisam para alavancar o neg\u00f3cio, especialmente, quando est\u00e1 iniciando ou lan\u00e7ando um produto ou servi\u00e7o\u201d, destaca Hort\u00eancia Ben\u00edcio, que acrescenta: \u201cestamos sempre perguntando aos associados o que eles precisam e de que forma podemos ajud\u00e1-los. As nossas vistas nunca s\u00e3o em v\u00e3o, estamos sempre levando algo novo para as empresas, agregando valor\u201d.<\/p>\n\n\n\n<p>Al\u00e9m dos produtos e servi\u00e7os de prote\u00e7\u00e3o ao cr\u00e9dito do SPC Brasil, os associados podem utilizar as salas de reuni\u00e3o da sede da CDL Agrestina, que fica no centro da cidade; participar de campanha promocionais e de datas comemorativas; contratar servi\u00e7os de internet; e se inscrever nas qualifica\u00e7\u00f5es.<\/p>\n\n\n\n<p><strong>Agente de desenvolvimento<\/strong><br \/>No campo do Relacionamento Institucional e Governamental, a CDL Agrestina tem atuado junto ao poder p\u00fablico, em busca de criar um bom ambiente de neg\u00f3cio para a cidade e o desenvolvimento socioecon\u00f4mico da regi\u00e3o. Por isso, tem participado das a\u00e7\u00f5es de combate \u00e0 viol\u00eancia dom\u00e9stica e contra a mulher; colaborou com o comit\u00ea de enfrentamento \u00e0 Covid-19; e com a melhoria da seguran\u00e7a municipal, contribuindo com a instala\u00e7\u00e3o de c\u00e2maras de seguran\u00e7a pela cidade e do sistema de monitoramento, o que reduziu em 80% as a\u00e7\u00f5es criminosas contra o com\u00e9rcio.<\/p>\n\n\n\n<p>\u201cH\u00e1 aqueles que n\u00e3o compreendem e nos criticam por manter o di\u00e1logo com os poderes p\u00fablicos, mas este relacionamento \u00e9 essencial para o fortalecimento do empreendedorismo local. Estamos constantemente defendendo os interesses dos varejistas\u201d, avalia o presidente da CDL Agrestina.<\/p>\n\n\n\n<p>H\u00e1 tr\u00eas anos, a entidade \u00e9 respons\u00e1vel pelo Vitrine Junina, por meio do qual promove a\u00e7\u00f5es para atrair consumidores para o varejo. Al\u00e9m da decora\u00e7\u00e3o, que celebra a cultura sertaneja, s\u00e3o realizados sorteios de pr\u00eamios para os lojistas e consumidores; e a\u00e7\u00f5es de divulga\u00e7\u00e3o nas r\u00e1dios e sites e at\u00e9 pelas ruas, com carros de som. Em setembro, durante as festividades do padroeiro, Santo Ant\u00f4nio, a CDL tamb\u00e9m realiza a\u00e7\u00f5es para aumentar as vendas.<\/p>\n\n\n\n<p>No campo econ\u00f4mico, as confec\u00e7\u00f5es de moda evang\u00e9lica t\u00eam se destacado em Agrestina. A cidade tamb\u00e9m come\u00e7a a receber f\u00e1bricas que est\u00e3o migrando de Caruaru para l\u00e1. O governo local tem investido em energia solar, instalando placas fotovoltaicas onde ser\u00e1 o polo industrial.<\/p>\n\n\n\n<p>Com a novidade, a CDL Agrestina se prepara para fomentar novos neg\u00f3cios e atender a demanda. Trabalha junto com a Federa\u00e7\u00e3o das C\u00e2maras de Dirigentes Lojistas de Pernambuco (FCDL-PE), para profissionalizar cada vez mais seus produtos e servi\u00e7os. Neste sentido, aderiu ao Plano de Desenvolvimento das CDLs (PDC), realizado pela FCDL-PE, por meio do qual vai mapear os pontos fracos e tra\u00e7ar estrat\u00e9gias para se fortalecer.<\/p>\n\n\n\n<p>\u201cAgrestina tem um potencial enorme de crescimento socioecon\u00f4mico. A sua localiza\u00e7\u00e3o \u00e9 uma quest\u00e3o estrat\u00e9gica, pois conecta v\u00e1rios munic\u00edpios, e isso abre diversas possibilidades de neg\u00f3cio. Por isso mesmo, estamos atentos ao plano de retomada econ\u00f4mica do governo estadual\u201d, explica a executiva da CDL Agrestina.<\/p>\n","protected":false},"excerpt":{"rendered":"<p>No CDL em Todo Lugar desta quinta-feira (12), voc\u00ea conhece o trabalho da equipe da CDL Agrestina, que trabalha para modernizar a economia da cidade pernambucana conhecida por suas tradi\u00e7\u00f5es seculares<\/p>\n","protected":false},"author":4,"featured_media":13406,"comment_status":"open","ping_status":"open","sticky":false,"template":"","format":"standard","meta":{"footnotes":""},"categories":[1371],"tags":[4707,4708,4471,2239,3413,2665,1103],"class_list":["post-13405","post","type-post","status-publish","format-standard","has-post-thumbnail","hentry","category-noticias-cndl","tag-agente-de-desenvolvimento","tag-cdl-agrestina","tag-cdl-em-todo-lugar","tag-desenvolvimento-economico","tag-desenvolvimento-local","tag-fcdl-pe","tag-sistema-cndl"],"_links":{"self":[{"href":"https:\/\/cndl.org.br\/varejosa\/wp-json\/wp\/v2\/posts\/13405","targetHints":{"allow":["GET"]}}],"collection":[{"href":"https:\/\/cndl.org.br\/varejosa\/wp-json\/wp\/v2\/posts"}],"about":[{"href":"https:\/\/cndl.org.br\/varejosa\/wp-json\/wp\/v2\/types\/post"}],"author":[{"embeddable":true,"href":"https:\/\/cndl.org.br\/varejosa\/wp-json\/wp\/v2\/users\/4"}],"replies":[{"embeddable":true,"href":"https:\/\/cndl.org.br\/varejosa\/wp-json\/wp\/v2\/comments?post=13405"}],"version-history":[{"count":0,"href":"https:\/\/cndl.org.br\/varejosa\/wp-json\/wp\/v2\/posts\/13405\/revisions"}],"wp:featuredmedia":[{"embeddable":true,"href":"https:\/\/cndl.org.br\/varejosa\/wp-json\/wp\/v2\/media\/13406"}],"wp:attachment":[{"href":"https:\/\/cndl.org.br\/varejosa\/wp-json\/wp\/v2\/media?parent=13405"}],"wp:term":[{"taxonomy":"category","embeddable":true,"href":"https:\/\/cndl.org.br\/varejosa\/wp-json\/wp\/v2\/categories?post=13405"},{"taxonomy":"post_tag","embeddable":true,"href":"https:\/\/cndl.org.br\/varejosa\/wp-json\/wp\/v2\/tags?post=13405"}],"curies":[{"name":"wp","href":"https:\/\/api.w.org\/{rel}","templated":true}]}}