{"id":13468,"date":"2021-08-23T07:33:14","date_gmt":"2021-08-23T10:33:14","guid":{"rendered":"https:\/\/cndl.org.br\/varejosa\/?p=13468"},"modified":"2024-02-04T17:17:31","modified_gmt":"2024-02-04T20:17:31","slug":"fcdl-mg-lanca-projeto-aqui-tem-oportunidade-de-negocio","status":"publish","type":"post","link":"https:\/\/cndl.org.br\/varejosa\/fcdl-mg-lanca-projeto-aqui-tem-oportunidade-de-negocio\/","title":{"rendered":"FCDL-MG lan\u00e7a projeto \u201cAqui tem Oportunidade de Neg\u00f3cio\u201d"},"content":{"rendered":"\n<p>Sempre atenta \u00e0 necessidade de promover o fortalecimento, o desenvolvimento e a sustentabilidade das CDLs mineiras e seus associados, sobretudo nesse momento delicado da pandemia de Covid-19, a FCDL-MG est\u00e1 implementando o projeto \u201cAqui tem Oportunidade de Neg\u00f3cio\u201d.<\/p>\n\n\n\n<p>A iniciativa consiste em realizar reuni\u00f5es virtuais, entre a equipe comercial da Federa\u00e7\u00e3o e a diretoria e funcion\u00e1rios das CDLs, para identificar oportunidades e apresentar solu\u00e7\u00f5es, competitivas e pensadas estrategicamente, para atender a todos os perfis de associados.<\/p>\n\n\n\n<p>\u201cQueremos estimular oportunidades para uma atua\u00e7\u00e3o mais estrat\u00e9gica das CDLs mineiras e promover a fideliza\u00e7\u00e3o dos associados e a filia\u00e7\u00e3o de novas empresas, por meio dos benef\u00edcios que as solu\u00e7\u00f5es com diferenciais competitivos oferecem\u201d, explica a coordenadora comercial da FCDL-MG, Geralda Gon\u00e7alves.<\/p>\n\n\n\n<p>O projeto ter\u00e1 dois encontros semanais, sempre \u00e0s quartas-feiras, das 9h \u00e0s 11h e das 15h \u00e0s 17h. Podem participar todas as CDLs interessadas, que ser\u00e3o atendidas por ordem de solicita\u00e7\u00e3o. Para se inscrever, basta entrar em contato por meio dos telefones (31) 2532-3310 e (31) 98482-4629 ou email: comercial@fcdlmg.org.br.<\/p>\n\n\n\n<p>As duas primeiras reuni\u00f5es foram realizadas no \u00faltimo dia 18 de agosto, com participa\u00e7\u00e3o das CDLs de S\u00e3o Jo\u00e3o Del Rei.<\/p>\n\n\n\n<p>Para o presidente da FCDL-MG, Frank Sinatra, a iniciativa tem como objetivo conscientizar a diretoria e os colaboradores das entidades sobre a import\u00e2ncia do relacionamento com os associados e empresas locais, al\u00e9m de trabalhar junto ao poder p\u00fablico e a comunidade para contribuir com o crescimento da cidade onde a entidade est\u00e1 inserida. Al\u00e9m de ser uma oportunidade para as CDLs mostrarem sua representatividade e for\u00e7a no meio empresarial, oferecendo solu\u00e7\u00f5es necess\u00e1rias que otimizam e buscam a efici\u00eancia e efic\u00e1cia nos neg\u00f3cios.<\/p>\n\n\n\n<p>\u201cSomos representantes dos interesses de um setor que \u00e9 protagonista na economia brasileira. Portanto, devemos contribuir ativamente na constru\u00e7\u00e3o de projetos que busquem o desenvolvimento das empresas, por meio da sustentabilidade de seus neg\u00f3cios. Todos saem ganhando, inclusive os munic\u00edpios, j\u00e1 que essas a\u00e7\u00f5es estimulam o desenvolvimento econ\u00f4mico\u201d, finaliza Sinatra.<\/p>\n","protected":false},"excerpt":{"rendered":"<p>A iniciativa consiste em realizar reuni\u00f5es virtuais, entre a equipe comercial da Federa\u00e7\u00e3o e a diretoria e funcion\u00e1rios das CDLs, para identificar oportunidades e apresentar solu\u00e7\u00f5es, competitivas e pensadas estrategicamente, para atender a todos os perfis de associados.<\/p>\n","protected":false},"author":15,"featured_media":13469,"comment_status":"open","ping_status":"open","sticky":false,"template":"","format":"standard","meta":{"footnotes":""},"categories":[1371],"tags":[4711,4712,2630,703],"class_list":["post-13468","post","type-post","status-publish","format-standard","has-post-thumbnail","hentry","category-noticias-cndl","tag-cdl-barao-de-cocais","tag-cdl-de-sao-joao-del-rei","tag-fcdl-mg","tag-oportunidade-de-negocio"],"_links":{"self":[{"href":"https:\/\/cndl.org.br\/varejosa\/wp-json\/wp\/v2\/posts\/13468","targetHints":{"allow":["GET"]}}],"collection":[{"href":"https:\/\/cndl.org.br\/varejosa\/wp-json\/wp\/v2\/posts"}],"about":[{"href":"https:\/\/cndl.org.br\/varejosa\/wp-json\/wp\/v2\/types\/post"}],"author":[{"embeddable":true,"href":"https:\/\/cndl.org.br\/varejosa\/wp-json\/wp\/v2\/users\/15"}],"replies":[{"embeddable":true,"href":"https:\/\/cndl.org.br\/varejosa\/wp-json\/wp\/v2\/comments?post=13468"}],"version-history":[{"count":0,"href":"https:\/\/cndl.org.br\/varejosa\/wp-json\/wp\/v2\/posts\/13468\/revisions"}],"wp:featuredmedia":[{"embeddable":true,"href":"https:\/\/cndl.org.br\/varejosa\/wp-json\/wp\/v2\/media\/13469"}],"wp:attachment":[{"href":"https:\/\/cndl.org.br\/varejosa\/wp-json\/wp\/v2\/media?parent=13468"}],"wp:term":[{"taxonomy":"category","embeddable":true,"href":"https:\/\/cndl.org.br\/varejosa\/wp-json\/wp\/v2\/categories?post=13468"},{"taxonomy":"post_tag","embeddable":true,"href":"https:\/\/cndl.org.br\/varejosa\/wp-json\/wp\/v2\/tags?post=13468"}],"curies":[{"name":"wp","href":"https:\/\/api.w.org\/{rel}","templated":true}]}}