{"id":13523,"date":"2021-08-31T09:02:36","date_gmt":"2021-08-31T12:02:36","guid":{"rendered":"https:\/\/cndl.org.br\/varejosa\/?p=13523"},"modified":"2026-01-29T10:39:27","modified_gmt":"2026-01-29T13:39:27","slug":"estrategia-de-investimento-verde-vai-fomentar-adocao-de-criterios-asg","status":"publish","type":"post","link":"https:\/\/cndl.org.br\/varejosa\/estrategia-de-investimento-verde-vai-fomentar-adocao-de-criterios-asg\/","title":{"rendered":"Estrat\u00e9gia de Investimento verde vai fomentar ado\u00e7\u00e3o de crit\u00e9rios ASG"},"content":{"rendered":"\n<p class=\"has-text-align-left\">O Sebrae participou, na tarde desta segunda-feira (30), do lan\u00e7amento da Estrat\u00e9gia Investimento Verde para o Desenvolvimento Regional, resultado de parceria entre o Minist\u00e9rio do Desenvolvimento Regional e um conjunto de associa\u00e7\u00f5es do setor privado que atuam em projetos de saneamento b\u00e1sico, seguran\u00e7a h\u00eddrica e mobilidade urbana. O objetivo principal da iniciativa \u00e9 fomentar a ado\u00e7\u00e3o de crit\u00e9rios ASG (ambiental, social e governan\u00e7a) para a execu\u00e7\u00e3o das obras e pol\u00edticas p\u00fablicas realizadas no pa\u00eds.<\/p>\n\n\n\n<p>O ministro do Desenvolvimento Regional, Rog\u00e9rio Marinho, destacou que a Estrat\u00e9gia de Investimento Verde ir\u00e1 estimular a resolu\u00e7\u00e3o de diversos problemas sociais, atrelando o crescimento da infraestrutura com a sustentabilidade. \u201cEssa \u00e9 uma pauta que interessa ao Brasil de maneira geral, temos mais de 25 mil obras em andamento em mais de cinco mil munic\u00edpios. Com essa novidade estamos fazendo esfor\u00e7os para reformular as parcerias com a iniciativa privada, alcan\u00e7ar a sinergia com a sustentabilidade, o respeito ao meio ambiente, a melhoria da governan\u00e7a, a racionaliza\u00e7\u00e3o dos recursos p\u00fablicos de forma mais eficaz poss\u00edvel\u201d, afirmou.<\/p>\n\n\n\n<p>De acordo com Marinho, o Brasil necessita de pol\u00edticas p\u00fablicas como essa para aumentar a participa\u00e7\u00e3o de parceiros da iniciativa privada nas obras de saneamento b\u00e1sico, mobilidade urbana e seguran\u00e7a h\u00eddrica. \u201cVamos trabalhar com mais moderniza\u00e7\u00e3o, previsibilidade e seguran\u00e7a jur\u00eddica, com objetivo de atrair a contribui\u00e7\u00e3o dos entes privados na execu\u00e7\u00e3o de projetos que ir\u00e3o resolver quest\u00f5es como o acesso a \u00e1gua tratada, a gest\u00e3o de res\u00edduos s\u00f3lidos, apoio a popula\u00e7\u00e3o ribeirinhas, constru\u00e7\u00e3o de sistemas de esgoto, ilumina\u00e7\u00e3o p\u00fablica, entre tantas outras\u201d, adiantou.<\/p>\n\n\n\n<p>O potencial da capilaridade de atua\u00e7\u00e3o do Sebrae no incentivo ao empreendedorismo por todo pa\u00eds foi destacado pelo diretor t\u00e9cnico, Bruno Quick, como uma das principais contribui\u00e7\u00f5es para a Estrat\u00e9gia Investimento Verde para o Desenvolvimento Regional. \u201cO Sebrae est\u00e1 junto com o MDR nessa iniciativa. Trabalhamos incansavelmente para desenvolver as capacidades de produ\u00e7\u00e3o de cada munic\u00edpio brasileiro, respeitando as voca\u00e7\u00f5es de cada regi\u00e3o, unindo esfor\u00e7os das institui\u00e7\u00f5es p\u00fablicas e privadas para o desenvolvimento das diversas cadeias produtivas que s\u00e3o contempladas pelo desempenho dos micro e pequenos neg\u00f3cios\u201d, ressaltou.<\/p>\n\n\n\n<p>Bruno Quick refor\u00e7ou, ainda, que o compromisso com a sustentabilidade \u00e9 algo fundamental, inclusive quando se trata de micro e pequenas empresas. \u201cFalar em desenvolvimento sem falar em sustentabilidade \u00e9 ilus\u00e3o\u201d. O diretor citou o exemplo do programa Cidade Empreendedora, que conta com um vi\u00e9s de sustentabilidade dentro dos eixos de desenvolvimento dos projetos. \u201cEstamos com mais de mil munic\u00edpios inscritos e vamos trabalhar com cada particularidade para que os micro e pequenos neg\u00f3cios possam prosperar, gerando mais empregos e renda para o pa\u00eds, respeitando o meio ambiente e os recursos naturais\u201d, completou.<\/p>\n","protected":false},"excerpt":{"rendered":"<p>Para o ministro Rog\u00e9rio Marinho, o compromisso com a sustentabilidade deve se sobrepor aos governos<\/p>\n","protected":false},"author":11,"featured_media":13524,"comment_status":"open","ping_status":"open","sticky":false,"template":"","format":"standard","meta":{"footnotes":""},"categories":[5891],"tags":[4427,2402,1351,3411,717],"class_list":["post-13523","post","type-post","status-publish","format-standard","has-post-thumbnail","hentry","category-empreendedorismo","tag-ambiental","tag-desenvolvimento-sustentavel","tag-governanca","tag-social","tag-sustentabilidade"],"_links":{"self":[{"href":"https:\/\/cndl.org.br\/varejosa\/wp-json\/wp\/v2\/posts\/13523","targetHints":{"allow":["GET"]}}],"collection":[{"href":"https:\/\/cndl.org.br\/varejosa\/wp-json\/wp\/v2\/posts"}],"about":[{"href":"https:\/\/cndl.org.br\/varejosa\/wp-json\/wp\/v2\/types\/post"}],"author":[{"embeddable":true,"href":"https:\/\/cndl.org.br\/varejosa\/wp-json\/wp\/v2\/users\/11"}],"replies":[{"embeddable":true,"href":"https:\/\/cndl.org.br\/varejosa\/wp-json\/wp\/v2\/comments?post=13523"}],"version-history":[{"count":0,"href":"https:\/\/cndl.org.br\/varejosa\/wp-json\/wp\/v2\/posts\/13523\/revisions"}],"wp:featuredmedia":[{"embeddable":true,"href":"https:\/\/cndl.org.br\/varejosa\/wp-json\/wp\/v2\/media\/13524"}],"wp:attachment":[{"href":"https:\/\/cndl.org.br\/varejosa\/wp-json\/wp\/v2\/media?parent=13523"}],"wp:term":[{"taxonomy":"category","embeddable":true,"href":"https:\/\/cndl.org.br\/varejosa\/wp-json\/wp\/v2\/categories?post=13523"},{"taxonomy":"post_tag","embeddable":true,"href":"https:\/\/cndl.org.br\/varejosa\/wp-json\/wp\/v2\/tags?post=13523"}],"curies":[{"name":"wp","href":"https:\/\/api.w.org\/{rel}","templated":true}]}}