{"id":13592,"date":"2021-09-06T08:03:00","date_gmt":"2021-09-06T11:03:00","guid":{"rendered":"https:\/\/cndl.org.br\/varejosa\/?p=13592"},"modified":"2024-02-04T16:04:26","modified_gmt":"2024-02-04T19:04:26","slug":"comercio-de-itens-usados-cresce-485-na-pandemia","status":"publish","type":"post","link":"https:\/\/cndl.org.br\/varejosa\/comercio-de-itens-usados-cresce-485-na-pandemia\/","title":{"rendered":"Com\u00e9rcio de itens usados cresce 48,5% na pandemia"},"content":{"rendered":"\n<p>A abertura de estabelecimentos que comercializam produtos de segunda m\u00e3o teve um crescimento de 48,58%, entre os primeiros semestres de 2020 e 2021, de acordo com levantamento do Sebrae, com base em dados da Receita Federal. Para a entidade, a pandemia de covid-19, que aumentou o controle financeiro das fam\u00edlias, e a preocupa\u00e7\u00e3o cada vez maior com a preserva\u00e7\u00e3o do meio ambiente, podem ter sido fatores que impulsionaram o mercado de usados no pa\u00eds.<\/p>\n\n\n\n<p>A empres\u00e1ria Carolina Fonseca, de 39 anos, viu isso ocorrer na pr\u00e1tica. Ela \u00e9 propriet\u00e1ria do brech\u00f3 de roupas Musa Moda Circular, em Bras\u00edlia, e relata o aumento nas vendas e na abertura de brech\u00f3s nesse per\u00edodo, principalmente de lojas online.<\/p>\n\n\n\n<p>Para ela, as pessoas est\u00e3o normalizando a compra de itens usados e revendo h\u00e1bitos de consumo, principalmente aqueles que ficaram em homeoffice durante a pandemia. \u201cAs pessoas me traziam grande quantidade de desapegos. Elas passaram a rever o que tinham no guarda-roupa e viram que n\u00e3o faz mais sentido manter todas essas roupas. Al\u00e9m de passar mais tempo em casa e, teoricamente, ter esse tempo de repensar a pr\u00f3pria vida. Vi esse movimento minimalista\u201d, disse Carolina.<\/p>\n\n\n\n<p>Segundo o Sebrae, foram abertas, no primeiro semestre desse ano, 2.104 novas empresas no segmento, sendo 1.875 microempreendedores individuais (MEI) e 229 empresas de pequeno porte. No mesmo per\u00edodo do ano passado, haviam sido criados 1.298 MEI e 118 pequenas empresas. \u201cEsse incremento na abertura de novos neg\u00f3cios no com\u00e9rcio de itens usados, verificado entre os seis primeiros meses de 2020 e 2021, \u00e9 o maior em seis anos\u201d, destacou a entidade.<\/p>\n\n\n\n<p>O levantamento abrange o com\u00e9rcio varejista de moedas e selos de cole\u00e7\u00e3o, livros e revistas e outros artigos usados, como m\u00f3veis, utens\u00edlios dom\u00e9sticos, eletrodom\u00e9sticos, roupas e cal\u00e7ados e material de demoli\u00e7\u00e3o.<\/p>\n\n\n\n<p><strong>Tend\u00eancias de mercado<\/strong><br \/>De acordo com o Sebrae, essa \u00e9 uma tend\u00eancia mundial e pesquisas feitas em outros pa\u00edses comprovam que o mercado de usados ainda tem espa\u00e7o para crescimento. A entidade cita a pesquisa feita pela ThreadUP, uma das principais plataformas de revenda de roupas nos Estados Unidos, que apontou que os valores movimentados nesse segmento dobraram desde 2019 e a proje\u00e7\u00e3o \u00e9 que tripliquem at\u00e9 2025.<\/p>\n\n\n\n<p>A pesquisa da ThreadUP tamb\u00e9m detectou que os principais varejistas de vestu\u00e1rio j\u00e1 est\u00e3o planejando como potencializar esse mercado e um dos caminhos escolhidos \u00e9 a forma\u00e7\u00e3o de parcerias. Para 60% deles, por quest\u00f5es log\u00edsticas, a forma mais vi\u00e1vel de alcan\u00e7ar novos mercados \u00e9 se unir \u00e0s empresas j\u00e1 especializadas no segmento. Ainda assim, 28% dizem que pretendem estruturar uma opera\u00e7\u00e3o pr\u00f3pria.<\/p>\n\n\n\n<p>Para os empreendedores brasileiros, o Sebrae recomenda conhecer seus nichos de mercado, al\u00e9m de estabelecer presen\u00e7a no mundo digital, que pode favorecer uma capta\u00e7\u00e3o maior de clientes e maior recorr\u00eancia de compras das mercadorias.<\/p>\n\n\n\n<p>Carolina, por exemplo, hoje s\u00f3 trabalha com o com\u00e9rcio digital. Por quest\u00f5es de seguran\u00e7a, no in\u00edcio da pandemia de covid-19, em mar\u00e7o de 2020, decidiu fechar o showroom que tinha em casa, onde atendia por hora marcada, e concentrou os esfor\u00e7os na promo\u00e7\u00e3o do seu site da loja Musa e da p\u00e1gina no Instagram.<\/p>\n\n\n\n<p>\u201cQuando migrei totalmente para o online vi que funcionava melhor, tinha uma frequ\u00eancia maior de vendas e as pessoas estavam mais abertas por causa da pandemia\u201d, disse, explicando que, como todo com\u00e9rcio digital, oferece garantia das pe\u00e7as e possibilidade de devolu\u00e7\u00e3o em sete dias. \u201cA pandemia deu essa brecha e eu aproveite\u201d, ressaltou.<\/p>\n","protected":false},"excerpt":{"rendered":"<p>Pandemia e preocupa\u00e7\u00e3o com meio ambiente podem ser causas de alta.<\/p>\n","protected":false},"author":9,"featured_media":13593,"comment_status":"open","ping_status":"open","sticky":false,"template":"","format":"standard","meta":{"footnotes":""},"categories":[1836],"tags":[1923,616,3022,3795,289,3650],"class_list":["post-13592","post","type-post","status-publish","format-standard","has-post-thumbnail","hentry","category-marketing-e-vendas","tag-brecho","tag-controle-financeiro","tag-habitos-de-consumo","tag-produtos-usados","tag-sebrae","tag-tendencia-de-compra"],"_links":{"self":[{"href":"https:\/\/cndl.org.br\/varejosa\/wp-json\/wp\/v2\/posts\/13592","targetHints":{"allow":["GET"]}}],"collection":[{"href":"https:\/\/cndl.org.br\/varejosa\/wp-json\/wp\/v2\/posts"}],"about":[{"href":"https:\/\/cndl.org.br\/varejosa\/wp-json\/wp\/v2\/types\/post"}],"author":[{"embeddable":true,"href":"https:\/\/cndl.org.br\/varejosa\/wp-json\/wp\/v2\/users\/9"}],"replies":[{"embeddable":true,"href":"https:\/\/cndl.org.br\/varejosa\/wp-json\/wp\/v2\/comments?post=13592"}],"version-history":[{"count":0,"href":"https:\/\/cndl.org.br\/varejosa\/wp-json\/wp\/v2\/posts\/13592\/revisions"}],"wp:featuredmedia":[{"embeddable":true,"href":"https:\/\/cndl.org.br\/varejosa\/wp-json\/wp\/v2\/media\/13593"}],"wp:attachment":[{"href":"https:\/\/cndl.org.br\/varejosa\/wp-json\/wp\/v2\/media?parent=13592"}],"wp:term":[{"taxonomy":"category","embeddable":true,"href":"https:\/\/cndl.org.br\/varejosa\/wp-json\/wp\/v2\/categories?post=13592"},{"taxonomy":"post_tag","embeddable":true,"href":"https:\/\/cndl.org.br\/varejosa\/wp-json\/wp\/v2\/tags?post=13592"}],"curies":[{"name":"wp","href":"https:\/\/api.w.org\/{rel}","templated":true}]}}