{"id":13624,"date":"2021-09-09T09:16:43","date_gmt":"2021-09-09T12:16:43","guid":{"rendered":"https:\/\/cndl.org.br\/varejosa\/?p=13624"},"modified":"2026-01-29T10:39:21","modified_gmt":"2026-01-29T13:39:21","slug":"ccj-aprova-prorrogacao-de-incentivo-de-icms-para-comercio","status":"publish","type":"post","link":"https:\/\/cndl.org.br\/varejosa\/ccj-aprova-prorrogacao-de-incentivo-de-icms-para-comercio\/","title":{"rendered":"CCJ aprova prorroga\u00e7\u00e3o de incentivo de ICMS para com\u00e9rcio"},"content":{"rendered":"\n<p>A Comiss\u00e3o de Constitui\u00e7\u00e3o e Justi\u00e7a e de Cidadania (CCJ) da C\u00e2mara dos Deputados aprovou proposta que prorroga por 15 anos, at\u00e9 2032, os incentivos fiscais baseados no ICMS concedidos pelos estados e Distrito Federal para o com\u00e9rcio e o segmento de produtos agropecu\u00e1rios in natura.<\/p>\n\n\n\n<p>Pelo texto, os incentivos ser\u00e3o reduzidos de forma gradativa, \u00e0 taxa de 20% ao ano, a partir do 12\u00b0 ano de frui\u00e7\u00e3o do benef\u00edcio. Os conv\u00eanios que deram os benef\u00edcios ser\u00e3o adequados pelos estados para prever a prorroga\u00e7\u00e3o.<\/p>\n\n\n\n<p>As medidas aprovadas est\u00e3o previstas no Projeto de Lei Complementar (PLP) 5\/21, do deputado Efraim Filho (DEM-PB). O texto aprovado foi o substitutivo acatado anteriormente na Comiss\u00e3o de Finan\u00e7as e Tributa\u00e7\u00e3o.<\/p>\n\n\n\n<p>A relatora na CCJ foi a deputada Paula Belmonte (Cidadania-DF). A an\u00e1lise dela ficou restrita aos aspectos constitucionais, jur\u00eddicos e de t\u00e9cnica legislativa.<\/p>\n\n\n\n<p>\u201cN\u00f3s n\u00e3o estamos inventando a roda. Essa isen\u00e7\u00e3o fiscal j\u00e1 existe e n\u00f3s queremos prorrogar essa isen\u00e7\u00e3o por mais dez anos. Caso uma reforma tribut\u00e1ria seja aprovada, n\u00f3s vamos mudar todas as regras. Mas, enquanto ela n\u00e3o for aprovada, \u00e9 fundamental que a gente d\u00ea essa seguran\u00e7a jur\u00eddica, principalmente para o setor atacadista\u201d, disse Paula Belmonte.<\/p>\n\n\n\n<p><strong>Mudan\u00e7as<\/strong><br>O substitutivo prev\u00ea a redu\u00e7\u00e3o gradual dos incentivos e prorroga tamb\u00e9m os incentivos do segmento de produtos agropecu\u00e1rios in natura. O texto original trata apenas do com\u00e9rcio.<\/p>\n\n\n\n<p>O projeto altera a Lei Complementar 160\/17, que estabeleceu regras para a valida\u00e7\u00e3o de incentivos fiscais vinculados ao ICMS dados de forma irregular pelos estados durante a guerra fiscal (principalmente nas d\u00e9cadas de 1980 e 1990).<\/p>\n\n\n\n<p>A lei complementar estabeleceu prazos de vig\u00eancia para os benef\u00edcios, que variaram de um a 15 anos, dependendo do ramo empresarial. No caso da atividade comercial, foi de cinco anos, terminando em 2022. O objetivo do projeto \u00e9 igualar o com\u00e9rcio \u00e0 ind\u00fastria, que foi contemplada com o prazo m\u00e1ximo (15 anos).<\/p>\n\n\n\n<p><strong>Tramita\u00e7\u00e3o<\/strong><br>O projeto ainda ser\u00e1 analisado pelo Plen\u00e1rio da C\u00e2mara.<\/p>\n","protected":false},"excerpt":{"rendered":"<p>Paula Belmonte disse que proposta d\u00e1 seguran\u00e7a jur\u00eddica, principalmente para o setor atacadista<\/p>\n","protected":false},"author":13,"featured_media":13625,"comment_status":"open","ping_status":"open","sticky":false,"template":"","format":"standard","meta":{"footnotes":""},"categories":[5891],"tags":[247,429],"class_list":["post-13624","post","type-post","status-publish","format-standard","has-post-thumbnail","hentry","category-empreendedorismo","tag-comercio","tag-icms"],"_links":{"self":[{"href":"https:\/\/cndl.org.br\/varejosa\/wp-json\/wp\/v2\/posts\/13624","targetHints":{"allow":["GET"]}}],"collection":[{"href":"https:\/\/cndl.org.br\/varejosa\/wp-json\/wp\/v2\/posts"}],"about":[{"href":"https:\/\/cndl.org.br\/varejosa\/wp-json\/wp\/v2\/types\/post"}],"author":[{"embeddable":true,"href":"https:\/\/cndl.org.br\/varejosa\/wp-json\/wp\/v2\/users\/13"}],"replies":[{"embeddable":true,"href":"https:\/\/cndl.org.br\/varejosa\/wp-json\/wp\/v2\/comments?post=13624"}],"version-history":[{"count":0,"href":"https:\/\/cndl.org.br\/varejosa\/wp-json\/wp\/v2\/posts\/13624\/revisions"}],"wp:featuredmedia":[{"embeddable":true,"href":"https:\/\/cndl.org.br\/varejosa\/wp-json\/wp\/v2\/media\/13625"}],"wp:attachment":[{"href":"https:\/\/cndl.org.br\/varejosa\/wp-json\/wp\/v2\/media?parent=13624"}],"wp:term":[{"taxonomy":"category","embeddable":true,"href":"https:\/\/cndl.org.br\/varejosa\/wp-json\/wp\/v2\/categories?post=13624"},{"taxonomy":"post_tag","embeddable":true,"href":"https:\/\/cndl.org.br\/varejosa\/wp-json\/wp\/v2\/tags?post=13624"}],"curies":[{"name":"wp","href":"https:\/\/api.w.org\/{rel}","templated":true}]}}