{"id":13631,"date":"2021-09-13T08:50:00","date_gmt":"2021-09-13T11:50:00","guid":{"rendered":"https:\/\/cndl.org.br\/varejosa\/?p=13631"},"modified":"2024-02-04T16:04:26","modified_gmt":"2024-02-04T19:04:26","slug":"consumo-e-varejo-na-sociedade-5-0","status":"publish","type":"post","link":"https:\/\/cndl.org.br\/varejosa\/consumo-e-varejo-na-sociedade-5-0\/","title":{"rendered":"Consumo e varejo na sociedade 5.0"},"content":{"rendered":"\n<p class=\"has-text-align-center\"><em>O Diretor-geral da Gouv\u00eaa&nbsp;Ecosystem, Marcos Gouv\u00eaa, fala sobre tecnologia digital no <\/em><br \/><em>p\u00f3s-pandemia e conta o que o Brasil tem a ensinar para a China&nbsp;<\/em>&nbsp;<\/p>\n\n\n\n<p>O Latam&nbsp;Retail&nbsp;Show 2021, o mais importante evento de varejo e consumo B2B da Am\u00e9rica Latina, ser\u00e1 realizado virtualmente no per\u00edodo de 14 a 16 de setembro. Desta vez, o tema do encontro ser\u00e1 a Sociedade 5.0, uma s\u00edntese da integra\u00e7\u00e3o dos recursos tecnol\u00f3gicos \u00e0 vida humana.&nbsp;<br \/>&nbsp;<br \/>A expectativa \u00e9 reunir l\u00edderes de diversos segmentos para compartilhar com o p\u00fablico suas experi\u00eancias e debater as transforma\u00e7\u00f5es que as novas tecnologias podem gerar nos neg\u00f3cios, al\u00e9m das novas tend\u00eancias do consumo no p\u00f3s-pandemia.&nbsp;<\/p>\n\n\n\n<p>Ao todo, ser\u00e3o mais de 80 horas de conte\u00fado e cerca de 250 especialistas convidados do Brasil e do mundo. Entre eles, Ana Luiza&nbsp;Mclaren&nbsp;(co-fundadora&nbsp;do Enjoei), Ana&nbsp;Szasz&nbsp;(head&nbsp;de E-commerce do&nbsp;Rappi), Paula Andrade (vice-presidente de Varejo da Natura &amp; Co Am\u00e9rica Latina), Paulo Camargo (CEO do McDonald\u2019s) e Paulo Correa Jr. (CEO da C&amp;A Brasil).&nbsp;<\/p>\n\n\n\n<p>Para falar sobre o evento e as novidades deste ano, a Varejo S.A. conversou com o organizador do Latam&nbsp;Retail&nbsp;Show, o Diretor-geral da Gouv\u00eaa&nbsp;Ecosystem, Marcos Gouv\u00eaa.&nbsp;Autor e&nbsp;co-autor&nbsp;de v\u00e1rios livros de gest\u00e3o, consultoria global de neg\u00f3cios, varejo e distribui\u00e7\u00e3o, Gouv\u00eaa tamb\u00e9m ser\u00e1 um dos participantes do&nbsp;V&nbsp;F\u00f3rum Nacional&nbsp;do Com\u00e9rcio,&nbsp;evento organizado pela Confedera\u00e7\u00e3o Nacional de Dirigentes Lojistas (CNDL)&nbsp;e que est\u00e1 marcado para acontecer&nbsp;nos dias&nbsp;28 e 29 de setembro.<\/p>\n\n\n\n<div class=\"wp-block-image\"><figure class=\"aligncenter size-large is-resized\"><img loading=\"lazy\" decoding=\"async\" src=\"https:\/\/cndl.org.br\/varejosa\/wp-content\/uploads\/2021\/09\/Marcos-Gouvea_2.jpg\" alt=\"\" class=\"wp-image-13634\" width=\"670\" height=\"427\" srcset=\"https:\/\/cndl.org.br\/varejosa\/wp-content\/uploads\/2021\/09\/Marcos-Gouvea_2.jpg 789w, https:\/\/cndl.org.br\/varejosa\/wp-content\/uploads\/2021\/09\/Marcos-Gouvea_2-300x191.jpg 300w, https:\/\/cndl.org.br\/varejosa\/wp-content\/uploads\/2021\/09\/Marcos-Gouvea_2-768x490.jpg 768w\" sizes=\"auto, (max-width: 670px) 100vw, 670px\" \/><figcaption>Marcos Gouv\u00eaa: &#8220;a sociedade 5.0 traz caracter\u00edsticas que se tornaram <br \/>importantes para o consumidor, como a valoriza\u00e7\u00e3o do&nbsp;aqui&nbsp;e agora\u201d<br \/><em>Foto: reprodu\u00e7\u00e3o\/Arthur Nobre<\/em><\/figcaption><\/figure><\/div>\n\n\n\n<p><strong>O macro tema do Latam&nbsp;Retail&nbsp;Show \u00e9 a sociedade 5.0. O que \u00e9 isso exatamente?<\/strong>&nbsp;<br \/>Esse \u00e9 um conceito que nasceu no Jap\u00e3o em 2016 e que foi abra\u00e7ado pela&nbsp;<em>Keidanren<\/em>, a&nbsp;principal entidade empresarial japonesa. Trata-se daquelas sociedades que est\u00e3o sendo profundamente impactadas pela evolu\u00e7\u00e3o da tecnologia e do digital. Mas talvez fosse mais adequado falarmos da sociedade 5.1, que al\u00e9m da tecnologia, inclui o universo p\u00f3s-pandemia.&nbsp;<\/p>\n\n\n\n<p><strong>O senhor vai participar do painel \u201cTransforma\u00e7\u00f5es \u2013 Desafios do Varejo P\u00f3s-Pandemia\u201d no V F\u00f3rum Nacional do Varejo.&nbsp;Em que a&nbsp;pandemia acrescenta a essa sociedade 5.0?<\/strong>&nbsp;<br \/>Ela traz caracter\u00edstica que se tornaram importantes para o consumidor e as pessoas em geral, como a valoriza\u00e7\u00e3o do&nbsp;\u201caqui&nbsp;e agora\u201d, a preocupa\u00e7\u00e3o&nbsp;com a sa\u00fade,&nbsp;com os&nbsp;cuidados pessoais e&nbsp;o&nbsp;bem-estar. Tudo isso atrelado \u00e0 hiper conveni\u00eancia, que passou a integrar o comportamento de toda a sociedade.&nbsp;<\/p>\n\n\n\n<p><strong>Muito tem sido dito sobre como a pandemia acelerou tend\u00eancias e redirecionou outras. O que o senhor destacaria nesse processo?&nbsp;<\/strong>&nbsp;<br \/>Talvez uma das mais importantes formas de redirecionamento foi aquela que envolveu&nbsp;a&nbsp;acelera\u00e7\u00e3o do conceito de ecossistemas de neg\u00f3cios. \u00c9 um conceito nascido na China como uma variante do que aconteceu nas economias ocidentais,&nbsp;e que gerou&nbsp;plataformas exponenciais como&nbsp;a&nbsp;Amazon,&nbsp;o&nbsp;Google etc. Na China,&nbsp;Alibaba&nbsp;e&nbsp;Tencent&nbsp;criaram esse modelo de organiza\u00e7\u00e3o ligadas \u00e0 tecnologia digital.&nbsp;<\/p>\n\n\n\n<p><strong>E no Brasil? Como ela se d\u00e1?<\/strong><br \/>No Brasil, esses sistemas se desenvolveram e aceleraram durante a pandemia, mas, ao contr\u00e1rio da China e Estados Unidos, se deram por meio dos varejistas tradicionais.&nbsp;Magalu, Americanas,&nbsp;Riachuelo, Via, Botic\u00e1rio e Vivo, por exemplo, perceberam o potencial desse modelo que coloca o consumidor no epicentro de tudo. Evidentemente,&nbsp;ao mesmo tempo, eles&nbsp;exploram&nbsp;outras oportunidades de neg\u00f3cios&nbsp;e acabam&nbsp;crescendo&nbsp;mais ainda. O resultado \u00e9 que est\u00e3o&nbsp;sendo muito bem avaliados pelo mercado.&nbsp;Esse ecossistema de neg\u00f3cio&nbsp;<em>made&nbsp;in Brasil<\/em>&nbsp;\u00e9 tema de um livro e&nbsp;de&nbsp;uma s\u00e9rie que&nbsp;ser\u00e3o lan\u00e7ados&nbsp;durante o evento.&nbsp;<\/p>\n\n\n\n<p>&nbsp;<strong>Essa \u00e9 a segunda experi\u00eancia do&nbsp;Retail&nbsp;Show com plataformas&nbsp;online. J\u00e1 d\u00e1 para avaliar a efic\u00e1cia desse&nbsp;formato?<\/strong>&nbsp;<br \/>As transmiss\u00f5es ao vivo t\u00eam caracter\u00edsticas pr\u00f3prias e est\u00e3o&nbsp;em um processo evolutivo. Em setembro do ano passado realizamos o Globo&nbsp;Retail&nbsp;Show, que acabou integrando 15 pa\u00edses em uma pesquisa sobre comportamentos emergentes com consumidor durante a pandemia. Neste ano, estamos com foco na Am\u00e9rica Latina e um recorte profundo no Brasil. Esse&nbsp;formato&nbsp;d\u00e1 a oportunidade de reunirmos 220 l\u00edderes em at\u00e9 cinco palcos operando ao mesmo tempo. Esses eventos virtuais permitem que mais pessoas possam participar e atuar. A desvantagem \u00e9 a limita\u00e7\u00e3o das rela\u00e7\u00f5es interpessoais.&nbsp;<br \/><br \/><strong>Um dos destaques do evento&nbsp;\u00e9&nbsp;o match Brasil-China. O que temos a ensinar para nossos parceiros asi\u00e1ticos?<\/strong><br \/>Vamos discutir o que as empresas brasileiras t\u00eam aprendido nas opera\u00e7\u00f5es na China e, ao mesmo tempo, o que os chineses t\u00eam aprendido nas opera\u00e7\u00f5es no Brasil. Evidentemente, uma das caracter\u00edsticas das organiza\u00e7\u00f5es brasileiras \u00e9 a capacidade de adapta\u00e7\u00e3o e flexibiliza\u00e7\u00e3o das nossas empresas \u00e0 volatilidade de mercados. E nisso o Brasil tem muito a ensinar, porque no per\u00edodo anterior ao controle da infla\u00e7\u00e3o, em que viv\u00edamos uma hiperinfla\u00e7\u00e3o, adquirimos uma grande capacidade de nos moldarmos aos novos cen\u00e1rios, e isso tem grande valor na atualidade.&nbsp;<\/p>\n\n\n\n<p><strong>Logo ap\u00f3s a realiza\u00e7\u00e3o do Latam&nbsp;Retail&nbsp;Show, acontece o F\u00f3rum Nacional do Com\u00e9rcio.&nbsp;Qual&nbsp;a import\u00e2ncia desses dois eventos neste momento?&nbsp;<\/strong><br \/>Ambos s\u00e3o important\u00edssimos para o varejo.&nbsp;Trata-se&nbsp;de uma oportunidade \u00edmpar para reunir as lideran\u00e7as e discutir, al\u00e9m dos temas afetos ao setor, as grandes quest\u00f5es nacionais, especialmente em um momento como esse, no qual sobram diagn\u00f3sticos an\u00e1lises, proje\u00e7\u00f5es e falta a\u00e7\u00e3o para transformar de forma positiva a realidade.<\/p>\n\n\n\n<p>&#8211; <strong>Saiba mais sobre o <a href=\"https:\/\/cndl.org.br\/forum\/\" target=\"_blank\" rel=\"noreferrer noopener\">V F\u00f3rum Nacional do Com\u00e9rcio<\/a><\/strong><br \/>&#8211; <strong>Saiba mais sobre o <a href=\"https:\/\/latamretailshow.com.br\/\" target=\"_blank\" rel=\"noreferrer noopener\">Latam Retail Show<\/a><\/strong><\/p>\n","protected":false},"excerpt":{"rendered":"<p>O Diretor-geral da Gouv\u00eaa Ecosystem, Marcos Gouv\u00eaa, fala sobre tecnologia digital no p\u00f3s-pandemia e conta o que o Brasil tem a ensinar para a China  <\/p>\n","protected":false},"author":5,"featured_media":13658,"comment_status":"open","ping_status":"open","sticky":false,"template":"","format":"standard","meta":{"footnotes":""},"categories":[1836],"tags":[1700,2106,323,3800,249],"class_list":["post-13631","post","type-post","status-publish","format-standard","has-post-thumbnail","hentry","category-marketing-e-vendas","tag-latam-retail-show","tag-marcos-gouvea","tag-pandemia","tag-v-forum-nacional-do-comercio","tag-varejo"],"_links":{"self":[{"href":"https:\/\/cndl.org.br\/varejosa\/wp-json\/wp\/v2\/posts\/13631","targetHints":{"allow":["GET"]}}],"collection":[{"href":"https:\/\/cndl.org.br\/varejosa\/wp-json\/wp\/v2\/posts"}],"about":[{"href":"https:\/\/cndl.org.br\/varejosa\/wp-json\/wp\/v2\/types\/post"}],"author":[{"embeddable":true,"href":"https:\/\/cndl.org.br\/varejosa\/wp-json\/wp\/v2\/users\/5"}],"replies":[{"embeddable":true,"href":"https:\/\/cndl.org.br\/varejosa\/wp-json\/wp\/v2\/comments?post=13631"}],"version-history":[{"count":0,"href":"https:\/\/cndl.org.br\/varejosa\/wp-json\/wp\/v2\/posts\/13631\/revisions"}],"wp:featuredmedia":[{"embeddable":true,"href":"https:\/\/cndl.org.br\/varejosa\/wp-json\/wp\/v2\/media\/13658"}],"wp:attachment":[{"href":"https:\/\/cndl.org.br\/varejosa\/wp-json\/wp\/v2\/media?parent=13631"}],"wp:term":[{"taxonomy":"category","embeddable":true,"href":"https:\/\/cndl.org.br\/varejosa\/wp-json\/wp\/v2\/categories?post=13631"},{"taxonomy":"post_tag","embeddable":true,"href":"https:\/\/cndl.org.br\/varejosa\/wp-json\/wp\/v2\/tags?post=13631"}],"curies":[{"name":"wp","href":"https:\/\/api.w.org\/{rel}","templated":true}]}}