{"id":13666,"date":"2021-09-13T13:26:09","date_gmt":"2021-09-13T16:26:09","guid":{"rendered":"https:\/\/cndl.org.br\/varejosasa\/?p=13666"},"modified":"2024-01-18T15:00:27","modified_gmt":"2024-01-18T18:00:27","slug":"sebrae-e-bid-discutem-novas-parcerias-de-fomento-as-mpes","status":"publish","type":"post","link":"https:\/\/cndl.org.br\/varejosa\/sebrae-e-bid-discutem-novas-parcerias-de-fomento-as-mpes\/","title":{"rendered":"Sebrae e BID discutem novas parcerias de fomento \u00e0s MPEs"},"content":{"rendered":"\n<p class=\"has-text-align-center\"><em>O encontro teve como temas centrais investimentos no Pronampe, Fampe, programa Inova Amaz\u00f4nia e apoio ao turismo e inova\u00e7\u00e3o<\/em><\/p>\n\n\n\n<p>O Sebrae reuniu-se, nesta quinta-feira (9), com o Banco Interamericano de Desenvolvimento (BID) para debater uma s\u00e9rie de iniciativas voltadas com o intuito de firmar parcerias que impactem positivamente os micro e pequeno neg\u00f3cios. Estiveram presentes o presidente do Sebrae, Carlos Melles, o diretor t\u00e9cnico do Sebrae, Bruno Quick e o representante do BID no Brasil, Morgan Doyle, al\u00e9m de representantes da equipe t\u00e9cnica das duas institui\u00e7\u00f5es.<\/p>\n\n\n\n<p>O encontro teve como objetivo planejar e alinhar algumas estrat\u00e9gias para fomentar o acesso a cr\u00e9dito atrav\u00e9s do Pronampe e do Fampe, novos investimentos no programa Inova Amaz\u00f4nia, assim como as aplica\u00e7\u00f5es que ser\u00e3o feitas em mais de 41 destinos tur\u00edsticos para auxiliar a recupera\u00e7\u00e3o econ\u00f4mica do pa\u00eds. \u201cN\u00f3s queremos pavimentar com voc\u00eas o caminho para acessar os estados brasileiros, levando mais oportunidades de cr\u00e9dito e desenvolvimento, atrav\u00e9s da parceria entre Sebrae e BID\u201d, disse Morgan Doyle, destacando o potencial de capilaridade do Sebrae.<\/p>\n\n\n\n<p>De acordo com Carlos Melles, o Sebrae est\u00e1 totalmente \u00e0 disposi\u00e7\u00e3o para fechar parcerias que possam impulsionar o crescimento dos micro e pequenos neg\u00f3cios de forma sustent\u00e1vel. \u201cEsse encontro \u00e9 riqu\u00edssimo. Temos que encontrar os pontos de converg\u00eancia para come\u00e7armos a fazer novas parcerias que ser\u00e3o muito frut\u00edferas. O Brasil \u00e9 uma verdadeira pot\u00eancia empreendedora quando tratamos de retomada econ\u00f4mica. \u00c9 com a for\u00e7a dos pequenos neg\u00f3cios que iremos recuperar o pa\u00eds\u201d, disse.<\/p>\n\n\n\n<p>Melles refor\u00e7ou que o Brasil possui o turismo e a inova\u00e7\u00e3o como grandes \u201cativos\u201d para o desenvolvimento sustent\u00e1vel. \u201cA Amaz\u00f4nia \u00e9 uma regi\u00e3o que pode contribuir com o mundo e n\u00e3o s\u00f3 com o Brasil, temos que investir nesse territ\u00f3rio, respeitando toda a sua biodiversidade\u201d, completou.<\/p>\n\n\n\n<p>Bruno Quick destacou que o todo o corpo t\u00e9cnico do Sebrae est\u00e1 \u00e0 disposi\u00e7\u00e3o do BID para tratar das pautas priorit\u00e1rias aos empreendedores do pa\u00eds. \u201cA quest\u00e3o do acesso a cr\u00e9dito, desenvolvimento sustent\u00e1vel, fomento ao turismo e a inova\u00e7\u00e3o s\u00e3o pontos cruciais da agenda estrat\u00e9gica do Sebrae. \u00c9 com grande satisfa\u00e7\u00e3o que conto com a for\u00e7a do BID para fecharmos as parcerias e desenvolvermos novos projetos. Contem com todos os colaboradores do Sebrae. Vamos unir for\u00e7as\u201d, declarou.<\/p>\n","protected":false},"excerpt":{"rendered":"<p>O encontro teve como temas centrais investimentos no Pronampe, Fampe, programa Inova Amaz\u00f4nia e apoio ao turismo e inova\u00e7\u00e3o.<\/p>\n","protected":false},"author":11,"featured_media":13667,"comment_status":"open","ping_status":"open","sticky":false,"template":"","format":"standard","meta":{"footnotes":""},"categories":[26],"tags":[628,480,601,629,630,414,271,258],"class_list":["post-13666","post","type-post","status-publish","format-standard","has-post-thumbnail","hentry","category-negocios-e-economia","tag-bid","tag-emprestimo","tag-fampe","tag-inova-amazonia","tag-inovacao","tag-investimento","tag-pronampe","tag-turismo"],"_links":{"self":[{"href":"https:\/\/cndl.org.br\/varejosa\/wp-json\/wp\/v2\/posts\/13666","targetHints":{"allow":["GET"]}}],"collection":[{"href":"https:\/\/cndl.org.br\/varejosa\/wp-json\/wp\/v2\/posts"}],"about":[{"href":"https:\/\/cndl.org.br\/varejosa\/wp-json\/wp\/v2\/types\/post"}],"author":[{"embeddable":true,"href":"https:\/\/cndl.org.br\/varejosa\/wp-json\/wp\/v2\/users\/11"}],"replies":[{"embeddable":true,"href":"https:\/\/cndl.org.br\/varejosa\/wp-json\/wp\/v2\/comments?post=13666"}],"version-history":[{"count":0,"href":"https:\/\/cndl.org.br\/varejosa\/wp-json\/wp\/v2\/posts\/13666\/revisions"}],"wp:featuredmedia":[{"embeddable":true,"href":"https:\/\/cndl.org.br\/varejosa\/wp-json\/wp\/v2\/media\/13667"}],"wp:attachment":[{"href":"https:\/\/cndl.org.br\/varejosa\/wp-json\/wp\/v2\/media?parent=13666"}],"wp:term":[{"taxonomy":"category","embeddable":true,"href":"https:\/\/cndl.org.br\/varejosa\/wp-json\/wp\/v2\/categories?post=13666"},{"taxonomy":"post_tag","embeddable":true,"href":"https:\/\/cndl.org.br\/varejosa\/wp-json\/wp\/v2\/tags?post=13666"}],"curies":[{"name":"wp","href":"https:\/\/api.w.org\/{rel}","templated":true}]}}