{"id":13709,"date":"2021-09-16T11:10:15","date_gmt":"2021-09-16T14:10:15","guid":{"rendered":"https:\/\/cndl.org.br\/varejosasa\/?p=13709"},"modified":"2024-01-18T15:00:27","modified_gmt":"2024-01-18T18:00:27","slug":"governo-encaminha-ao-congresso-plano-de-reducao-de-beneficios-fiscais","status":"publish","type":"post","link":"https:\/\/cndl.org.br\/varejosa\/governo-encaminha-ao-congresso-plano-de-reducao-de-beneficios-fiscais\/","title":{"rendered":"Governo encaminha ao Congresso plano de redu\u00e7\u00e3o de benef\u00edcios fiscais"},"content":{"rendered":"\n<p class=\"has-text-align-center\"><em>Medida \u00e9 fruto do compromisso firmado entre Legislativo e Executivo<\/em><\/p>\n\n\n\n<p>O governo encaminhou ao Congresso um projeto de lei que reduz incentivos e benef\u00edcios tribut\u00e1rios de setores da economia. A Secretaria-Geral da Presid\u00eancia informou hoje (16) que a medida \u00e9 fruto do compromisso firmado entre o Legislativo e o Executivo para possibilitar o pagamento do aux\u00edlio emergencial em 2021, benef\u00edcio que atende a popula\u00e7\u00e3o mais vulner\u00e1vel durante a pandemia de covid-19.<\/p>\n\n\n\n<p>A Emenda Constitucional n\u00ba 109\/2021, que permitiu o aux\u00edlio este ano, concedeu seis meses para o governo propor uma redu\u00e7\u00e3o de benef\u00edcios tribut\u00e1rios, al\u00e9m de outras medidas fiscais para abertura de espa\u00e7o no or\u00e7amento.<\/p>\n\n\n\n<p>De acordo com a Presid\u00eancia, o Plano de Redu\u00e7\u00e3o Gradual de Incentivos e Benef\u00edcios Fiscais visa a adequa\u00e7\u00e3o dos benef\u00edcios tribut\u00e1rios ao Produto Interno Bruto (PIB, soma dos bens e servi\u00e7os produzidos no pa\u00eds). O objetivo \u00e9 que, ao final de oito anos, os incentivos sejam mantidos em patamar igual ou inferior a 2% do PIB.<\/p>\n\n\n\n<p>A Secretaria-Geral explica ainda que o plano foi elaborado pela Receita Federal e prev\u00ea um corte de mais de R$ 22 bilh\u00f5es em gastos tribut\u00e1rios, sendo R$ 15 bilh\u00f5es cortados j\u00e1 no primeiro ano. As demais redu\u00e7\u00f5es ser\u00e3o feitas gradualmente, por meio da n\u00e3o prorroga\u00e7\u00e3o de outros benef\u00edcios fiscais que j\u00e1 tinham data certa para serem encerrados e que n\u00e3o mais ser\u00e3o renovados.<\/p>\n\n\n\n<p>\u201cImportante ressaltar que o Plano de Redu\u00e7\u00e3o Gradual torna o sistema tribut\u00e1rio mais justo e simples ao eliminar distor\u00e7\u00f5es, reduzir benef\u00edcios que n\u00e3o atingem finalidades relevantes para a sociedade e encerrar regimes tribut\u00e1rios considerados obsoletos\u201d, diz a nota.<\/p>\n\n\n\n<p>Os regimes tribut\u00e1rios especiais estabelecem uma forma diferenciada de tributa\u00e7\u00e3o a determinados setores ou atividades empresariais. Os incentivos fiscais podem ser concedidos como descontos, isen\u00e7\u00e3o, compensa\u00e7\u00e3o e outros modelos que diminuem a carga tribut\u00e1ria com o intuito de incentivar o investimento e o crescimento em determinados setores.<\/p>\n\n\n\n<p>A pasta n\u00e3o especificou quais benef\u00edcios ser\u00e3o cortados ou n\u00e3o renovados, mas afirmou que a medida n\u00e3o trar\u00e1 nenhuma altera\u00e7\u00e3o para os incentivos fiscais relativos \u00e0 cesta b\u00e1sica, ao Simples Nacional (micro e pequenas empresas), \u00e0 Zona Franca de Manaus, \u00e0s bolsas de estudantes e outros mencionados na Emenda Constitucional n\u00ba 109\/2021. O plano tamb\u00e9m n\u00e3o interfere nas imunidades tribut\u00e1rias previstas na Constitui\u00e7\u00e3o.<\/p>\n\n\n\n<p>A expectativa do governo \u00e9 que o projeto seja aprovado ainda esse ano e iniciado em 2022.<\/p>\n","protected":false},"excerpt":{"rendered":"<p>Medida \u00e9 fruto do compromisso firmado entre Legislativo e Executivo<\/p>\n","protected":false},"author":9,"featured_media":13710,"comment_status":"open","ping_status":"open","sticky":false,"template":"","format":"standard","meta":{"footnotes":""},"categories":[26],"tags":[634,635],"class_list":["post-13709","post","type-post","status-publish","format-standard","has-post-thumbnail","hentry","category-negocios-e-economia","tag-beneficio-fiscal","tag-incentivos-fiscais"],"_links":{"self":[{"href":"https:\/\/cndl.org.br\/varejosa\/wp-json\/wp\/v2\/posts\/13709","targetHints":{"allow":["GET"]}}],"collection":[{"href":"https:\/\/cndl.org.br\/varejosa\/wp-json\/wp\/v2\/posts"}],"about":[{"href":"https:\/\/cndl.org.br\/varejosa\/wp-json\/wp\/v2\/types\/post"}],"author":[{"embeddable":true,"href":"https:\/\/cndl.org.br\/varejosa\/wp-json\/wp\/v2\/users\/9"}],"replies":[{"embeddable":true,"href":"https:\/\/cndl.org.br\/varejosa\/wp-json\/wp\/v2\/comments?post=13709"}],"version-history":[{"count":0,"href":"https:\/\/cndl.org.br\/varejosa\/wp-json\/wp\/v2\/posts\/13709\/revisions"}],"wp:featuredmedia":[{"embeddable":true,"href":"https:\/\/cndl.org.br\/varejosa\/wp-json\/wp\/v2\/media\/13710"}],"wp:attachment":[{"href":"https:\/\/cndl.org.br\/varejosa\/wp-json\/wp\/v2\/media?parent=13709"}],"wp:term":[{"taxonomy":"category","embeddable":true,"href":"https:\/\/cndl.org.br\/varejosa\/wp-json\/wp\/v2\/categories?post=13709"},{"taxonomy":"post_tag","embeddable":true,"href":"https:\/\/cndl.org.br\/varejosa\/wp-json\/wp\/v2\/tags?post=13709"}],"curies":[{"name":"wp","href":"https:\/\/api.w.org\/{rel}","templated":true}]}}