{"id":13716,"date":"2021-09-17T09:16:37","date_gmt":"2021-09-17T12:16:37","guid":{"rendered":"https:\/\/cndl.org.br\/varejosa\/?p=13716"},"modified":"2026-01-29T10:39:01","modified_gmt":"2026-01-29T13:39:01","slug":"decreto-aumenta-aliquotas-do-iof-para-custear-novo-bolsa-familia","status":"publish","type":"post","link":"https:\/\/cndl.org.br\/varejosa\/decreto-aumenta-aliquotas-do-iof-para-custear-novo-bolsa-familia\/","title":{"rendered":"Decreto aumenta al\u00edquotas do IOF para custear novo Bolsa Fam\u00edlia"},"content":{"rendered":"\n<p class=\"has-text-align-center\"><em>Regra vale at\u00e9 fim do ano e deve gerar R$ 2,14 bilh\u00f5es em arrecada\u00e7\u00e3o<\/em><\/p>\n\n\n\n<p>O presidente Jair Bolsonaro editou nesta quinta-feira (16) um <a href=\"https:\/\/www.in.gov.br\/en\/web\/dou\/-\/decreto-n-10.797-de-16-de-setembro-de-2021-345435328\" target=\"_blank\" rel=\"noreferrer noopener\">decreto para aumentar as al\u00edquotas do Imposto sobre Opera\u00e7\u00f5es Financeiras (IOF) nas transa\u00e7\u00f5es de cr\u00e9dito de pessoas jur\u00eddicas e f\u00edsicas<\/a>. De acordo com o Minist\u00e9rio da Economia, o decreto eleva a al\u00edquota do IOF nas opera\u00e7\u00f5es de cr\u00e9dito efetuadas por pessoas jur\u00eddicas da atual al\u00edquota anual de 1,50% para 2,04%, e para pessoas f\u00edsicas dos atuais 3,0% anuais para 4,08%. As novas al\u00edquotas come\u00e7am a valer a partir do dia 20 de setembro e t\u00eam validade at\u00e9 31 de dezembro de 2021 deste ano.<\/p>\n\n\n\n<p>O objetivo da medida \u00e9 gerar uma arrecada\u00e7\u00e3o extra para custear o Aux\u00edlio Brasil, novo programa social de transfer\u00eancia de renda que substituir\u00e1 o Bolsa Fam\u00edlia. O valor do novo benef\u00edcio, ainda n\u00e3o anunciado, deve ficar na faixa de R$ 300, segundo informou ontem (15) o ministro da Economia, Paulo Guedes.<\/p>\n\n\n\n<p>&#8220;A medida ir\u00e1 beneficiar diretamente cerca de 17 milh\u00f5es de fam\u00edlias e \u00e9 destinada a mitigar parte dos efeitos econ\u00f4micos danosos causados pela pandemia&#8221;, informou a Secretaria-Geral da Presid\u00eancia da Rep\u00fablica.<\/p>\n\n\n\n<p>O aumento no IOF deve gerar uma arrecada\u00e7\u00e3o de R$ 2,14 bilh\u00f5es, estima o governo federal. O decreto com as novas regras ainda ser\u00e1 publicado no Di\u00e1rio Oficial da Uni\u00e3o. Por ser um ato de compet\u00eancia exclusiva do presidente, o decreto tem validade imediata e n\u00e3o precisa da aprova\u00e7\u00e3o do Congresso Nacional.<\/p>\n\n\n\n<p>O IOF \u00e9 um imposto federal pago por pessoas f\u00edsicas e jur\u00eddicas em qualquer opera\u00e7\u00e3o financeira, como opera\u00e7\u00f5es de cr\u00e9dito, c\u00e2mbio, seguro ou opera\u00e7\u00f5es de t\u00edtulos e valores mobili\u00e1rios.<\/p>\n\n\n\n<p>O governo informou que a altera\u00e7\u00e3o do IOF permitir\u00e1 o aumento da cota de importa\u00e7\u00e3o de bens destinados \u00e0 ci\u00eancia e tecnologia, com efeito em projetos de pesquisa, desenvolvimento e produ\u00e7\u00e3o de vacinas contra o novo coronav\u00edrus em andamento na Funda\u00e7\u00e3o Oswaldo Cruz (Fiocruz) e no Instituto Butantan.<\/p>\n\n\n\n<p>A medida tamb\u00e9m permitir\u00e1, segundo o governo, a redu\u00e7\u00e3o a zero da al\u00edquota da Contribui\u00e7\u00e3o Social do PIS\/Cofins incidente na importa\u00e7\u00e3o do milho. O objetivo, neste caso, \u00e9 reduzir os custos da alimenta\u00e7\u00e3o.<\/p>\n","protected":false},"excerpt":{"rendered":"<p>O presidente Jair Bolsonaro editou nesta quinta-feira (16) um decreto para aumentar as al\u00edquotas do Imposto sobre Opera\u00e7\u00f5es Financeiras (IOF) nas transa\u00e7\u00f5es de cr\u00e9dito de pessoas jur\u00eddicas e f\u00edsicas.<\/p>\n","protected":false},"author":9,"featured_media":13717,"comment_status":"open","ping_status":"open","sticky":false,"template":"","format":"standard","meta":{"footnotes":""},"categories":[5891],"tags":[659,660,636,4293],"class_list":["post-13716","post","type-post","status-publish","format-standard","has-post-thumbnail","hentry","category-empreendedorismo","tag-auxilio-brasil","tag-bolsa-familia","tag-iof","tag-transacoes-de-credito"],"_links":{"self":[{"href":"https:\/\/cndl.org.br\/varejosa\/wp-json\/wp\/v2\/posts\/13716","targetHints":{"allow":["GET"]}}],"collection":[{"href":"https:\/\/cndl.org.br\/varejosa\/wp-json\/wp\/v2\/posts"}],"about":[{"href":"https:\/\/cndl.org.br\/varejosa\/wp-json\/wp\/v2\/types\/post"}],"author":[{"embeddable":true,"href":"https:\/\/cndl.org.br\/varejosa\/wp-json\/wp\/v2\/users\/9"}],"replies":[{"embeddable":true,"href":"https:\/\/cndl.org.br\/varejosa\/wp-json\/wp\/v2\/comments?post=13716"}],"version-history":[{"count":0,"href":"https:\/\/cndl.org.br\/varejosa\/wp-json\/wp\/v2\/posts\/13716\/revisions"}],"wp:featuredmedia":[{"embeddable":true,"href":"https:\/\/cndl.org.br\/varejosa\/wp-json\/wp\/v2\/media\/13717"}],"wp:attachment":[{"href":"https:\/\/cndl.org.br\/varejosa\/wp-json\/wp\/v2\/media?parent=13716"}],"wp:term":[{"taxonomy":"category","embeddable":true,"href":"https:\/\/cndl.org.br\/varejosa\/wp-json\/wp\/v2\/categories?post=13716"},{"taxonomy":"post_tag","embeddable":true,"href":"https:\/\/cndl.org.br\/varejosa\/wp-json\/wp\/v2\/tags?post=13716"}],"curies":[{"name":"wp","href":"https:\/\/api.w.org\/{rel}","templated":true}]}}