{"id":14141,"date":"2021-10-29T09:10:30","date_gmt":"2021-10-29T12:10:30","guid":{"rendered":"https:\/\/cndl.org.br\/varejosa\/?p=14141"},"modified":"2026-01-29T10:38:20","modified_gmt":"2026-01-29T13:38:20","slug":"especialistas-recomendam-o-uso-de-mascaras-mesmo-com-o-avanco-da-vacinacao","status":"publish","type":"post","link":"https:\/\/cndl.org.br\/varejosa\/especialistas-recomendam-o-uso-de-mascaras-mesmo-com-o-avanco-da-vacinacao\/","title":{"rendered":"Especialistas recomendam o uso de m\u00e1scaras mesmo com o avan\u00e7o da vacina\u00e7\u00e3o"},"content":{"rendered":"\n<p class=\"has-text-align-center\"><em>Em debate na C\u00e2mara, gestores p\u00fablicos ressaltaram que a imuniza\u00e7\u00e3o n\u00e3o consegue controlar sozinha a transmiss\u00e3o do v\u00edrus\u00a0<\/em><\/p>\n\n\n\n<p>Especialistas ouvidos nesta quinta-feira (28) pela comiss\u00e3o externa da C\u00e2mara dos Deputados que acompanha as a\u00e7\u00f5es de enfrentamento \u00e0 Covid-19 defenderam a continuidade do uso de m\u00e1scaras mesmo com o avan\u00e7o da vacina\u00e7\u00e3o. O debate abordou a flexibiliza\u00e7\u00e3o da utiliza\u00e7\u00e3o da prote\u00e7\u00e3o facial em locais abertos e a ado\u00e7\u00e3o do passaporte sanit\u00e1rio em alguns cidades brasileiras.<\/p>\n\n\n\n<p>A secret\u00e1ria extraordin\u00e1ria de enfrentamento \u00e0 Covid-19 do Minist\u00e9rio da Sa\u00fade, Rosana Leite, lembrou que, apesar do recuo no n\u00famero de casos com o aumento de doses aplicadas, s\u00f3 a imuniza\u00e7\u00e3o n\u00e3o consegue realizar o controle da transmiss\u00e3o do v\u00edrus, e o uso de m\u00e1scara e o distanciamento precisam continuar existindo.<\/p>\n\n\n\n<p>\u201cPorque mais que tenhamos evolu\u00eddo, que tenhamos seguran\u00e7a e que saibamos que a imuniza\u00e7\u00e3o vai ajudar a solucionar a pandemia, temos ainda de adotar outras medidas concomitantes\u201d, apontou.<\/p>\n\n\n\n<p>Diretor da Ag\u00eancia Nacional de Vigil\u00e2ncia Sanit\u00e1ria (Anvisa), Alex Machado alertou que n\u00e3o se pode confundir a necessidade de retomada de atividades coletivas com o fim da pandemia, sob o risco de que decis\u00f5es erradas possam trazer consequ\u00eancias nocivas no futuro.<\/p>\n\n\n\n<p><strong>Particularidades<\/strong><br>O assessor t\u00e9cnico do Conselho Nacional dos Secret\u00e1rios de Sa\u00fade (Conass), Leonardo Vilela, afirmou que qualquer medida que for adotada para controle da Covid-19 n\u00e3o pode ser realizada nacionalmente porque as realidades em cada estado s\u00e3o diferentes. \u201cDefendemos a autonomia dos gestores estaduais e municipais, claro com crit\u00e9rios baseados na ci\u00eancia\u201d, comentou.<\/p>\n\n\n\n<p>Ele ressaltou que a flexibiliza\u00e7\u00e3o do uso de m\u00e1scaras deve ser feita com muita cautela. \u201cNos Estados Unidos, de repente liberaram geral o uso da m\u00e1scara para aqueles vacinados com segunda dose, e n\u00f3s vimos um recrudescimento dos casos, das interna\u00e7\u00f5es e dos \u00f3bitos. Isso obrigou as autoridades a recuarem, desobrigando a prote\u00e7\u00e3o facial apenas em ambientes abertos e sem aglomera\u00e7\u00e3o\u201d, exemplificou.<\/p>\n\n\n\n<p><strong>Passaporte sanit\u00e1rio<\/strong><br>O assessor t\u00e9cnico do Conselho Nacional de Secretarias Municipais de Sa\u00fade (Conasems), Alessandro Aldrin, disse que o certificado de vacina\u00e7\u00e3o \u00e9 fundamental para a retomada dos eventos coletivos.<\/p>\n\n\n\n<p>\u201cO passaporte ou comprovante vem em boa hora para esses eventos, sim. A economia tem de voltar a girar, mas de forma segura\u201d, destacou. \u201cEstamos em democracia, ent\u00e3o por que algu\u00e9m que n\u00e3o quer se vacinar pode colocar minha sa\u00fade em risco? De forma alguma! Ele tem a prerrogativa dele, mas n\u00e3o pode colocar em risco o coletivo, ele n\u00e3o pode entrar em um est\u00e1dio ou show com 30 mil pessoas\u201d, acrescentou.<\/p>\n\n\n\n<p>Para ele, ainda n\u00e3o \u00e9 o momento de deixar de lado o uso de m\u00e1scaras, uma vez que o n\u00famero de mortes por Covid-19 no Brasil ainda est\u00e1 em torno de 400 pessoas por dia.<\/p>\n\n\n\n<p><strong>Seguran\u00e7a<\/strong><br>A deputada Carmen Zanotto (Cidadania-SC), que prop\u00f4s o debate, concordou com a exig\u00eancia do comprovante de vacina\u00e7\u00e3o para que os cidad\u00e3os possam voltar a participar de eventos coletivos e refor\u00e7ou que as demais medidas n\u00e3o devem ser abandonadas.<\/p>\n\n\n\n<p>\u201cO que mais importa \u00e9 a gente dar seguran\u00e7a a esses locais, garantindo que todo o p\u00fablico presente esteja imunizado e, com isso, reduzirmos cada vez mais o n\u00fameros de \u00f3bitos e interna\u00e7\u00f5es hospitalares\u201d, comentou Zanotto, relatora da comiss\u00e3o externa.<\/p>\n\n\n\n<p><strong>Comunica\u00e7\u00e3o<\/strong>\u00a0<br>O representante do N\u00facleo de Pesquisas em Direito Sanit\u00e1rio da Universidade de S\u00e3o Paulo, Daniel Dourado, acrescentou que uma das estrat\u00e9gias que devem ser utilizadas no combate \u00e0 pandemia \u00e9 justamente a comunica\u00e7\u00e3o clara com a popula\u00e7\u00e3o para que qualquer medida de relaxamento nas restri\u00e7\u00f5es n\u00e3o resulte em aumento da contamina\u00e7\u00e3o.<\/p>\n","protected":false},"excerpt":{"rendered":"<p>Em debate na C\u00e2mara, gestores p\u00fablicos ressaltaram que a imuniza\u00e7\u00e3o n\u00e3o consegue controlar sozinha a transmiss\u00e3o do v\u00edrus<\/p>\n","protected":false},"author":13,"featured_media":14142,"comment_status":"open","ping_status":"open","sticky":false,"template":"","format":"standard","meta":{"footnotes":""},"categories":[5891],"tags":[247,255,256,4085,321],"class_list":["post-14141","post","type-post","status-publish","format-standard","has-post-thumbnail","hentry","category-empreendedorismo","tag-comercio","tag-coronavirus","tag-covid-19","tag-mascaras","tag-vacinacao"],"_links":{"self":[{"href":"https:\/\/cndl.org.br\/varejosa\/wp-json\/wp\/v2\/posts\/14141","targetHints":{"allow":["GET"]}}],"collection":[{"href":"https:\/\/cndl.org.br\/varejosa\/wp-json\/wp\/v2\/posts"}],"about":[{"href":"https:\/\/cndl.org.br\/varejosa\/wp-json\/wp\/v2\/types\/post"}],"author":[{"embeddable":true,"href":"https:\/\/cndl.org.br\/varejosa\/wp-json\/wp\/v2\/users\/13"}],"replies":[{"embeddable":true,"href":"https:\/\/cndl.org.br\/varejosa\/wp-json\/wp\/v2\/comments?post=14141"}],"version-history":[{"count":0,"href":"https:\/\/cndl.org.br\/varejosa\/wp-json\/wp\/v2\/posts\/14141\/revisions"}],"wp:featuredmedia":[{"embeddable":true,"href":"https:\/\/cndl.org.br\/varejosa\/wp-json\/wp\/v2\/media\/14142"}],"wp:attachment":[{"href":"https:\/\/cndl.org.br\/varejosa\/wp-json\/wp\/v2\/media?parent=14141"}],"wp:term":[{"taxonomy":"category","embeddable":true,"href":"https:\/\/cndl.org.br\/varejosa\/wp-json\/wp\/v2\/categories?post=14141"},{"taxonomy":"post_tag","embeddable":true,"href":"https:\/\/cndl.org.br\/varejosa\/wp-json\/wp\/v2\/tags?post=14141"}],"curies":[{"name":"wp","href":"https:\/\/api.w.org\/{rel}","templated":true}]}}