{"id":14233,"date":"2021-11-08T08:41:03","date_gmt":"2021-11-08T11:41:03","guid":{"rendered":"https:\/\/cndl.org.br\/varejosa\/?p=14233"},"modified":"2026-01-29T10:38:18","modified_gmt":"2026-01-29T13:38:18","slug":"semana-global-de-empreendedorismo-2021-tem-inicio-hoje","status":"publish","type":"post","link":"https:\/\/cndl.org.br\/varejosa\/semana-global-de-empreendedorismo-2021-tem-inicio-hoje\/","title":{"rendered":"Semana Global de Empreendedorismo 2021 tem in\u00edcio hoje"},"content":{"rendered":"\n<p class=\"has-text-align-center\"><em>O evento de lan\u00e7amento da SGE acontece em Bras\u00edlia, na sede nacional do Sebrae, de modo h\u00edbrido<\/em><\/p>\n\n\n\n<p>O Sebrae realiza na pr\u00f3xima segunda-feira (8), em Bras\u00edlia, o lan\u00e7amento da Semana Global de Empreendedorismo 2021. A iniciativa \u00e9 realizada no Brasil e em outros em outros 180 pa\u00edses, h\u00e1 quase 15 anos, com o objetivo de estimular e apoiar a pr\u00e1tica do empreendedorismo por meio de cursos, palestras, oficinas, mentorias e outras atividades. Em 2021 o tema da mobiliza\u00e7\u00e3o \u00e9 \u201cEmpreendedorismo e inclus\u00e3o no p\u00f3s-pandemia\u201d.<\/p>\n\n\n\n<p>Esse ano marca tamb\u00e9m a inclus\u00e3o da Semana Global no calend\u00e1rio de eventos oficiais do pa\u00eds, gra\u00e7as \u00e0 Lei do senador Agripino Maia sancionada no \u00faltimo m\u00eas de abril.<\/p>\n\n\n\n<p>O evento de abertura da Semana ser\u00e1 feito de modo h\u00edbrido, com transmiss\u00e3o a partir da sede nacional do Sebrae e vai contar com apresenta\u00e7\u00f5es de: Aguinaldo Maciente, Especialista em Pol\u00edticas de Emprego e Mercado de Trabalho da OIT; Juan Carlos Elorza, Director de An\u00e1lisis y Evaluaci\u00f3n T\u00e9cnica de Sector Privado de CAF; Claudia Costin, Diretora do Centro de Excel\u00eancia e Inova\u00e7\u00e3o em Pol\u00edticas Educacionais da FGV; Ana Fontes, Fundadora da Rede Mulher Empreendedora e Carolina Ignarra, CEO e Fundadora da Talento Incluir e da UinHub.<\/p>\n\n\n\n<p><strong><em>Servi\u00e7o<\/em><\/strong><br><strong>Lan\u00e7amento da Semana Global de Empreendedorismo<\/strong><br><strong>Quando: <\/strong>Hoje, 8\/11\/21, \u00e0s 15 horas<br><strong>Onde: <\/strong>Sede Nacional do Sebrae, em Bras\u00edlia<br><strong>Transmiss\u00e3o:<\/strong> <\/p>\n","protected":false},"excerpt":{"rendered":"<p>O evento de lan\u00e7amento da SGE acontece em Bras\u00edlia, na sede nacional do Sebrae, de modo h\u00edbrido<\/p>\n","protected":false},"author":11,"featured_media":14234,"comment_status":"open","ping_status":"open","sticky":false,"template":"","format":"standard","meta":{"footnotes":""},"categories":[5891],"tags":[4453,289,4454],"class_list":["post-14233","post","type-post","status-publish","format-standard","has-post-thumbnail","hentry","category-empreendedorismo","tag-evento","tag-sebrae","tag-semana-global-de-empreendedorismo"],"_links":{"self":[{"href":"https:\/\/cndl.org.br\/varejosa\/wp-json\/wp\/v2\/posts\/14233","targetHints":{"allow":["GET"]}}],"collection":[{"href":"https:\/\/cndl.org.br\/varejosa\/wp-json\/wp\/v2\/posts"}],"about":[{"href":"https:\/\/cndl.org.br\/varejosa\/wp-json\/wp\/v2\/types\/post"}],"author":[{"embeddable":true,"href":"https:\/\/cndl.org.br\/varejosa\/wp-json\/wp\/v2\/users\/11"}],"replies":[{"embeddable":true,"href":"https:\/\/cndl.org.br\/varejosa\/wp-json\/wp\/v2\/comments?post=14233"}],"version-history":[{"count":0,"href":"https:\/\/cndl.org.br\/varejosa\/wp-json\/wp\/v2\/posts\/14233\/revisions"}],"wp:featuredmedia":[{"embeddable":true,"href":"https:\/\/cndl.org.br\/varejosa\/wp-json\/wp\/v2\/media\/14234"}],"wp:attachment":[{"href":"https:\/\/cndl.org.br\/varejosa\/wp-json\/wp\/v2\/media?parent=14233"}],"wp:term":[{"taxonomy":"category","embeddable":true,"href":"https:\/\/cndl.org.br\/varejosa\/wp-json\/wp\/v2\/categories?post=14233"},{"taxonomy":"post_tag","embeddable":true,"href":"https:\/\/cndl.org.br\/varejosa\/wp-json\/wp\/v2\/tags?post=14233"}],"curies":[{"name":"wp","href":"https:\/\/api.w.org\/{rel}","templated":true}]}}