{"id":14297,"date":"2021-11-16T09:41:25","date_gmt":"2021-11-16T12:41:25","guid":{"rendered":"https:\/\/cndl.org.br\/varejosa\/?p=14297"},"modified":"2024-02-04T15:15:01","modified_gmt":"2024-02-04T18:15:01","slug":"metaverso-nova-tecnologia-lancada-pelo-facebook","status":"publish","type":"post","link":"https:\/\/cndl.org.br\/varejosa\/metaverso-nova-tecnologia-lancada-pelo-facebook\/","title":{"rendered":"Metaverso: nova tecnologia lan\u00e7ada pelo Facebook"},"content":{"rendered":"\n<p>O Facebook deixou de ser uma rede social apenas. A empresa mudou de nome e passou a se chamar Meta. Essa altera\u00e7\u00e3o marcou a uni\u00e3o de diferentes aplicativos do grupo (como Instagram e WhatsApp) em sua marca e indicou a valoriza\u00e7\u00e3o de sua nova aposta tecnol\u00f3gica e de neg\u00f3cios: o chamado \u201cmetaverso\u201d.<\/p>\n\n\n\n<p>O Facebook definiu o metaverso como \u201ccombina\u00e7\u00e3o h\u00edbrida das experi\u00eancias sociais online atuais, \u00e0s vezes expandido em tr\u00eas dimens\u00f5es ou se projetando no mundo f\u00edsico\u201d. A empresa argumenta que ser\u00e1 poss\u00edvel compartilhar \u201cexperi\u00eancias imersivas\u201d com pessoas mesmo sem estar presente.<\/p>\n\n\n\n<p>Em carta divulgada h\u00e1 alguns dias, o fundador e diretor da empresa, Mark Zuckerberg, declarou que essa experi\u00eancia imersiva consistir\u00e1 em uma viv\u00eancia em que a pessoa \u201cest\u00e1\u201d nessa atividade ou conte\u00fado interativo, e n\u00e3o apenas olhando para ele.<\/p>\n\n\n\n<p>O uso de realidade virtual e aumentada permitir\u00e1, nas palavras de Zuckerberg, que as pessoas \u201cestejam\u201d onde quiser, do trabalho a uma reuni\u00e3o de amigos, sem obst\u00e1culos como o tempo de deslocamento e seus problemas, o tr\u00e1fego por exemplo.<\/p>\n\n\n\n<p>\u201cVoc\u00ea vai se mover por meio dessas experi\u00eancias em diferentes dispositivos \u2013 \u00f3culos de realidade aumentada para ficar presente no mundo f\u00edsico, realidade virtual para ficar totalmente imerso e fones e computadores para pular entre plataformas existentes\u201d, acrescentou o fundador da empresa.<\/p>\n\n\n\n<p>\u00c0 Ag\u00eancia Brasil, o Facebook afirmou que o metaverso anunciado ainda est\u00e1 sendo desenvolvido e n\u00e3o informou quando os recursos e produtos desse novo ambiente estar\u00e3o dispon\u00edveis no pa\u00eds.<\/p>\n\n\n\n<p>\u201cO metaverso ainda est\u00e1 um pouco distante, mas algumas partes dele j\u00e1 est\u00e3o ganhando vida, e muito mais ainda est\u00e1 por vir. Estamos desenvolvendo para aprimorar a realidade virtual e a realidade aumentada que conhecemos at\u00e9 agora\u201d, disse a empresa, em nota.<\/p>\n\n\n\n<p>O metaverso vai combinar funcionalidades e neg\u00f3cios que o Facebook j\u00e1 oferecia, mas de forma separada. A empresa surgiu como uma rede social e ganhou o mundo, chegando a 2,9 bilh\u00f5es de usu\u00e1rios ativos mensais em novembro deste ano, segundo a consultoria Statista.<\/p>\n\n\n\n<p>O Facebook ampliou seu dom\u00ednio nas redes sociais com a compra do Instagram em 2012 e do Whatsapp em 2014. Neste mesmo ano, adquiriu a empresa de realidade virtual Oculus, e passou a ofertar equipamentos e programas relacionados a esse tipo de tecnologia.<\/p>\n\n\n\n<p>Mas a realidade virtual ainda demanda conex\u00f5es robustas para viabilizar o carregamento dos dados de v\u00eddeo e as respostas imediatas aos movimentos realizado pelo indiv\u00edduo nos espa\u00e7os imersivos. Esse ambiente tem mudado com a amplia\u00e7\u00e3o da capacidade de conex\u00e3o da banda larga f\u00edsica e agora com a chegada do 5G. No Brasil, o leil\u00e3o foi realizado neste m\u00eas, e a tecnologia come\u00e7ar a ser implantada no ano que vem pelos grandes centros.<\/p>\n\n\n\n<p>Agora, o metaverso nasce com a promessa de se tornar uma \u201csuper rede social\u201d em que a intera\u00e7\u00e3o n\u00e3o ocorre apenas pelo teclado do computador ou smartphone, mas por meio de avatares dos indiv\u00edduos, que poder\u00e3o atuar conjuntamente tanto em locais virtuais quanto acrescentando elementos virtuais a locais f\u00edsicos.<\/p>\n\n\n\n<p>Em entrevista, a ex-funcion\u00e1ria do Facebook que denunciou problemas na empresa em audi\u00eancias no Congresso dos Estados Unidos, Frances Haugen, falou de riscos no metaverso.<\/p>\n\n\n\n<p>Segundo ela, esse novo sistema ter\u00e1 capacidade ainda maior de coleta e explora\u00e7\u00e3o dos dados pessoais para viabilizar as experi\u00eancias imersivas e poder\u00e1 ter car\u00e1ter viciante. O Facebook anunciou que deixaria de utilizar a tecnologia de reconhecimento facial, altamente criticada por entidades de defesa da privacidade, mas voltou atr\u00e1s e informou que seguiria adotando esse recurso no metaverso.<\/p>\n\n\n\n<p>Para Andr\u00e9 Lucas Fernandes, diretor do Instituto de Pesquisa em Direito e Tecnologia do Recife (IP.rec), o metaverso cria um simulacro que levar\u00e1 atividades sociais e econ\u00f4micas para um cen\u00e1rio mais abstrato, impondo desafios \u00e0s democracias e do ponto de vista jur\u00eddico.<\/p>\n\n\n\n<p>Ele indica riscos de amplia\u00e7\u00e3o das desigualdades no ambiente da internet. \u201cSe pensarmos em termos de infraestrutura e acesso \u00e0 internet, h\u00e1 uma quest\u00e3o de abismo digital urgente, e o metaverso pode ser fator catalisador de exclus\u00e3o das pessoas que n\u00e3o est\u00e3o conectadas, j\u00e1 que demandar\u00e1 equipamentos sofisticados e mais caros\u201d.<\/p>\n","protected":false},"excerpt":{"rendered":"<p>Facebook afirma que ser\u00e1 poss\u00edvel compartilhar \u201cexperi\u00eancias imersivas\u201d com pessoas mesmo sem estar presente<\/p>\n","protected":false},"author":9,"featured_media":14298,"comment_status":"open","ping_status":"open","sticky":false,"template":"","format":"standard","meta":{"footnotes":""},"categories":[51],"tags":[1661,1532,813,362],"class_list":["post-14297","post","type-post","status-publish","format-standard","has-post-thumbnail","hentry","category-inovacao","tag-facebook","tag-instagram","tag-metaverso","tag-whatsapp"],"_links":{"self":[{"href":"https:\/\/cndl.org.br\/varejosa\/wp-json\/wp\/v2\/posts\/14297","targetHints":{"allow":["GET"]}}],"collection":[{"href":"https:\/\/cndl.org.br\/varejosa\/wp-json\/wp\/v2\/posts"}],"about":[{"href":"https:\/\/cndl.org.br\/varejosa\/wp-json\/wp\/v2\/types\/post"}],"author":[{"embeddable":true,"href":"https:\/\/cndl.org.br\/varejosa\/wp-json\/wp\/v2\/users\/9"}],"replies":[{"embeddable":true,"href":"https:\/\/cndl.org.br\/varejosa\/wp-json\/wp\/v2\/comments?post=14297"}],"version-history":[{"count":0,"href":"https:\/\/cndl.org.br\/varejosa\/wp-json\/wp\/v2\/posts\/14297\/revisions"}],"wp:featuredmedia":[{"embeddable":true,"href":"https:\/\/cndl.org.br\/varejosa\/wp-json\/wp\/v2\/media\/14298"}],"wp:attachment":[{"href":"https:\/\/cndl.org.br\/varejosa\/wp-json\/wp\/v2\/media?parent=14297"}],"wp:term":[{"taxonomy":"category","embeddable":true,"href":"https:\/\/cndl.org.br\/varejosa\/wp-json\/wp\/v2\/categories?post=14297"},{"taxonomy":"post_tag","embeddable":true,"href":"https:\/\/cndl.org.br\/varejosa\/wp-json\/wp\/v2\/tags?post=14297"}],"curies":[{"name":"wp","href":"https:\/\/api.w.org\/{rel}","templated":true}]}}