{"id":14308,"date":"2021-11-17T13:47:50","date_gmt":"2021-11-17T16:47:50","guid":{"rendered":"https:\/\/cndl.org.br\/varejosasa\/?p=14308"},"modified":"2024-02-04T13:25:39","modified_gmt":"2024-02-04T16:25:39","slug":"consumo-nos-lares-brasileiros-se-mantem-positivo-no-acumulado-de-2021","status":"publish","type":"post","link":"https:\/\/cndl.org.br\/varejosa\/consumo-nos-lares-brasileiros-se-mantem-positivo-no-acumulado-de-2021\/","title":{"rendered":"Consumo nos lares brasileiros se mant\u00e9m positivo no acumulado de 2021"},"content":{"rendered":"\n<p>O Consumo das Fam\u00edlias Brasileiras se manteve positivo em 3,13% no acumulado do ano segundo levantamento da Associa\u00e7\u00e3o Brasileira de Supermercados (ABRAS). O an\u00fancio, feito na manh\u00e3 desta sexta-feira (12) apontou, por\u00e9m, queda de 0,49% em setembro na compara\u00e7\u00e3o com agosto. Na rela\u00e7\u00e3o com setembro de 2020, tamb\u00e9m houve recuo de 1,13%.<\/p>\n\n\n\n<p>De acordo com a associa\u00e7\u00e3o, o resultado de setembro reflete a infla\u00e7\u00e3o, que acumula em 12 meses alta de 10,25%, a taxa do c\u00e2mbio que encarece insumos para produ\u00e7\u00e3o e para cria\u00e7\u00e3o de animais, al\u00e9m de fatores clim\u00e1ticos sazonais.<\/p>\n\n\n\n<p>Para a ABRAS, as medidas socioecon\u00f4micas por meio de programas sociais de transfer\u00eancia de renda e de manuten\u00e7\u00e3o do emprego adotadas pelo governo federal favoreceram o resultado positivo at\u00e9 setembro.<\/p>\n\n\n\n<p>Apesar do registro de baixa no consumo de agosto para setembro, o setor se mant\u00e9m otimista. \u201cA aproxima\u00e7\u00e3o do fim do ano traz possibilidades vantajosas para os consumidores, em fun\u00e7\u00e3o de importantes temporadas de vendas, como a Black Friday e o Natal\u201d, disse Marcio Milan, vice-presidente da ABRAS, que ressaltou ainda o compromisso do setor supermercadista em negociar com fornecedores melhores condi\u00e7\u00f5es para o consumidor. \u2018Essa \u00e9 a hora de pesquisar, ficar atento \u00e0s ofertas, promo\u00e7\u00f5es e programas de fideliza\u00e7\u00e3o que ofere\u00e7am descontos ainda maiores, ou seja, agora \u00e9 a hora de praticar os 2 &#8216;ps&#8217;: pesquisar e pechinchar.\u201d disse Milan.<\/p>\n\n\n\n<p><strong>Cesta Abrasmercado<\/strong><br>Em setembro, a Cesta Abrasmercado registrou alta de 1,37% em rela\u00e7\u00e3o a agosto. No comparativo com setembro do ano passado, o crescimento foi de 18,84%. O conjunto de itens atingiu o valor de R$ 684,99. A cesta \u00e9 composta por 35 produtos de largo consumo nos supermercados e inclui alimentos (inclusive cerveja e refrigerante), higiene &amp; beleza e limpeza dom\u00e9stica.<\/p>\n\n\n\n<p>Caf\u00e9 torrado e mo\u00eddo, a\u00e7\u00facar e o biscoito cream cracker registram as maiores altas no acumulado do ano com aumento de 33,85%, 30,33% e 24,54%, respectivamente. Margarina cremosa (23,45%), ovo (22,53%) e frango congelado (21,26%) tamb\u00e9m figuram na lista dos produtos que mais subiram no ano. As maiores quedas foram registradas nos pre\u00e7os da batata (-28,87%), cebola (-19,67%) e arroz (-14,52%).<\/p>\n\n\n\n<p>Na divis\u00e3o por regi\u00f5es, o Sudeste do pa\u00eds reportou o maior avan\u00e7o na Cesta Abrasmercado na varia\u00e7\u00e3o entre agosto e setembro deste ano com alta de 2,0 um9%. Em seguida, vieram as regi\u00f5es do Centro-Oeste (2,05%), o Norte (1,76%) e o Sul (0,96%). O Nordeste apresentou queda na cesta, com recuo de 0,07%.<\/p>\n\n\n\n<p><em>Fonte: ABRAS<\/em><\/p>\n","protected":false},"excerpt":{"rendered":"<p>ABRAS anuncia alta de 3,13% no ano; consumo recua em setembro<\/p>\n","protected":false},"author":7,"featured_media":14309,"comment_status":"open","ping_status":"open","sticky":false,"template":"","format":"standard","meta":{"footnotes":""},"categories":[26],"tags":[294,510,292,514,341,315,707,400],"class_list":["post-14308","post","type-post","status-publish","format-standard","has-post-thumbnail","hentry","category-negocios-e-economia","tag-abras","tag-abrasmercado","tag-consumo","tag-consumo-das-familias","tag-economia","tag-inflacao","tag-poder-de-compra","tag-supermercado"],"_links":{"self":[{"href":"https:\/\/cndl.org.br\/varejosa\/wp-json\/wp\/v2\/posts\/14308","targetHints":{"allow":["GET"]}}],"collection":[{"href":"https:\/\/cndl.org.br\/varejosa\/wp-json\/wp\/v2\/posts"}],"about":[{"href":"https:\/\/cndl.org.br\/varejosa\/wp-json\/wp\/v2\/types\/post"}],"author":[{"embeddable":true,"href":"https:\/\/cndl.org.br\/varejosa\/wp-json\/wp\/v2\/users\/7"}],"replies":[{"embeddable":true,"href":"https:\/\/cndl.org.br\/varejosa\/wp-json\/wp\/v2\/comments?post=14308"}],"version-history":[{"count":0,"href":"https:\/\/cndl.org.br\/varejosa\/wp-json\/wp\/v2\/posts\/14308\/revisions"}],"wp:featuredmedia":[{"embeddable":true,"href":"https:\/\/cndl.org.br\/varejosa\/wp-json\/wp\/v2\/media\/14309"}],"wp:attachment":[{"href":"https:\/\/cndl.org.br\/varejosa\/wp-json\/wp\/v2\/media?parent=14308"}],"wp:term":[{"taxonomy":"category","embeddable":true,"href":"https:\/\/cndl.org.br\/varejosa\/wp-json\/wp\/v2\/categories?post=14308"},{"taxonomy":"post_tag","embeddable":true,"href":"https:\/\/cndl.org.br\/varejosa\/wp-json\/wp\/v2\/tags?post=14308"}],"curies":[{"name":"wp","href":"https:\/\/api.w.org\/{rel}","templated":true}]}}