{"id":14362,"date":"2021-11-23T10:54:32","date_gmt":"2021-11-23T13:54:32","guid":{"rendered":"https:\/\/cndl.org.br\/varejosasa\/?p=14362"},"modified":"2024-02-04T13:25:39","modified_gmt":"2024-02-04T16:25:39","slug":"vacinacao-colabora-para-consolidacao-do-turismo-cultural","status":"publish","type":"post","link":"https:\/\/cndl.org.br\/varejosa\/vacinacao-colabora-para-consolidacao-do-turismo-cultural\/","title":{"rendered":"Vacina\u00e7\u00e3o colabora para consolida\u00e7\u00e3o do turismo cultural"},"content":{"rendered":"\n<p>O avan\u00e7o da imuniza\u00e7\u00e3o contra a covid-19 contribui para a retomada do turismo e promove a economia criativa, sobretudo em a\u00e7\u00f5es relacionadas ao turismo cultural, tendo em vista a diversidade do pa\u00eds e a riqueza hist\u00f3rica presente em todas as regi\u00f5es.\u00a0Essa avalia\u00e7\u00e3o foi feita nesta segunda-feira (22) por especialistas, durante a 12\u00aa etapa do ciclo de debates sobre o retorno p\u00f3s-pandemia do turismo hist\u00f3rico, civil e cultural, promovidos pela Comiss\u00e3o de Desenvolvimento Regional e Turismo (CDR) do Senado.<\/p>\n\n\n\n<p>Coordenadora-geral de Destinos Inteligentes e Destinos Criativos do Minist\u00e9rio do Turismo (MTur), B\u00e1rbara Rangel disse que, com a pandemia, surgiram tend\u00eancias interessantes que antes n\u00e3o eram vistas no setor, como a maior prioriza\u00e7\u00e3o pelos turistas das quest\u00f5es relativas a biosseguran\u00e7a, higieniza\u00e7\u00e3o e limpeza de ambientes, viagens de carro a destinos pr\u00f3ximos, n\u00f4mades digitais e prioriza\u00e7\u00e3o de destinos isolados e ao ar livre, viagens com fam\u00edlia, passeios virtuais, viagens &#8220;de \u00faltima hora&#8221; e exig\u00eancia de testes de vacina\u00e7\u00e3o, entre outras.<\/p>\n\n\n\n<p>\u2014 Este \u00e9 um cen\u00e1rio muito diferente dos \u00faltimos anos. O programa de retomada do turismo do Minist\u00e9rio do Turismo veio mitigar o efeito da pandemia. Houve tamb\u00e9m novas formas de incentivo para abertura de empresas, lan\u00e7amento do selo de turismo respons\u00e1vel e seguro com mais de 20 mil empreendimentos, incentivo do turismo dom\u00e9stico e de facilidade. O Brasil \u00e9 um pa\u00eds muito rico em cultura. Temos 14 patrim\u00f4nios hist\u00f3ricos mundiais. E h\u00e1 v\u00e1rios tipos de turismo cultural, entre eles o c\u00edvico, o religioso, o m\u00edstico, o esot\u00e9rico, o \u00e9tnico, o cinematogr\u00e1fico, o de games, o gastron\u00f4mico, o enoturismo, o ferrovi\u00e1rio e, por fim, o turismo criativo, feito por pessoas que querem viver experi\u00eancias criativas em diversos campos. O turismo cultural \u00e9 a melhor forma de promover a nossa forma de viver e ter um papel educativo \u2014 afirmou ela.<\/p>\n\n\n\n<p>Entre as a\u00e7\u00f5es principais em favor do turismo cultural implantadas pelo minist\u00e9rio, B\u00e1rbara citou a implanta\u00e7\u00e3o do Caminho dos Jesu\u00edtas; a consolida\u00e7\u00e3o do turismo c\u00edvico em Bras\u00edlia, j\u00e1 considerada a oitava cidade mundial mais \u201cinstagram\u00e1vel\u201d; a cria\u00e7\u00e3o do Programa Nacional de Turismo Gastron\u00f4mico; e a forma\u00e7\u00e3o da rede brasileira das cidades criativas.<\/p>\n\n\n\n<p><strong>Novo olhar \u00a0<\/strong>\u00a0\u00a0<br>Secret\u00e1ria de Turismo do Distrito Federal (Setur\/DF), Vanessa Mendon\u00e7a declarou que o governo local trabalha sob um novo olhar do turismo, como forma de ressignificar a cidade em prol de novas atividades tur\u00edsticas que contemplem todo tipo de viajante. Segundo ela, Bras\u00edlia hoje \u00e9 um polo para o desenvolvimento da economia criativa no Brasil, sobretudo nos setores de cinema, artesanato, design e astronomia, entre outros. Vanessa disse ainda que o governo local est\u00e1 investindo no turismo c\u00edvico e pedag\u00f3gico e no lan\u00e7amento de rotas tur\u00edsticas \u2014 como a rota da cultura, a rota da divers\u00e3o, a rota do cerrado, a rota c\u00edvica, a rota arquitet\u00f4nica, a rota n\u00e1utica, a rota religiosa, a rota do enoturismo, a rota rural, a rota dos ip\u00eas e a rota do cavalo.<\/p>\n\n\n\n<p><strong>S\u00edtios arqueol\u00f3gicos<\/strong><br>Superintendente do Instituto do Patrim\u00f4nio Hist\u00f3rico e Art\u00edstico Nacional (Iphan\/AL), Melissa Mota Alcides ressaltou que existem outras possibilidades de turismo em Alagoas que v\u00e3o al\u00e9m das praias, como o programa relacionado ao complexo arqueol\u00f3gico no semi\u00e1rido na comunidade de Nova Esperan\u00e7a, no munic\u00edpio de Olho D\u2019\u00c1gua do Casado. Ela disse que o programa est\u00e1 aliado \u00e0 preserva\u00e7\u00e3o de s\u00edtios arqueol\u00f3gicos, com o envolvimento da comunidade local na valoriza\u00e7\u00e3o do patrim\u00f4nio cultural. A a\u00e7\u00e3o contribui, segundo Melissa, para a gera\u00e7\u00e3o de emprego e renda em uma localidade com \u00edndices de desenvolvimento muito baixos.<\/p>\n\n\n\n<p>\u2014 Buscamos a\u00e7\u00f5es que visem \u00e0 sustentabilidade de todo esse complexo, uma intera\u00e7\u00e3o com a comunidade para conserva\u00e7\u00e3o dos bens para futuras gera\u00e7\u00f5es. Fizemos a implanta\u00e7\u00e3o de infraestrutura para visita\u00e7\u00e3o dos s\u00edtios arqueol\u00f3gicos, onde dever\u00e3o ser expostos os produtos produzidos pela pr\u00f3pria comunidade, um programa de educa\u00e7\u00e3o patrimonial e um programa de fomento \u00e0 economia criativa.<\/p>\n\n\n\n<p><strong>Fortalecimento dos museus<\/strong><br>Chefe do N\u00facleo de Rela\u00e7\u00f5es Institucionais do Instituto Brasileiro de Museus (Ibram), Carla Janne Farias Cruz declarou que o turismo, enquanto est\u00edmulo \u00e0 economia local, deve ser fomentado, e que as institui\u00e7\u00f5es museais precisam ser fortalecidas, tendo em vista a falta de previsibilidade or\u00e7ament\u00e1ria e o n\u00famero insuficiente de profissionais para atua\u00e7\u00e3o no setor.<\/p>\n\n\n\n<p>Carla destacou que os museus investiram em programas virtuais durante a pandemia e v\u00e1rios reabriram em outubro com a ado\u00e7\u00e3o de protocolos de seguran\u00e7a. Ela informou que o Ibram mant\u00e9m 30 museus sob sua administra\u00e7\u00e3o, majoritariamente na regi\u00e3o Sudeste, que preservam mais de 290 bens culturais, re\u00fanem mais de 1.300 profissionais e receberam 1,5 milh\u00e3o de visitantes em 2019. No geral, o Brasil conta com 3.879 museus cadastrados, que re\u00fanem mais de 70 milh\u00f5es de bens culturais do pa\u00eds.<\/p>\n\n\n\n<p>\u2014 O grande desafio do momento \u00e9 manter os museus abertos, funcionais e vivos, a fim de garantir respeito \u00e0s mem\u00f3rias diversas e \u00e0 diversidade de acesso.<\/p>\n\n\n\n<p>Segundo Carla, o turismo cultural representa quase 40% do turismo mundial. Ela tamb\u00e9m disse que, entre mar\u00e7o e abril de 2020, &#8220;no auge do confinamento mundial&#8221;, 95% dos museus permaneceram fechados, dos quais at\u00e9 13% podem n\u00e3o voltar a reabrir.<\/p>\n\n\n\n<p>\u2014 O fechamento dessas institui\u00e7\u00f5es leva inevitavelmente ao corte de pessoal e \u00e0 perda de emprego. O impacto do ponto de vista econ\u00f4mico \u00e9 preocupante. Os trabalhadores dos setores criativos tamb\u00e9m foram duramente atingidos \u2014 ressaltou ela.<\/p>\n\n\n\n<p><strong>Sustentabilidade<\/strong><br>Diretor art\u00edstico da Festa Liter\u00e1ria Internacional de Paraty (Flip), Mauro Munhoz afirmou que a sustentabilidade do turismo \u00e9 uma quest\u00e3o fundamental para o setor.<\/p>\n\n\n\n<p>\u2014 A grande quest\u00e3o \u00e9 justamente olhar para o turismo de uma forma em que ele n\u00e3o seja predat\u00f3rio. O turista se atrai por destinos que ganham atra\u00e7\u00e3o por determinados valores. E, muitas vezes, se n\u00e3o h\u00e1 uma articula\u00e7\u00e3o de diversas institui\u00e7\u00f5es governamentais e n\u00e3o governamentais com representantes e habitantes locais desses destinos, h\u00e1 uma grande chance de o turismo erodir os valores que s\u00e3o a raz\u00e3o pr\u00f3pria dos atrativos.<\/p>\n\n\n\n<p>Munhoz disse ainda que a Flip inovou no sentido de ser uma manifesta\u00e7\u00e3o cultural em torno da literatura e das artes, e n\u00e3o em torno do mercado do livro e dos produtos culturais, que tamb\u00e9m s\u00e3o atividades importantes.<\/p>\n\n\n\n<p>\u2014 H\u00e1 diferen\u00e7a entre produto cultural e manifesta\u00e7\u00e3o cultural. Para a gente ter produto de valor, precisa cuidar das manifesta\u00e7\u00f5es culturais. O projeto da Flip surgiu nesse ambiente muito singular; essas manifesta\u00e7\u00f5es culturais foram preservadas um pouco ao acaso, pois Paraty passou 150 anos isolada das rotas de acesso. A gente ficou muito feliz de, em sete ou oito anos, conseguir que essa manifesta\u00e7\u00e3o cultural, pois ela \u00e9 mais que um evento, fizesse essa articula\u00e7\u00e3o entre o universo do mundo liter\u00e1rio com essa realidade local.<\/p>\n\n\n\n<p><em>Fonte: Ag\u00eancia Senado<\/em><\/p>\n","protected":false},"excerpt":{"rendered":"<p>O avan\u00e7o da imuniza\u00e7\u00e3o contra a covid-19 contribui para a retomada do turismo e promove a economia criativa, sobretudo em a\u00e7\u00f5es relacionadas ao turismo cultural, tendo em vista a diversidade do pa\u00eds e a riqueza hist\u00f3rica presente em todas as regi\u00f5es.<\/p>\n","protected":false},"author":12,"featured_media":14363,"comment_status":"open","ping_status":"open","sticky":false,"template":"","format":"standard","meta":{"footnotes":""},"categories":[26],"tags":[718,719,323,720,721,258,722,723],"class_list":["post-14362","post","type-post","status-publish","format-standard","has-post-thumbnail","hentry","category-negocios-e-economia","tag-flip","tag-museus","tag-pandemia","tag-retomada-economica","tag-sitios-arqueologicos","tag-turismo","tag-turismo-cultural","tag-turismo-historico"],"_links":{"self":[{"href":"https:\/\/cndl.org.br\/varejosa\/wp-json\/wp\/v2\/posts\/14362","targetHints":{"allow":["GET"]}}],"collection":[{"href":"https:\/\/cndl.org.br\/varejosa\/wp-json\/wp\/v2\/posts"}],"about":[{"href":"https:\/\/cndl.org.br\/varejosa\/wp-json\/wp\/v2\/types\/post"}],"author":[{"embeddable":true,"href":"https:\/\/cndl.org.br\/varejosa\/wp-json\/wp\/v2\/users\/12"}],"replies":[{"embeddable":true,"href":"https:\/\/cndl.org.br\/varejosa\/wp-json\/wp\/v2\/comments?post=14362"}],"version-history":[{"count":0,"href":"https:\/\/cndl.org.br\/varejosa\/wp-json\/wp\/v2\/posts\/14362\/revisions"}],"wp:featuredmedia":[{"embeddable":true,"href":"https:\/\/cndl.org.br\/varejosa\/wp-json\/wp\/v2\/media\/14363"}],"wp:attachment":[{"href":"https:\/\/cndl.org.br\/varejosa\/wp-json\/wp\/v2\/media?parent=14362"}],"wp:term":[{"taxonomy":"category","embeddable":true,"href":"https:\/\/cndl.org.br\/varejosa\/wp-json\/wp\/v2\/categories?post=14362"},{"taxonomy":"post_tag","embeddable":true,"href":"https:\/\/cndl.org.br\/varejosa\/wp-json\/wp\/v2\/tags?post=14362"}],"curies":[{"name":"wp","href":"https:\/\/api.w.org\/{rel}","templated":true}]}}